{"id":91873,"date":"2024-12-21T01:55:57","date_gmt":"2024-12-21T01:55:57","guid":{"rendered":"https:\/\/www.ole.com.ar\/equipos\/independiente\/independiente-fixture-copa-lpf-2025_0_OyWEcjTLfs.html"},"modified":"2024-12-21T01:55:57","modified_gmt":"2024-12-21T01:55:57","slug":"asi-sera-el-fixture-de-independiente-en-la-copa-lpf-2025","status":"publish","type":"post","link":"http:\/\/hoycordobaweb.com\/index.php\/2024\/12\/21\/asi-sera-el-fixture-de-independiente-en-la-copa-lpf-2025\/","title":{"rendered":"As\u00ed ser\u00e1 el fixture de Independiente en la Copa LPF 2025"},"content":{"rendered":"<p><img src=\"http:\/\/hoycordobaweb.com\/wp-content\/uploads\/2024\/12\/asi-sera-el-fixture-de-independiente-en-la-copa-lpf-2025.jpg\"><\/p>\n<div><img src=\"http:\/\/hoycordobaweb.com\/wp-content\/uploads\/2024\/12\/asi-sera-el-fixture-de-independiente-en-la-copa-lpf-2025.jpg\" class=\"ff-og-image-inserted\"><\/div>\n<p><time class=\"createDate\" datetime=\"2024-12-20T22:55:57-03:00\">20\/12\/2024 22:55hs.<\/time><\/p>\n<div id=\"storyBody\">\n<div class=\"custom-text \" readability=\"35.451882845188\">\n<p>La mente de<strong><a href=\"https:\/\/www.ole.com.ar\/tema\/club-atletico-independiente.html\" title=\"Club Atl\u00e9tico Independiente\" alt=\"Club Atl\u00e9tico Independiente\" class=\"slug\">Independiente<\/a><\/strong> ya est\u00e1 puesta en el 2025. Luego de asegurar su clasificaci\u00f3n a la Copa Sudamericana del a\u00f1o que viene,<a href=\"https:\/\/www.ole.com.ar\/tema\/julio-vaccari.html\" title=\"Julio Vaccari\" alt=\"Julio Vaccari\" class=\"slug\"> Vaccari <\/a>ya est\u00e1 planificando la temporada que se viene, decidi\u00e9ndose por jugadores que podr\u00edan llegar como tambi\u00e9n irse. Y lo cierto es que a partir de este viernes el t\u00e9cnico podr\u00e1 encarar la planificaci\u00f3n con m\u00e1s claridad. <strong>Es que la AFA dio a conocer el fixture que tendr\u00e1 el Rojo en las dos Copas LPF que se jugar\u00e1n el a\u00f1o pr\u00f3ximo.<\/strong><\/p>\n<\/div>\n<div class=\"custom-text \" readability=\"47\">\n<p>D\u00edas despu\u00e9s de enfrentar a Boca en La Bombonera por la \u00faltima fecha de la Liga Profesional, el equipo de Julio Vaccari ocupar\u00e1 la Zona B del torneo junto a River, Riestra, San Mart\u00edn de San Juan, Atl\u00e9tico Tucum\u00e1n, Lan\u00fas, Sarmiento, Talleres, Gimnasia, Godoy Cruz, San Lorenzo, Instituto, Central y V\u00e9lez. <\/p>\n<\/div>\n<div class=\"custom-text \" readability=\"39\">\n<p><strong>El cl\u00e1sico frente a Racing para Independiente se jugar\u00e1 en la fecha 10<\/strong>, en el estadio Libertadores de Am\u00e9rica, siendo uno de los encuentros m\u00e1s ansiados por los hinchas del Rojo. Adem\u00e1s, la fecha interzonal ser\u00e1 contra Banfield, equipo con el que el cuadro de Avellaneda ha tenido varios enfrentamientos destacados en los \u00faltimos a\u00f1os.<\/p>\n<\/div>\n<p><h3><strong>Fecha 1<\/strong><\/h3>\n<\/p>\n<div class=\"custom-text \" readability=\"32\">\n<p>Independiente vs Sarmiento (Local)<\/p>\n<\/div>\n<p><h3><strong>Fecha 2<\/strong><\/h3>\n<\/p>\n<div class=\"custom-text \" readability=\"32\">\n<p>Talleres vs Independiente (Visitante)<\/p>\n<\/div>\n<p><h3><strong>Fecha 3<\/strong><\/h3>\n<\/p>\n<div class=\"custom-text \" readability=\"32\">\n<p>Independiente vs Gimnasia y Esgrima La Plata (Local)<\/p>\n<\/div>\n<p><h3><strong>Fecha 4<\/strong><\/h3>\n<\/p>\n<div class=\"custom-text \" readability=\"32\">\n<p>River Plate vs Independiente (Visitante)<\/p>\n<\/div>\n<p><h3><strong>Fecha 5<\/strong><\/h3>\n<\/p>\n<div class=\"custom-text \" readability=\"32\">\n<p>Independiente vs V\u00e9lez Sarsfield (Local)<\/p>\n<\/div>\n<p><h3><strong>Fecha 6<\/strong><\/h3>\n<\/p>\n<div class=\"custom-text \" readability=\"32\">\n<p>Platense vs Independiente (Visitante)<\/p>\n<\/div>\n<p><h3><strong>Fecha 7<\/strong><\/h3>\n<\/p>\n<div class=\"custom-text \" readability=\"32\">\n<p>Independiente vs Instituto (Local)<\/p>\n<\/div>\n<p><h3><strong>Fecha 8<\/strong><\/h3>\n<\/p>\n<div class=\"custom-text \" readability=\"32\">\n<p>Banfield vs Independiente (Visitante)<\/p>\n<\/div>\n<p><h3><strong>Fecha 9<\/strong><\/h3>\n<\/p>\n<div class=\"custom-text \" readability=\"32\">\n<p>San Lorenzo de Almagro vs Independiente (Visitante)<\/p>\n<\/div>\n<p><h3><strong>Fecha 10<\/strong><\/h3>\n<\/p>\n<div class=\"custom-text \" readability=\"32\">\n<p>Independiente vs Racing Club (Local)<\/p>\n<\/div>\n<p><h3><strong>Fecha 11<\/strong><\/h3>\n<\/p>\n<div class=\"custom-text \" readability=\"32\">\n<p>Independiente vs Godoy Cruz (Local)<\/p>\n<\/div>\n<p><h3><strong>Fecha 12<\/strong><\/h3>\n<\/p>\n<div class=\"custom-text \" readability=\"32\">\n<p>Lan\u00fas vs Independiente (Visitante)<\/p>\n<\/div>\n<p><h3><strong>Fecha 13<\/strong><\/h3>\n<\/p>\n<div class=\"custom-text \" readability=\"32\">\n<p>Independiente vs San Mart\u00edn de San Juan (Local)<\/p>\n<\/div>\n<p><h3><strong>Fecha 14<\/strong><\/h3>\n<\/p>\n<div class=\"custom-text \" readability=\"32\">\n<p>Atl\u00e9tico Tucum\u00e1n vs Independiente (Visitante)<\/p>\n<\/div>\n<p><h3><strong>Fecha 15<\/strong><\/h3>\n<\/p>\n<div class=\"custom-text \" readability=\"32\">\n<p>Independiente vs Deportivo Riestra (Local)<\/p>\n<\/div>\n<p><h3><strong>Fecha 16<\/strong><\/h3>\n<\/p>\n<div class=\"custom-text \" readability=\"32\">\n<p>Rosario Central vs Independiente (Visitante)<\/p>\n<\/div>\n<\/div>\n","protected":false},"excerpt":{"rendered":"<p>20\/12\/2024 22:55hs. La mente deIndependiente ya est\u00e1 puesta en el 2025. Luego de asegurar su clasificaci\u00f3n a la Copa Sudamericana del a\u00f1o que viene, Vaccari ya est\u00e1 planificando la temporada que se viene, decidi\u00e9ndose por jugadores que podr\u00edan llegar como tambi\u00e9n irse. Y lo cierto es que a partir de este viernes el t\u00e9cnico podr\u00e1 [&hellip;]<\/p>\n","protected":false},"author":1,"featured_media":91874,"comment_status":"open","ping_status":"closed","sticky":false,"template":"","format":"standard","meta":[],"categories":[16],"tags":[],"_links":{"self":[{"href":"http:\/\/hoycordobaweb.com\/index.php\/wp-json\/wp\/v2\/posts\/91873"}],"collection":[{"href":"http:\/\/hoycordobaweb.com\/index.php\/wp-json\/wp\/v2\/posts"}],"about":[{"href":"http:\/\/hoycordobaweb.com\/index.php\/wp-json\/wp\/v2\/types\/post"}],"author":[{"embeddable":true,"href":"http:\/\/hoycordobaweb.com\/index.php\/wp-json\/wp\/v2\/users\/1"}],"replies":[{"embeddable":true,"href":"http:\/\/hoycordobaweb.com\/index.php\/wp-json\/wp\/v2\/comments?post=91873"}],"version-history":[{"count":0,"href":"http:\/\/hoycordobaweb.com\/index.php\/wp-json\/wp\/v2\/posts\/91873\/revisions"}],"wp:featuredmedia":[{"embeddable":true,"href":"http:\/\/hoycordobaweb.com\/index.php\/wp-json\/wp\/v2\/media\/91874"}],"wp:attachment":[{"href":"http:\/\/hoycordobaweb.com\/index.php\/wp-json\/wp\/v2\/media?parent=91873"}],"wp:term":[{"taxonomy":"category","embeddable":true,"href":"http:\/\/hoycordobaweb.com\/index.php\/wp-json\/wp\/v2\/categories?post=91873"},{"taxonomy":"post_tag","embeddable":true,"href":"http:\/\/hoycordobaweb.com\/index.php\/wp-json\/wp\/v2\/tags?post=91873"}],"curies":[{"name":"wp","href":"https:\/\/api.w.org\/{rel}","templated":true}]}}