{"id":91614,"date":"2024-12-17T13:43:23","date_gmt":"2024-12-17T13:43:23","guid":{"rendered":"https:\/\/enfermeria.fcm.unc.edu.ar\/?p=5257"},"modified":"2024-12-17T13:43:23","modified_gmt":"2024-12-17T13:43:23","slug":"especializacion-en-administracion-y-gestion-en-enfermeria-abrimos-inscripciones-cohorte-2025","status":"publish","type":"post","link":"http:\/\/hoycordobaweb.com\/index.php\/2024\/12\/17\/especializacion-en-administracion-y-gestion-en-enfermeria-abrimos-inscripciones-cohorte-2025\/","title":{"rendered":"Especializaci\u00f3n en Administraci\u00f3n y Gesti\u00f3n en Enfermer\u00eda \u00a1Abrimos inscripciones!-Cohorte 2025"},"content":{"rendered":"<div class=\"post-content\" readability=\"34.794312796209\">\n<p><strong>Especializaci\u00f3n en Administraci\u00f3n y Gesti\u00f3n en Enfermer\u00eda<\/strong><\/p>\n<p><strong>Cohorte 2025<\/strong><\/p>\n<p><strong>\u00a1Abrimos inscripciones!<\/strong><\/p>\n<ul>\n<li><strong>Fechas de inscripci\u00f3n:<\/strong> 03 de febrero al 07 de marzo de 2025.<\/li>\n<\/ul>\n<p><strong>\u00a1Informate todo lo que necesitas saber!<\/strong><\/p>\n<ul>\n<li><strong>Reuni\u00f3n informativa:<\/strong> Jueves 27 de febrero, 16:00 hs. (v\u00eda Meet).<\/li>\n<li><strong>Entrevistas:<\/strong> Del 20 de febrero al 06 de marzo de 2025.<\/li>\n<\/ul>\n<p><strong>\u00a1Comenzamos las clases!<\/strong><\/p>\n<ul>\n<li><strong>Inicio:<\/strong> 13, 14 y 15 de marzo de 2025 (apertura virtual e inicio de la primera materia).<\/li>\n<\/ul>\n<p><strong>\u00a1S\u00e9 parte de esta experiencia!<\/strong><\/p>\n<ul>\n<li><strong>Modalidad:<\/strong> Presencial e h\u00edbrida.<\/li>\n<li><strong>Encuentros:<\/strong> Mensuales, de 3 d\u00edas (jueves por la tarde, viernes y s\u00e1bado por la ma\u00f1ana y tarde).<\/li>\n<\/ul>\n<p><strong>\u00a1No te quedes afuera!<\/strong><\/p>\n<ul>\n<li><strong>Pre inscripci\u00f3n \u2013 desde el 3 de Febrero del 2025<\/strong><\/li>\n<\/ul>\n<ul>\n<li><strong>Inscripci\u00f3n definitiva:<\/strong> A partir del 01 de abril de 2025 (Sistema Guaran\u00ed).<\/li>\n<li><strong>Consultas:<\/strong> eageunc@gmail.com<\/li>\n<\/ul>\n<p><strong>Cuadro con los requisitos de admisi\u00f3n:<\/strong><\/p>\n<p><strong>Informaci\u00f3n adicional:<\/strong><\/p>\n<p><img loading=\"lazy\" fetchpriority=\"high\" decoding=\"async\" class=\"alignnone size-large wp-image-5258\" src=\"https:\/\/enfermeria.fcm.unc.edu.ar\/wp-content\/uploads\/sites\/15\/2024\/12\/EAGE-2025-jpg-1024x576.jpg\" alt width=\"1024\" height=\"576\" srcset=\"https:\/\/enfermeria.fcm.unc.edu.ar\/wp-content\/uploads\/sites\/15\/2024\/12\/EAGE-2025-jpg-200x113.jpg 200w, https:\/\/enfermeria.fcm.unc.edu.ar\/wp-content\/uploads\/sites\/15\/2024\/12\/EAGE-2025-jpg-300x169.jpg 300w, https:\/\/enfermeria.fcm.unc.edu.ar\/wp-content\/uploads\/sites\/15\/2024\/12\/EAGE-2025-jpg-400x225.jpg 400w, https:\/\/enfermeria.fcm.unc.edu.ar\/wp-content\/uploads\/sites\/15\/2024\/12\/EAGE-2025-jpg-600x338.jpg 600w, https:\/\/enfermeria.fcm.unc.edu.ar\/wp-content\/uploads\/sites\/15\/2024\/12\/EAGE-2025-jpg-768x432.jpg 768w, https:\/\/enfermeria.fcm.unc.edu.ar\/wp-content\/uploads\/sites\/15\/2024\/12\/EAGE-2025-jpg-800x450.jpg 800w, https:\/\/enfermeria.fcm.unc.edu.ar\/wp-content\/uploads\/sites\/15\/2024\/12\/EAGE-2025-jpg-1024x576.jpg 1024w, https:\/\/enfermeria.fcm.unc.edu.ar\/wp-content\/uploads\/sites\/15\/2024\/12\/EAGE-2025-jpg-1200x675.jpg 1200w, https:\/\/enfermeria.fcm.unc.edu.ar\/wp-content\/uploads\/sites\/15\/2024\/12\/EAGE-2025-jpg-1536x864.jpg 1536w\" sizes=\"(max-width: 1024px) 100vw, 1024px\"><\/p>\n<\/p><\/div>\n","protected":false},"excerpt":{"rendered":"<p>Especializaci\u00f3n en Administraci\u00f3n y Gesti\u00f3n en Enfermer\u00eda Cohorte 2025 \u00a1Abrimos inscripciones! Fechas de inscripci\u00f3n: 03 de febrero al 07 de marzo de 2025. \u00a1Informate todo lo que necesitas saber! Reuni\u00f3n informativa: Jueves 27 de febrero, 16:00 hs. (v\u00eda Meet). Entrevistas: Del 20 de febrero al 06 de marzo de 2025. \u00a1Comenzamos las clases! Inicio: 13, [&hellip;]<\/p>\n","protected":false},"author":1,"featured_media":91615,"comment_status":"closed","ping_status":"closed","sticky":false,"template":"","format":"standard","meta":[],"categories":[17],"tags":[],"_links":{"self":[{"href":"http:\/\/hoycordobaweb.com\/index.php\/wp-json\/wp\/v2\/posts\/91614"}],"collection":[{"href":"http:\/\/hoycordobaweb.com\/index.php\/wp-json\/wp\/v2\/posts"}],"about":[{"href":"http:\/\/hoycordobaweb.com\/index.php\/wp-json\/wp\/v2\/types\/post"}],"author":[{"embeddable":true,"href":"http:\/\/hoycordobaweb.com\/index.php\/wp-json\/wp\/v2\/users\/1"}],"replies":[{"embeddable":true,"href":"http:\/\/hoycordobaweb.com\/index.php\/wp-json\/wp\/v2\/comments?post=91614"}],"version-history":[{"count":0,"href":"http:\/\/hoycordobaweb.com\/index.php\/wp-json\/wp\/v2\/posts\/91614\/revisions"}],"wp:featuredmedia":[{"embeddable":true,"href":"http:\/\/hoycordobaweb.com\/index.php\/wp-json\/wp\/v2\/media\/91615"}],"wp:attachment":[{"href":"http:\/\/hoycordobaweb.com\/index.php\/wp-json\/wp\/v2\/media?parent=91614"}],"wp:term":[{"taxonomy":"category","embeddable":true,"href":"http:\/\/hoycordobaweb.com\/index.php\/wp-json\/wp\/v2\/categories?post=91614"},{"taxonomy":"post_tag","embeddable":true,"href":"http:\/\/hoycordobaweb.com\/index.php\/wp-json\/wp\/v2\/tags?post=91614"}],"curies":[{"name":"wp","href":"https:\/\/api.w.org\/{rel}","templated":true}]}}