{"id":91610,"date":"2024-12-18T21:30:00","date_gmt":"2024-12-18T21:30:00","guid":{"rendered":"http:\/\/hoycordobaweb.com\/index.php\/2024\/12\/18\/el-cantante-espanol-raphael-sera-trasladado-de-hospital-tras-descartarse-que-sufriera-un-acv\/"},"modified":"2024-12-18T21:30:00","modified_gmt":"2024-12-18T21:30:00","slug":"el-cantante-espanol-raphael-sera-trasladado-de-hospital-tras-descartarse-que-sufriera-un-acv","status":"publish","type":"post","link":"http:\/\/hoycordobaweb.com\/index.php\/2024\/12\/18\/el-cantante-espanol-raphael-sera-trasladado-de-hospital-tras-descartarse-que-sufriera-un-acv\/","title":{"rendered":"El cantante espa\u00f1ol Raphael ser\u00e1 trasladado de hospital tras descartarse que sufriera un ACV"},"content":{"rendered":"<div class=\"media_block\"><\/div>\n<p>El cantante espa\u00f1ol <a target=\"_blank\" href=\"https:\/\/www.perfil.com\/noticias\/protagonistas\/raphael-fue-internado-de-urgencia-tras-sufrir-un-accidente-cerebrovascular-en-plena-grabacion-de-un-programa-de-television.phtml\" rel=\"noopener noreferrer\"><strong>Raphael, de 81 a\u00f1os, ser\u00e1 trasladado a otro hospital madrile\u00f1o<\/strong><\/a> para seguir haci\u00e9ndole pruebas despu\u00e9s de que los primeros ex\u00e1menes descartaran que los problemas que motivaron su ingreso la v\u00edspera se debieran a un ACV, inform\u00f3 el mi\u00e9rcoles el centro m\u00e9dico.&nbsp;<\/p>\n<p>\u00ab<em>Transcurridas las primeras horas, y tras la realizaci\u00f3n del estudio neurol\u00f3gico urgente, se ha descartado el ictus como causa de su ingreso hospitalario<\/em>\u00ab, indic\u00f3 el Hospital Cl\u00ednico San Carlos de Madrid en un comunicado al final de la tarde.<\/p>\n<p>\u00abNo obstante, ser\u00e1 necesaria la realizaci\u00f3n de m\u00e1s pruebas para determinar el origen del proceso neurol\u00f3gico que presenta\u00bb, explic\u00f3 la breve nota, que a\u00f1adi\u00f3 que el cantante ser\u00e1 trasladado al Hospital Universitario 12 de Octubre, donde fue sometido a un trasplante de h\u00edgado en 2003, para continuar all\u00ed su seguimiento.<\/p>\n<div class=\"subscription\" readability=\"6.683257918552\">\n<p> Esto no les gusta a los autoritarios <\/p>\n<div class=\"subscription__container\" readability=\"6.1467391304348\">\n<div class=\"subscription__text-wrapper\" readability=\"31.20652173913\">\n<p> El ejercicio del periodismo profesional y cr\u00edtico es un pilar fundamental de la democracia. Por eso molesta a quienes creen ser los due\u00f1os de la verdad. <\/p>\n<\/p><\/div><\/div><\/div>\n<p class=\"destacadoNota\"><a target=\"_blank\" href=\"https:\/\/www.perfil.com\/noticias\/protagonistas\/gisele-pelicot-de-superviviente-de-violaciones-en-serie-a-icono-feminista.phtml\" rel=\"noopener noreferrer\">El a\u00f1o de Gis\u00e8le Pelicot, de superviviente de violaciones en serie a icono feminista<\/a><\/p>\n<p>Horas antes, a su llegada al hospital en la ma\u00f1ana, su esposa Natalia Figueroa hab\u00eda indicado a los periodistas que<strong> el c\u00e9lebre artista estaba \u00abbien\u00bb.&nbsp;<\/strong><\/p>\n<p>Seg\u00fan hab\u00eda adelantado la televisi\u00f3n p\u00fablica espa\u00f1ola, Raphael, uno de los grandes de la canci\u00f3n mel\u00f3dica en espa\u00f1ol, se encontraba el martes en un teatro de Madrid grabando un programa especial de televisi\u00f3n navide\u00f1o para esta cadena cuando se sinti\u00f3 mal, aunque pudo llegar caminando a la ambulancia que lo traslad\u00f3 al hospital.<\/p>\n<p>Su ingreso fue motivado por <strong>\u00abun problema detectado en el habla, compatible con un posible accidente cerebrovascular\u00bb,<\/strong> especific\u00f3 este mi\u00e9rcoles el parte hospitalario.<\/p>\n<p><img alt=\"Raphael 20241217\" src=\"http:\/\/hoycordobaweb.com\/wp-content\/uploads\/2024\/12\/el-cantante-espanol-raphael-sera-trasladado-de-hospital-tras-descartarse-que-sufriera-un-acv.jpg\" loading=\"lazy\"><\/p>\n<h2>A sus 81 a\u00f1os, Raphael sigue muy activo&nbsp;<\/h2>\n<p>Rafael Martos, verdadero nombre de este cantante nacido en Linares, en Andaluc\u00eda (sur), estaba inmerso en una gira que iba a llevarle a dar sus tradicionales conciertos de Navidad en el pabell\u00f3n Wizink Center de Madrid los d\u00edas 20 y el 21 de diciembre, recitales que siguen en cartel a estas horas.<\/p>\n<p><strong>Su nuevo disco \u00abAyer&#8230;A\u00fan\u00bb es un homenaje a la canci\u00f3n francesa<\/strong>, con temas de Gilbert B\u00e9caud, Charles Aznavour, Jacques Brel y \u00c9dith Piaf.<\/p>\n<p>Coet\u00e1neo de Julio Iglesias, ambos fueron en su momento los cantantes espa\u00f1oles de mayor proyecci\u00f3n internacional.<\/p>\n<p class=\"destacadoNota\"><a target=\"_blank\" href=\"https:\/\/www.perfil.com\/noticias\/protagonistas\/comenzo-la-indagatoria-por-la-muerte-de-liam-payne-dos-imputados-se-negaron-a-declarar.phtml\" rel=\"noopener noreferrer\">Imputados por la muerte de Liam Payne: dos personas claves se negaron a declarar ante la jueza<\/a><\/p>\n<p>Este mi\u00e9rcoles, Iglesias, alejado hace a\u00f1os de los focos, public\u00f3 un mensaje en las redes sociales d\u00e1ndole \u00e1nimos.<\/p>\n<p><em>\u00abHas estado en muchas guerras y todas las has ganado, Gracias a Dios<\/em>. Deseo que te recuperes ya, inmediatamente, y que termines este a\u00f1o cantando a tantas y tantas gentes que te aman. Te admiro y Te quiero mucho mi compa\u00f1ero\u00bb, escribi\u00f3 Iglesias.<\/p>\n<p><img alt=\"Raphael 20241217\" src=\"http:\/\/hoycordobaweb.com\/wp-content\/uploads\/2024\/12\/el-cantante-espanol-raphael-sera-trasladado-de-hospital-tras-descartarse-que-sufriera-un-acv-1.jpg\" loading=\"lazy\"><\/p>\n<p><strong>Raphael debut\u00f3 profesionalmente en 1962<\/strong>, y en su discograf\u00eda figuran m\u00e1s de 50 discos de larga duraci\u00f3n en espa\u00f1ol, as\u00ed como otros en italiano, franc\u00e9s, alem\u00e1n, ingl\u00e9s y japon\u00e9s.<\/p>\n<p>Como curiosidad, Raphael cuenta con una gran legi\u00f3n de admiradores en Rusia por ser uno de los primeros artistas occidentales que actu\u00f3 con asiduidad en la Uni\u00f3n Sovi\u00e9tica comunista.<\/p>\n<p>Dotado de una voz todav\u00eda poderosa, Raphael es autor de temas como<strong> \u00abMi gran noche\u00bb, \u00abYo soy aquel\u00bb y \u00abComo yo te amo\u00bb<\/strong>, entre muchos \u00e9xitos.<\/p>\n<p>Raphael acababa de anunciar una nueva gira en 2025 con 14 conciertos confirmados.<\/p>\n<p>AFP<\/p>\n","protected":false},"excerpt":{"rendered":"<p>El cantante espa\u00f1ol Raphael, de 81 a\u00f1os, ser\u00e1 trasladado a otro hospital madrile\u00f1o para seguir haci\u00e9ndole pruebas despu\u00e9s de que los primeros ex\u00e1menes descartaran que los problemas que motivaron su ingreso la v\u00edspera se debieran a un ACV, inform\u00f3 el mi\u00e9rcoles el centro m\u00e9dico.&nbsp; \u00abTranscurridas las primeras horas, y tras la realizaci\u00f3n del estudio neurol\u00f3gico [&hellip;]<\/p>\n","protected":false},"author":1,"featured_media":91611,"comment_status":"closed","ping_status":"closed","sticky":false,"template":"","format":"standard","meta":[],"categories":[19],"tags":[736],"_links":{"self":[{"href":"http:\/\/hoycordobaweb.com\/index.php\/wp-json\/wp\/v2\/posts\/91610"}],"collection":[{"href":"http:\/\/hoycordobaweb.com\/index.php\/wp-json\/wp\/v2\/posts"}],"about":[{"href":"http:\/\/hoycordobaweb.com\/index.php\/wp-json\/wp\/v2\/types\/post"}],"author":[{"embeddable":true,"href":"http:\/\/hoycordobaweb.com\/index.php\/wp-json\/wp\/v2\/users\/1"}],"replies":[{"embeddable":true,"href":"http:\/\/hoycordobaweb.com\/index.php\/wp-json\/wp\/v2\/comments?post=91610"}],"version-history":[{"count":0,"href":"http:\/\/hoycordobaweb.com\/index.php\/wp-json\/wp\/v2\/posts\/91610\/revisions"}],"wp:featuredmedia":[{"embeddable":true,"href":"http:\/\/hoycordobaweb.com\/index.php\/wp-json\/wp\/v2\/media\/91611"}],"wp:attachment":[{"href":"http:\/\/hoycordobaweb.com\/index.php\/wp-json\/wp\/v2\/media?parent=91610"}],"wp:term":[{"taxonomy":"category","embeddable":true,"href":"http:\/\/hoycordobaweb.com\/index.php\/wp-json\/wp\/v2\/categories?post=91610"},{"taxonomy":"post_tag","embeddable":true,"href":"http:\/\/hoycordobaweb.com\/index.php\/wp-json\/wp\/v2\/tags?post=91610"}],"curies":[{"name":"wp","href":"https:\/\/api.w.org\/{rel}","templated":true}]}}