{"id":91606,"date":"2024-12-18T19:01:34","date_gmt":"2024-12-18T19:01:34","guid":{"rendered":"https:\/\/www.trendencias.com\/diseno\/lidl-arrasa-este-carrito-auxiliar-cocina-50-euros-que-perfecto-para-optimizar-espacio"},"modified":"2024-12-18T19:01:34","modified_gmt":"2024-12-18T19:01:34","slug":"lidl-arrasa-con-este-carrito-auxiliar-de-cocina-por-menos-de-50-euros-que-es-perfecto-para-optimizar-espacio","status":"publish","type":"post","link":"http:\/\/hoycordobaweb.com\/index.php\/2024\/12\/18\/lidl-arrasa-con-este-carrito-auxiliar-de-cocina-por-menos-de-50-euros-que-es-perfecto-para-optimizar-espacio\/","title":{"rendered":"Lidl arrasa con este carrito auxiliar de cocina por menos de 50 euros que es perfecto para optimizar espacio"},"content":{"rendered":"<p><strong>Lidl<\/strong> siempre nos sorprende con sus muebles para optimizar espacio, y a la vez organizadores. Y la propuesta de hoy os va a chiflar. Sea cual sea el tama\u00f1o de tu casa y de tus armarios, el orden es la clave para conseguir que nos quepa todo. Tenemos tantas cosas que a veces no sabemos c\u00f3mo colocarlas y d\u00f3nde para que no parezca un espacio desordenado y extremadamente cargado. Es el caso del ba\u00f1o o de la cocina, que tambi\u00e9n son zonas en las que acumulamos mil cosas.<\/p>\n<p><!-- BREAK 1 --> <\/p>\n<div class=\"article-asset article-asset-normal article-asset-center\">\n<div class=\"desvio-container\">\n<div class=\"desvio\">\n<div class=\"desvio-figure js-desvio-figure\"> <a href=\"https:\/\/www.trendencias.com\/psicologia\/gente-mentalmente-fuerte-siempre-dice-estas-cinco-frases-peores-momentos-para-despertar-su-felicidad#mrfhud=true\" class=\"pivot-outboundlink\" data-vars-post-title=\"La gente mentalmente m\u00e1s fuerte siempre dice estas cinco frases hasta en los peores momentos para despertar su felicidad\"> <img loading=\"lazy\" alt=\"La gente mentalmente m\u00e1s fuerte siempre dice estas cinco frases hasta en los peores momentos para despertar su felicidad\" width=\"375\" height=\"142\" src=\"http:\/\/hoycordobaweb.com\/wp-content\/uploads\/2024\/12\/lidl-arrasa-con-este-carrito-auxiliar-de-cocina-por-menos-de-50-euros-que-es-perfecto-para-optimizar-espacio.jpg\"> <\/a> <\/div><\/div><\/div>\n<\/div>\n<p>Para las amantes del orden como yo, tener una cocina organizada es fundamental, as\u00ed que hacerte con muebles organizadores, y que adem\u00e1s sean una extensi\u00f3n de la encimera como mueble extensible de almacenamiento, es clave para conseguir espacio sin obras. Y esta semana me he fijado en este <strong>carrito auxiliar de cocina<\/strong> tan ideal que me encanta para la m\u00eda porque me encaja a la perfecci\u00f3n.<\/p>\n<p><!-- BREAK 2 --><\/p>\n<div class=\"article-asset-image article-asset-normal article-asset-center\">\n<div class=\"asset-content\"> <img class=\"centro_sinmarco\" height=\"1125\" width=\"1500\" loading=\"lazy\" decoding=\"async\" sizes=\"100vw\" fetchpriority=\"high\" srcset=\"http:\/\/hoycordobaweb.com\/wp-content\/uploads\/2024\/12\/lidl-arrasa-con-este-carrito-auxiliar-de-cocina-por-menos-de-50-euros-que-es-perfecto-para-optimizar-espacio.png 450w, http:\/\/hoycordobaweb.com\/wp-content\/uploads\/2024\/12\/lidl-arrasa-con-este-carrito-auxiliar-de-cocina-por-menos-de-50-euros-que-es-perfecto-para-optimizar-espacio-3.png 681w, http:\/\/hoycordobaweb.com\/wp-content\/uploads\/2024\/12\/lidl-arrasa-con-este-carrito-auxiliar-de-cocina-por-menos-de-50-euros-que-es-perfecto-para-optimizar-espacio-4.png 1024w, http:\/\/hoycordobaweb.com\/wp-content\/uploads\/2024\/12\/lidl-arrasa-con-este-carrito-auxiliar-de-cocina-por-menos-de-50-euros-que-es-perfecto-para-optimizar-espacio-5.png 1366w\" src=\"http:\/\/hoycordobaweb.com\/wp-content\/uploads\/2024\/12\/lidl-arrasa-con-este-carrito-auxiliar-de-cocina-por-menos-de-50-euros-que-es-perfecto-para-optimizar-espacio.png\" alt=\"Carrito De Cocina\"> <noscript><img alt=\"Carrito De Cocina\" class=\"centro_sinmarco\" src=\"http:\/\/hoycordobaweb.com\/wp-content\/uploads\/2024\/12\/lidl-arrasa-con-este-carrito-auxiliar-de-cocina-por-menos-de-50-euros-que-es-perfecto-para-optimizar-espacio.png\"><\/noscript> <\/div>\n<\/div>\n<p>Ikea y Zara Home son las tiendas de cabecera de muchos, pero no hay que olvidarse de <strong>Lidl,<\/strong> que siempre nos sorprende con muebles como este, y no tiene nada que envidiar a los de las dos marcas citadas. Estamos ante un carro de madera de bamb\u00fa en color blanco, muy elegante y bonito, ideal para todo tipo de cocinas, pero si encima tienes poco espacio, este mueble es perfecto por sus medidas 50 x 86,5 x 38,5 cm (ancho x alto x profundidad).<\/p>\n<p><!-- BREAK 3 --> <\/p>\n<div class=\"article-asset-image article-asset-normal article-asset-center\">\n<div class=\"asset-content\"> <img class=\"centro_sinmarco\" height=\"1125\" width=\"1500\" loading=\"lazy\" decoding=\"async\" sizes=\"100vw\" fetchpriority=\"high\" srcset=\"http:\/\/hoycordobaweb.com\/wp-content\/uploads\/2024\/12\/lidl-arrasa-con-este-carrito-auxiliar-de-cocina-por-menos-de-50-euros-que-es-perfecto-para-optimizar-espacio-1.png 450w, http:\/\/hoycordobaweb.com\/wp-content\/uploads\/2024\/12\/lidl-arrasa-con-este-carrito-auxiliar-de-cocina-por-menos-de-50-euros-que-es-perfecto-para-optimizar-espacio-6.png 681w, http:\/\/hoycordobaweb.com\/wp-content\/uploads\/2024\/12\/lidl-arrasa-con-este-carrito-auxiliar-de-cocina-por-menos-de-50-euros-que-es-perfecto-para-optimizar-espacio-7.png 1024w, http:\/\/hoycordobaweb.com\/wp-content\/uploads\/2024\/12\/lidl-arrasa-con-este-carrito-auxiliar-de-cocina-por-menos-de-50-euros-que-es-perfecto-para-optimizar-espacio-8.png 1366w\" src=\"http:\/\/hoycordobaweb.com\/wp-content\/uploads\/2024\/12\/lidl-arrasa-con-este-carrito-auxiliar-de-cocina-por-menos-de-50-euros-que-es-perfecto-para-optimizar-espacio-1.png\" alt=\"Carrito De Cocina\"> <noscript><img alt=\"Carrito De Cocina\" class=\"centro_sinmarco\" src=\"http:\/\/hoycordobaweb.com\/wp-content\/uploads\/2024\/12\/lidl-arrasa-con-este-carrito-auxiliar-de-cocina-por-menos-de-50-euros-que-es-perfecto-para-optimizar-espacio-1.png\"><\/noscript> <\/div>\n<\/div>\n<p>Un dise\u00f1o con un caj\u00f3n y tres baldas con barras laterales. La zona del frente tiene una cesta met\u00e1lica extra\u00edble, superficie de apoyo y estante para vinos, estante lateral integrado con amplios compartimentos y superficie maciza de madera de bamb\u00fa. Adem\u00e1s, es muy c\u00f3modo gracias a sus cuatro ruedas giratorias de f\u00e1cil desplazamiento, dos de ellas con funci\u00f3n de bloqueo.<\/p>\n<p><!-- BREAK 4 --><\/p>\n<div class=\"article-asset-image article-asset-normal article-asset-center\">\n<div class=\"asset-content\"> <img class=\"centro_sinmarco\" height=\"1125\" width=\"1500\" loading=\"lazy\" decoding=\"async\" sizes=\"100vw\" fetchpriority=\"high\" srcset=\"http:\/\/hoycordobaweb.com\/wp-content\/uploads\/2024\/12\/lidl-arrasa-con-este-carrito-auxiliar-de-cocina-por-menos-de-50-euros-que-es-perfecto-para-optimizar-espacio-2.png 450w, http:\/\/hoycordobaweb.com\/wp-content\/uploads\/2024\/12\/lidl-arrasa-con-este-carrito-auxiliar-de-cocina-por-menos-de-50-euros-que-es-perfecto-para-optimizar-espacio-9.png 681w, http:\/\/hoycordobaweb.com\/wp-content\/uploads\/2024\/12\/lidl-arrasa-con-este-carrito-auxiliar-de-cocina-por-menos-de-50-euros-que-es-perfecto-para-optimizar-espacio-10.png 1024w, http:\/\/hoycordobaweb.com\/wp-content\/uploads\/2024\/12\/lidl-arrasa-con-este-carrito-auxiliar-de-cocina-por-menos-de-50-euros-que-es-perfecto-para-optimizar-espacio-11.png 1366w\" src=\"http:\/\/hoycordobaweb.com\/wp-content\/uploads\/2024\/12\/lidl-arrasa-con-este-carrito-auxiliar-de-cocina-por-menos-de-50-euros-que-es-perfecto-para-optimizar-espacio-2.png\" alt=\"Carrito De Cocina\"> <noscript><img alt=\"Carrito De Cocina\" class=\"centro_sinmarco\" src=\"http:\/\/hoycordobaweb.com\/wp-content\/uploads\/2024\/12\/lidl-arrasa-con-este-carrito-auxiliar-de-cocina-por-menos-de-50-euros-que-es-perfecto-para-optimizar-espacio-2.png\"><\/noscript> <\/div>\n<\/div>\n<p>Una pieza elegante y vers\u00e1til que te encaja en cualquier espacio. Y si en tu cocina es imposible tenerlo, me gusta tambi\u00e9n para colocarlo en la terraza, de hecho es resistente a la humedad y a los cambios de temperaturas. Un mueble auxiliar perfecto para presumir de una cocina perfectamente ordenada. Su precio es de <a rel=\"nofollow, sponsored, noopener, noreferrer noopener\" target=\"_blank\" class=\"js-ecommerce\" id=\"link-ecommerce-1\" href=\"https:\/\/www.trendencias.com\/redirect?url=https%3A%2F%2Fwww.lidl.es%2Fes%2Fcarrito-de-cocina%2Fp72720%3FsearchTrackingQuery%3Dcarrito%2Bde%2Bcocina%26searchTrackingId%3DProduct.72720%26searchTrackingPos%3D1%26searchTrackingOrigPos%3D1%26searchTrackingRelevancy%3D%26searchTrackingPage%3D1%26searchTrackingPageSize%3D24%26searchTrackingOrigPageSize%3D24&amp;category=diseno&amp;ecomPostExpiration=perish&amp;postId=637519\" data-vars-affiliate-url=\"https:\/\/www.lidl.es\/es\/carrito-de-cocina\/p72720?searchTrackingQuery=carrito+de+cocina&amp;searchTrackingId=Product.72720&amp;searchTrackingPos=1&amp;searchTrackingOrigPos=1&amp;searchTrackingRelevancy=&amp;searchTrackingPage=1&amp;searchTrackingPageSize=24&amp;searchTrackingOrigPageSize=24\">44,99 euros.<\/a><\/p>\n<p><!-- BREAK 5 --><\/p>\n<p>Fotos | <a rel=\"nofollow, sponsored, noopener, noreferrer noopener\" target=\"_blank\" class=\"js-ecommerce\" id=\"link-ecommerce-2\" href=\"https:\/\/www.trendencias.com\/redirect?url=https%3A%2F%2Fwww.lidl.es%2Fes%2Fcarrito-de-cocina%2Fp72720%3FsearchTrackingQuery%3Dcarrito%2Bde%2Bcocina%26searchTrackingId%3DProduct.72720%26searchTrackingPos%3D1%26searchTrackingOrigPos%3D1%26searchTrackingRelevancy%3D%26searchTrackingPage%3D1%26searchTrackingPageSize%3D24%26searchTrackingOrigPageSize%3D24&amp;category=diseno&amp;ecomPostExpiration=perish&amp;postId=637519\" data-vars-affiliate-url=\"https:\/\/www.lidl.es\/es\/carrito-de-cocina\/p72720?searchTrackingQuery=carrito+de+cocina&amp;searchTrackingId=Product.72720&amp;searchTrackingPos=1&amp;searchTrackingOrigPos=1&amp;searchTrackingRelevancy=&amp;searchTrackingPage=1&amp;searchTrackingPageSize=24&amp;searchTrackingOrigPageSize=24\">Lidl<\/a>, <a rel=\"noopener, noreferrer\" href=\"https:\/\/www.instagram.com\/p\/DBOIkBsumf5\/?img_index=1\">Zara Home<\/a><\/p>\n<p>En Trendencias | <a class=\"text-outboundlink\" href=\"https:\/\/www.trendencias.com\/diseno\/19-basicos-zara-home-para-decorar-salon\" data-vars-post-title=\"19 b\u00e1sicos de Zara Home para decorar el sal\u00f3n\" data-vars-post-url=\"https:\/\/www.trendencias.com\/diseno\/19-basicos-zara-home-para-decorar-salon\">19 b\u00e1sicos de Zara Home para decorar el sal\u00f3n<\/a><\/p>\n<p>En Trendencias | <a class=\"text-outboundlink\" href=\"https:\/\/www.trendencias.com\/belleza\/cuatro-manicuras-cortas-elegantes-esmalte-rojo-para-celebrar-navidad\" data-vars-post-title=\"Las u\u00f1as rojas son tendencia en Navidad: cinco ideas de manicuras cortas y elegantes\" data-vars-post-url=\"https:\/\/www.trendencias.com\/belleza\/cuatro-manicuras-cortas-elegantes-esmalte-rojo-para-celebrar-navidad\">Las u\u00f1as rojas son tendencia en Navidad: cinco ideas de manicuras cortas y elegantes<\/a>.<\/p>\n<p>En Trendencias | <a class=\"text-outboundlink\" href=\"https:\/\/www.trendencias.com\/belleza\/mejores-calendarios-adviento-belleza-maquillaje-donde-comprarlos\" data-vars-post-title=\"Comparamos los 41 calendarios de adviento de maquillaje y belleza m\u00e1s deseados de 2024. Ya sabemos cu\u00e1les son los que valen cada c\u00e9ntimo (y los que no)\" data-vars-post-url=\"https:\/\/www.trendencias.com\/belleza\/mejores-calendarios-adviento-belleza-maquillaje-donde-comprarlos\">Los mejores calendarios de adviento de belleza y maquillaje 2024: d\u00f3nde comprarlos<\/a>.<\/p>\n","protected":false},"excerpt":{"rendered":"<p>Lidl siempre nos sorprende con sus muebles para optimizar espacio, y a la vez organizadores. Y la propuesta de hoy os va a chiflar. Sea cual sea el tama\u00f1o de tu casa y de tus armarios, el orden es la clave para conseguir que nos quepa todo. Tenemos tantas cosas que a veces no sabemos [&hellip;]<\/p>\n","protected":false},"author":1,"featured_media":91607,"comment_status":"closed","ping_status":"closed","sticky":false,"template":"","format":"standard","meta":[],"categories":[],"tags":[],"_links":{"self":[{"href":"http:\/\/hoycordobaweb.com\/index.php\/wp-json\/wp\/v2\/posts\/91606"}],"collection":[{"href":"http:\/\/hoycordobaweb.com\/index.php\/wp-json\/wp\/v2\/posts"}],"about":[{"href":"http:\/\/hoycordobaweb.com\/index.php\/wp-json\/wp\/v2\/types\/post"}],"author":[{"embeddable":true,"href":"http:\/\/hoycordobaweb.com\/index.php\/wp-json\/wp\/v2\/users\/1"}],"replies":[{"embeddable":true,"href":"http:\/\/hoycordobaweb.com\/index.php\/wp-json\/wp\/v2\/comments?post=91606"}],"version-history":[{"count":0,"href":"http:\/\/hoycordobaweb.com\/index.php\/wp-json\/wp\/v2\/posts\/91606\/revisions"}],"wp:featuredmedia":[{"embeddable":true,"href":"http:\/\/hoycordobaweb.com\/index.php\/wp-json\/wp\/v2\/media\/91607"}],"wp:attachment":[{"href":"http:\/\/hoycordobaweb.com\/index.php\/wp-json\/wp\/v2\/media?parent=91606"}],"wp:term":[{"taxonomy":"category","embeddable":true,"href":"http:\/\/hoycordobaweb.com\/index.php\/wp-json\/wp\/v2\/categories?post=91606"},{"taxonomy":"post_tag","embeddable":true,"href":"http:\/\/hoycordobaweb.com\/index.php\/wp-json\/wp\/v2\/tags?post=91606"}],"curies":[{"name":"wp","href":"https:\/\/api.w.org\/{rel}","templated":true}]}}