{"id":91306,"date":"2024-12-15T03:27:49","date_gmt":"2024-12-15T03:27:49","guid":{"rendered":"https:\/\/www.ole.com.ar\/futbol-de-primera\/river-gallardo-pity-martinez-pezzela_0_O2OTykc1l4.html"},"modified":"2024-12-15T03:27:49","modified_gmt":"2024-12-15T03:27:49","slug":"pity-martinez-volvio-a-ser-el-referente-del-futbol-de-river","status":"publish","type":"post","link":"http:\/\/hoycordobaweb.com\/index.php\/2024\/12\/15\/pity-martinez-volvio-a-ser-el-referente-del-futbol-de-river\/","title":{"rendered":"Pity Mart\u00ednez volvi\u00f3 a ser el referente del f\u00fatbol de River"},"content":{"rendered":"<p><img src=\"http:\/\/hoycordobaweb.com\/wp-content\/uploads\/2024\/12\/pity-martinez-volvio-a-ser-el-referente-del-futbol-de-river.jpg\"><\/p>\n<p><time class=\"createDate\" datetime=\"2024-12-15T00:27:49-03:00\">15\/12\/2024 00:27hs.<\/time><\/p>\n<div id=\"storyBody\">\n<div class=\"custom-text \" readability=\"34.043583535109\">\n<p>Existen constantes que consolidan una idea. Como que <a href=\"https:\/\/www.ole.com.ar\/tema\/gonzalo-martinez.html\" target=\"_self\" title=\"Gonzalo Mart\u00ednez\" alt=\"Gonzalo Mart\u00ednez\" rel=\"noopener noreferrer\">Gonzalo Mart\u00ednez<\/a> cerr\u00f3 el a\u00f1o demostrando que es el futbolista que mejor interpreta la idiosincrasia futbol\u00edstica de <a href=\"https:\/\/www.ole.com.ar\/tema\/marcelo-gallardo.html\" target=\"_self\" title=\"Marcelo Gallardo\" alt=\"Marcelo Gallardo\" rel=\"noopener noreferrer\">Marcelo Gallardo<\/a>. <strong>Otra vez, como en cada aparici\u00f3n desde su vuelta ante Defensa y Justicia, el creativo que luce la #18 por su alto componente aleg\u00f3rico a Madrid fue en Avellaneda el abanderado de esa remontada que no logr\u00f3 concretarse.<\/strong><\/p>\n<\/div>\n<div class=\"custom-text \" readability=\"40\">\n<p>Por primera vez desde el 25 de octubre, cuando hizo su reaparici\u00f3n p\u00fablica tras la lesi\u00f3n ligamentaria sufrida durante la pretemporada de verano, <strong>el Pity complet\u00f3 los 45 minutos (hasta anoche no hab\u00eda superado los 30). <\/strong>Y en ese rato, Mart\u00ednez permiti\u00f3 que aflorara el f\u00fatbol que hasta el entretiempo no hab\u00eda aparecido. <strong>Reclamando la pelota en la zona m\u00e1s incandescente del ataque, intent\u00f3 distribuir con jerarqu\u00eda y hasta imponer el rigor de la presi\u00f3n. Tal es as\u00ed que en apenas un tiempo fue el futbolista de River que m\u00e1s duelos disput\u00f3 (11) y gan\u00f3 (6). S\u00f3lo superado por Bruno Zuculini en la m\u00e9trica general (de 14 disputas, gan\u00f3 6).<\/strong><\/p>\n<\/div>\n<div class=\"custom-text \" readability=\"45\">\n<p>El Pity fue determinante, otra vez. <strong>Con los d\u00edas contados para que finalice un contrato que ser\u00eda renovado, Mart\u00ednez arranc\u00f3 su showtime con un remate de tres dedos luego de una deliciosa descarga de Miguel \u00c1ngel Borja.<\/strong> Un tiro que Gabriel Arias desvi\u00f3 al igual que el siguiente remate de Pity, encendido y con ganas incluso de gambetear como en su mejor momento. <strong>Completando, as\u00ed, un 2024 que en lo individual fue productivo: en diez partidos post lesi\u00f3n consigui\u00f3 convidar cuatro asistencias y marc\u00f3 un gol en s\u00f3lo 252 minutos. <\/strong>N\u00fameros que permiten proyectarlo hacia adelante como uno de los referentes espirituales de una idea que no consiguieron interpretar, por caso, otros creativos que mamaron la idea de Gallardo desde la \u00e9poca dorada (Nacho Fern\u00e1ndez, un caso protot\u00edpico). Es, sin dudas, un l\u00edder de la pelota.<\/p>\n<\/div>\n<p><h2><strong>Un referente que sali\u00f3 tocado: Pezzella<\/strong><\/h2>\n<\/p>\n<div class=\"custom-text \" readability=\"39.015384615385\">\n<p>No fue una buena noche para la defensa de River. Despu\u00e9s de que Paulo D\u00edaz sintiera molestias en la previa y quedara desafectado, durante el partido el que sufri\u00f3 f\u00edsicamente fue <a href=\"https:\/\/www.ole.com.ar\/tema\/german-pezzella.html\" target=\"_self\" title=\"Germ\u00e1n Pezzella\" alt=\"Germ\u00e1n Pezzella\" rel=\"noopener noreferrer\">Germ\u00e1n Pezzella<\/a>.<strong> El campe\u00f3n del mundo termin\u00f3 jugando en una pierna, con much\u00edsimo dolor en el isquiotibial derecho, al punto de que en los minutos finales Villagra ocup\u00f3 su lugar en la zaga: GP, que hab\u00eda regresado ante Rosario Central luego de casi un mes afuera por una lesi\u00f3n muscular en el gemelo de esa misma pierna, sinti\u00f3 el tir\u00f3n pero ya no pudo salir de la cancha porque a los 20\u2019 de la segunda parte Gallardo ya hab\u00eda agotado todos los cambios.<\/strong><\/p>\n<\/div>\n<div class=\"custom-text \" readability=\"39\">\n<p>En todo caso, lo bueno es que ahora vendr\u00e1 el receso: si tuviera un desgarro, podr\u00eda perderse el trabajo inicial de la pretemporada en San Mart\u00edn de los Andes. <strong>S\u00ed, una noche fulera para el bahiense, que jug\u00f3 condicionado por una amarilla en el comienzo y perdi\u00f3 -con Colidio- la marca de Maxi Salas en el gol de cabeza tras el c\u00f3rner de Quintero&#8230;<\/strong><\/p>\n<\/div>\n<div class=\"sc-e7b891c4-0 ifHnQL image-embed\"><img alt=\"Pezzela se fue tocado de Avellaneda. (Foto: Marcelo Carroll).\" loading=\"lazy\" width=\"720\" height=\"100\" decoding=\"async\" data-nimg=\"1\" src=\"http:\/\/hoycordobaweb.com\/wp-content\/uploads\/2024\/12\/pity-martinez-volvio-a-ser-el-referente-del-futbol-de-river-2.jpg\"><span class=\"epigraphe\">Pezzela se fue tocado de Avellaneda. (Foto: Marcelo Carroll).<\/span><\/div>\n<div class=\"sc-a7166897-0 eoLsBE\" readability=\"6.5\">\n<section readability=\"3\"><picture><img alt=\"Gol bye, River: c\u00f3mo la eliminaci\u00f3n le precipit\u00f3 el recambio a Gallardo\" loading=\"lazy\" width=\"290\" height=\"290\" decoding=\"async\" data-nimg=\"1\" src=\"http:\/\/hoycordobaweb.com\/wp-content\/uploads\/2024\/12\/pity-martinez-volvio-a-ser-el-referente-del-futbol-de-river-3.jpg\"><\/picture>\n<p><span>Mir\u00e1 tambi\u00e9n<\/span><\/p>\n<hr>\n<h3>Gol bye, River: c\u00f3mo la eliminaci\u00f3n le precipit\u00f3 el recambio a Gallardo<\/h3>\n<\/p>\n<\/section>\n<\/div>\n<div class=\"sc-a7166897-0 eoLsBE\" readability=\"6.5\">\n<section readability=\"3\"><picture><img alt=\"El mapa de los argentinos a la Copa Libertadores y Sudamericana: qui\u00e9n ser\u00e1 el 13\u00b0 clasificado\" loading=\"lazy\" width=\"290\" height=\"290\" decoding=\"async\" data-nimg=\"1\" src=\"http:\/\/hoycordobaweb.com\/wp-content\/uploads\/2024\/12\/pity-martinez-volvio-a-ser-el-referente-del-futbol-de-river-4.jpg\"><\/picture>\n<p><span>Mir\u00e1 tambi\u00e9n<\/span><\/p>\n<hr>\n<h3>El mapa de los argentinos a la Copa Libertadores y Sudamericana: qui\u00e9n ser\u00e1 el 13\u00b0 clasificado<\/h3>\n<\/p>\n<\/section>\n<\/div>\n<div class=\"sc-a7166897-0 eoLsBE\" readability=\"6.5\">\n<section readability=\"3\"><picture><img alt=\"La tabla anual: River depende de V\u00e9lez o Talleres para meterse a la fase de grupos de la Libertadores\" loading=\"lazy\" width=\"290\" height=\"290\" decoding=\"async\" data-nimg=\"1\" src=\"http:\/\/hoycordobaweb.com\/wp-content\/uploads\/2024\/12\/pity-martinez-volvio-a-ser-el-referente-del-futbol-de-river-5.jpg\"><\/picture>\n<p><span>Mir\u00e1 tambi\u00e9n<\/span><\/p>\n<hr>\n<h3>La tabla anual: River depende de V\u00e9lez o Talleres para meterse a la fase de grupos de la Libertadores<\/h3>\n<\/p>\n<\/section>\n<\/div>\n<div class=\"sc-a7166897-0 eoLsBE\" readability=\"6\">\n<section readability=\"2\"><picture><img alt=\"Libertadores 2025: los posibles rivales de Boca o River en el Repechaje\" loading=\"lazy\" width=\"290\" height=\"290\" decoding=\"async\" data-nimg=\"1\" src=\"http:\/\/hoycordobaweb.com\/wp-content\/uploads\/2024\/12\/pity-martinez-volvio-a-ser-el-referente-del-futbol-de-river-6.jpg\"><\/picture>\n<p><span>Mir\u00e1 tambi\u00e9n<\/span><\/p>\n<hr>\n<h3>Libertadores 2025: los posibles rivales de Boca o River en el Repechaje<\/h3>\n<\/p>\n<\/section>\n<\/div>\n<\/div>\n","protected":false},"excerpt":{"rendered":"<p>15\/12\/2024 00:27hs. Existen constantes que consolidan una idea. Como que Gonzalo Mart\u00ednez cerr\u00f3 el a\u00f1o demostrando que es el futbolista que mejor interpreta la idiosincrasia futbol\u00edstica de Marcelo Gallardo. Otra vez, como en cada aparici\u00f3n desde su vuelta ante Defensa y Justicia, el creativo que luce la #18 por su alto componente aleg\u00f3rico a Madrid [&hellip;]<\/p>\n","protected":false},"author":1,"featured_media":91307,"comment_status":"open","ping_status":"closed","sticky":false,"template":"","format":"standard","meta":[],"categories":[16],"tags":[],"_links":{"self":[{"href":"http:\/\/hoycordobaweb.com\/index.php\/wp-json\/wp\/v2\/posts\/91306"}],"collection":[{"href":"http:\/\/hoycordobaweb.com\/index.php\/wp-json\/wp\/v2\/posts"}],"about":[{"href":"http:\/\/hoycordobaweb.com\/index.php\/wp-json\/wp\/v2\/types\/post"}],"author":[{"embeddable":true,"href":"http:\/\/hoycordobaweb.com\/index.php\/wp-json\/wp\/v2\/users\/1"}],"replies":[{"embeddable":true,"href":"http:\/\/hoycordobaweb.com\/index.php\/wp-json\/wp\/v2\/comments?post=91306"}],"version-history":[{"count":0,"href":"http:\/\/hoycordobaweb.com\/index.php\/wp-json\/wp\/v2\/posts\/91306\/revisions"}],"wp:featuredmedia":[{"embeddable":true,"href":"http:\/\/hoycordobaweb.com\/index.php\/wp-json\/wp\/v2\/media\/91307"}],"wp:attachment":[{"href":"http:\/\/hoycordobaweb.com\/index.php\/wp-json\/wp\/v2\/media?parent=91306"}],"wp:term":[{"taxonomy":"category","embeddable":true,"href":"http:\/\/hoycordobaweb.com\/index.php\/wp-json\/wp\/v2\/categories?post=91306"},{"taxonomy":"post_tag","embeddable":true,"href":"http:\/\/hoycordobaweb.com\/index.php\/wp-json\/wp\/v2\/tags?post=91306"}],"curies":[{"name":"wp","href":"https:\/\/api.w.org\/{rel}","templated":true}]}}