{"id":91207,"date":"2024-12-14T00:26:31","date_gmt":"2024-12-14T00:26:31","guid":{"rendered":"http:\/\/hoycordobaweb.com\/index.php\/2024\/12\/14\/sin-campeonato-largo-asi-sera-la-temporada-2025-del-futbol-argentino-el-retrato-de-hoy\/"},"modified":"2024-12-14T00:26:31","modified_gmt":"2024-12-14T00:26:31","slug":"sin-campeonato-largo-asi-sera-la-temporada-2025-del-futbol-argentino-el-retrato-de-hoy","status":"publish","type":"post","link":"http:\/\/hoycordobaweb.com\/index.php\/2024\/12\/14\/sin-campeonato-largo-asi-sera-la-temporada-2025-del-futbol-argentino-el-retrato-de-hoy\/","title":{"rendered":"Sin campeonato largo: As\u00ed ser\u00e1 la temporada 2025 del <b>f\u00fatbol argentino<\/b> &#8211; El retrato de Hoy"},"content":{"rendered":"<p>La Asociaci\u00f3n del <b>F\u00fatbol Argentino<\/b> (AFA) comunic\u00f3 el formato en que se disputar\u00e1 la temporada 2025 de la Primera Divisi\u00f3n. <\/p>\n","protected":false},"excerpt":{"rendered":"<p>La Asociaci\u00f3n del F\u00fatbol Argentino (AFA) comunic\u00f3 el formato en que se disputar\u00e1 la temporada 2025 de la Primera Divisi\u00f3n.<\/p>\n","protected":false},"author":1,"featured_media":0,"comment_status":"closed","ping_status":"closed","sticky":false,"template":"","format":"standard","meta":[],"categories":[22],"tags":[],"_links":{"self":[{"href":"http:\/\/hoycordobaweb.com\/index.php\/wp-json\/wp\/v2\/posts\/91207"}],"collection":[{"href":"http:\/\/hoycordobaweb.com\/index.php\/wp-json\/wp\/v2\/posts"}],"about":[{"href":"http:\/\/hoycordobaweb.com\/index.php\/wp-json\/wp\/v2\/types\/post"}],"author":[{"embeddable":true,"href":"http:\/\/hoycordobaweb.com\/index.php\/wp-json\/wp\/v2\/users\/1"}],"replies":[{"embeddable":true,"href":"http:\/\/hoycordobaweb.com\/index.php\/wp-json\/wp\/v2\/comments?post=91207"}],"version-history":[{"count":0,"href":"http:\/\/hoycordobaweb.com\/index.php\/wp-json\/wp\/v2\/posts\/91207\/revisions"}],"wp:attachment":[{"href":"http:\/\/hoycordobaweb.com\/index.php\/wp-json\/wp\/v2\/media?parent=91207"}],"wp:term":[{"taxonomy":"category","embeddable":true,"href":"http:\/\/hoycordobaweb.com\/index.php\/wp-json\/wp\/v2\/categories?post=91207"},{"taxonomy":"post_tag","embeddable":true,"href":"http:\/\/hoycordobaweb.com\/index.php\/wp-json\/wp\/v2\/tags?post=91207"}],"curies":[{"name":"wp","href":"https:\/\/api.w.org\/{rel}","templated":true}]}}