{"id":90934,"date":"2024-12-10T22:24:13","date_gmt":"2024-12-10T22:24:13","guid":{"rendered":"https:\/\/www.ole.com.ar\/internacional\/simeone-conferencia-champions-descanso-calendario-bratislava_0_8W6bQV2FLZ.html"},"modified":"2024-12-10T22:24:13","modified_gmt":"2024-12-10T22:24:13","slug":"simeone-previo-al-cruce-por-champions-ellos-descansaron-cinco-dias-nosotros-ni-68-horas","status":"publish","type":"post","link":"http:\/\/hoycordobaweb.com\/index.php\/2024\/12\/10\/simeone-previo-al-cruce-por-champions-ellos-descansaron-cinco-dias-nosotros-ni-68-horas\/","title":{"rendered":"Simeone previo al cruce por Champions: \u00abEllos descansaron cinco d\u00edas, nosotros ni 68 horas\u00bb"},"content":{"rendered":"<p><img src=\"http:\/\/hoycordobaweb.com\/wp-content\/uploads\/2024\/12\/simeone-previo-al-cruce-por-champions-ellos-descansaron-cinco-dias-nosotros-ni-68-horas.jpg\"><\/p>\n<p><time class=\"createDate\" datetime=\"2024-12-10T19:24:13-03:00\">10\/12\/2024 19:24hs.<\/time><\/p>\n<div id=\"storyBody\">\n<div class=\"custom-text \" readability=\"34.135593220339\">\n<p>En un f\u00fatbol cada vez m\u00e1s cuestionado por los calendarios apretados y las competiciones que se superponen sin demasiada diferencia entre sus fechas, son cada vez m\u00e1s los referentes que expresan su opini\u00f3n sobre el tema. En esta ocasi\u00f3n fue <strong><a href=\"https:\/\/www.ole.com.ar\/tema\/diego-simeone.html\" target=\"_blank\" title=\"Diego Simeone\" alt=\"Diego Simeone\" rel=\"noopener noreferrer\">Diego Simeone<\/a><\/strong>, entrenador del <strong><a href=\"https:\/\/www.ole.com.ar\/tema\/atletico-madrid.html\" target=\"_blank\" title=\"Atl\u00e9tico de Madrid\" alt=\"Atl\u00e9tico de Madrid\" rel=\"noopener noreferrer\">Atl\u00e9tico de Madrid<\/a><\/strong>, quien previo al duelo contra Bratislava por la <strong><a href=\"https:\/\/www.ole.com.ar\/futbol-internacional\/champions\" target=\"_blank\" title=\"Champions League\" alt=\"Champions League\" rel=\"noopener noreferrer\">Champions League<\/a><\/strong> <strong>no dej\u00f3 pasar la oportunidad de hablar sobre la disparidad en cuanto al tiempo de descanso respecto a su rival.<\/strong><\/p>\n<\/div>\n<div class=\"custom-text \" readability=\"39\">\n<p>La queja del t\u00e9cnico argentino surge a ra\u00edz del horario del \u00faltimo compromiso del Atl\u00e9tico contra el Sevilla por LaLiga, que se jug\u00f3 el domingo a las 21:00hs en Espa\u00f1a: \u00abNosotros nos centramos en el partido a partido, no hay otra manera de prepararse. Vamos a ser mirados por el partido de ma\u00f1ana, <strong>a nadie le importa que el rival llega con cinco d\u00edas de descanso y nosotros no llegamos ni a las 60 y pico de horas. Pero si no jugamos bien, nos van a criticar\u00bb.<\/strong><\/p>\n<\/div>\n<div class=\"custom-text \" readability=\"39\">\n<p>En otro comentario, el Cholo tambi\u00e9n habl\u00f3 sobre las rachas, buenas y malas, de los colchoneros en esta temporada: \u00abSiempre se nos exige estar a tope y no es f\u00e1cil. Uno intenta acercarse a lo que el equipo transmite y en este \u00faltimo periodo hemos encontrado soluciones, ya sea con los que salen de inicio o con los que acaban\u00bb.<\/p>\n<\/div>\n<p><h2><strong>Video: Simeone y su cr\u00edtica al calendario<\/strong><\/h2>\n<\/p>\n<div class=\"sc-734b4696-1 kFfZtB\">\n<div class=\"sc-d00d9e74-0 hnHYbk\" type=\"embed\">\n<div class=\"sc-d00d9e74-1 iKVbz videoText\" id=\"contentTitleembedUUlsqtnD\" type=\"embed\"><svg fill=\"#ffffff\"><symbol id=\"play\" viewBox=\"0 0 512 512\"><path d=\"M512 256C512 397.4 397.4 512 256 512C114.6 512 0 397.4 0 256C0 114.6 114.6 0 256 0C397.4 0 512 114.6 512 256zM176 168V344C176 352.7 180.7 360.7 188.3 364.9C195.8 369.2 205.1 369 212.5 364.5L356.5 276.5C363.6 272.1 368 264.4 368 256C368 247.6 363.6 239.9 356.5 235.5L212.5 147.5C205.1 142.1 195.8 142.8 188.3 147.1C180.7 151.3 176 159.3 176 168V168z\" \/><\/symbol><use xlink:href=\"#play\" \/><\/svg><\/p>\n<div class=\"right\">\n<p>Atl\u00e9tico Madrid<!-- --> &#8211; <span>&nbsp;<\/span><\/p>\n<h2 class=\"title-vid\">Simeone en conferencia de prensa<\/h2>\n<\/div>\n<\/div>\n<p><span class=\"back\" id=\"spanBackembedUUlsqtnD\"><\/span><\/div>\n<p>Video: Marca.<\/p>\n<\/div>\n<div class=\"custom-text \" readability=\"42\">\n<p>Respecto al rival, el Slovan Bratislava ocupa la pen\u00faltima posici\u00f3n, sin haber sumado puntos en esta edici\u00f3n de la Liga de Campeones. A pesar de esto, Simeone no subestim\u00f3 al conjunto eslovaco: \u00abNo miramos los rivales por la tabla de posiciones, sino los enfrentamos por sus caracter\u00edsticas. <strong>Nos vamos a encontrar un rival que defiende bastante bajo en sus partidos de Champions<\/strong>, con un trabajo importante colectivo para intentar tener esa fortaleza y, a partir de ah\u00ed, aprovechar el contragolpe\u00bb.<\/p>\n<\/div>\n<div class=\"sc-e7b891c4-0 ifHnQL image-embed\"><img alt=\"El Atl\u00e9tico viene de un gran triunfo por 6-0 frente al Sparta por la fecha 5. (EFE\/EPA\/MARTIN DIVISEK)\" loading=\"lazy\" width=\"720\" height=\"100\" decoding=\"async\" data-nimg=\"1\" src=\"http:\/\/hoycordobaweb.com\/wp-content\/uploads\/2024\/12\/simeone-previo-al-cruce-por-champions-ellos-descansaron-cinco-dias-nosotros-ni-68-horas-2.jpg\"><span class=\"epigraphe\">El Atl\u00e9tico viene de un gran triunfo por 6-0 frente al Sparta por la fecha 5. (EFE\/EPA\/MARTIN DIVISEK)<\/span><\/div>\n<div class=\"custom-text \" readability=\"39\">\n<p>\u00abCreo que ese es el tipo de partido que tendremos que jugar y llevarlo a donde creemos que podemos hacerles da\u00f1o\u00bb, agreg\u00f3 el t\u00e9cnico argentino, quien destac\u00f3 la importancia de jugar de manera inteligente y adaptarse a lo que surja durante el encuentro. <strong>\u00abSeg\u00fan lo que vaya ocurriendo en el partido, debemos ir ajustando nuestra forma de actuar\u00bb<\/strong>, concluy\u00f3.<\/p>\n<\/div>\n<p><h2><strong>La gran actualidad del Atl\u00e9tico<\/strong><\/h2>\n<\/p>\n<div class=\"custom-text \" readability=\"39\">\n<p>La realidad que atraviesa el equipo de Simeone lo hace llegar en forma para el pr\u00f3ximo cruce en la Champions. Lejos qued\u00f3 ese flojo arranque, en el que se cuestionaba el rendimiento dentro de la cancha y el de sus figuras. <strong>Ahora, el elenco madrile\u00f1o lleva un total de nueve victorias consecutivas entre todas las competiciones<\/strong>. Durante la seguidilla, el Colchonero consigui\u00f3 la abultada cifra de 29 goles, una n\u00famero que los coloca como favoritos para ascender en la tabla de este nuevo formato de competici\u00f3n.<\/p>\n<\/div>\n<div class=\"sc-e7b891c4-0 ifHnQL image-embed\"><img alt=\"Juli\u00e1n \u00c1lvarez, clave dentro del esquema del Colchonero con 11 goles en la temporada. EFE\/ Julio Mu\u00f1oz\" loading=\"lazy\" width=\"720\" height=\"100\" decoding=\"async\" data-nimg=\"1\" src=\"http:\/\/hoycordobaweb.com\/wp-content\/uploads\/2024\/12\/simeone-previo-al-cruce-por-champions-ellos-descansaron-cinco-dias-nosotros-ni-68-horas-3.jpg\"><span class=\"epigraphe\">Juli\u00e1n \u00c1lvarez, clave dentro del esquema del Colchonero con 11 goles en la temporada. EFE\/ Julio Mu\u00f1oz<\/span><\/div>\n<p><h2><strong>\u00bfCu\u00e1ndo juegan Atl\u00e9tico Madrid vs. Slovan Bratislava?<\/strong><\/h2>\n<\/p>\n<div class=\"custom-text \" readability=\"35\">\n<p>El partido se disputar\u00e1 este <strong>mi\u00e9rcoles 11 de diciembre<\/strong> a las <strong>14:45<\/strong> de Argentina, en el Estadio Metropolitano. A su vez, ser\u00e1 transmitido por la pantalla de <strong>ESPN.<\/strong><\/p>\n<\/div>\n<\/div>\n","protected":false},"excerpt":{"rendered":"<p>10\/12\/2024 19:24hs. En un f\u00fatbol cada vez m\u00e1s cuestionado por los calendarios apretados y las competiciones que se superponen sin demasiada diferencia entre sus fechas, son cada vez m\u00e1s los referentes que expresan su opini\u00f3n sobre el tema. En esta ocasi\u00f3n fue Diego Simeone, entrenador del Atl\u00e9tico de Madrid, quien previo al duelo contra Bratislava [&hellip;]<\/p>\n","protected":false},"author":1,"featured_media":90935,"comment_status":"open","ping_status":"closed","sticky":false,"template":"","format":"standard","meta":[],"categories":[16],"tags":[],"_links":{"self":[{"href":"http:\/\/hoycordobaweb.com\/index.php\/wp-json\/wp\/v2\/posts\/90934"}],"collection":[{"href":"http:\/\/hoycordobaweb.com\/index.php\/wp-json\/wp\/v2\/posts"}],"about":[{"href":"http:\/\/hoycordobaweb.com\/index.php\/wp-json\/wp\/v2\/types\/post"}],"author":[{"embeddable":true,"href":"http:\/\/hoycordobaweb.com\/index.php\/wp-json\/wp\/v2\/users\/1"}],"replies":[{"embeddable":true,"href":"http:\/\/hoycordobaweb.com\/index.php\/wp-json\/wp\/v2\/comments?post=90934"}],"version-history":[{"count":0,"href":"http:\/\/hoycordobaweb.com\/index.php\/wp-json\/wp\/v2\/posts\/90934\/revisions"}],"wp:featuredmedia":[{"embeddable":true,"href":"http:\/\/hoycordobaweb.com\/index.php\/wp-json\/wp\/v2\/media\/90935"}],"wp:attachment":[{"href":"http:\/\/hoycordobaweb.com\/index.php\/wp-json\/wp\/v2\/media?parent=90934"}],"wp:term":[{"taxonomy":"category","embeddable":true,"href":"http:\/\/hoycordobaweb.com\/index.php\/wp-json\/wp\/v2\/categories?post=90934"},{"taxonomy":"post_tag","embeddable":true,"href":"http:\/\/hoycordobaweb.com\/index.php\/wp-json\/wp\/v2\/tags?post=90934"}],"curies":[{"name":"wp","href":"https:\/\/api.w.org\/{rel}","templated":true}]}}