{"id":9087,"date":"2021-01-03T18:30:00","date_gmt":"2021-01-03T18:30:00","guid":{"rendered":"https:\/\/www.perfil.com\/noticias\/actualidad\/tecnopolis-hospital-covid-reabre-al-publico.phtml"},"modified":"2021-01-03T18:30:00","modified_gmt":"2021-01-03T18:30:00","slug":"tecnopolis-deja-de-ser-hospital-anti-covid-y-reabre-al-publico-para-entretenimiento","status":"publish","type":"post","link":"http:\/\/hoycordobaweb.com\/index.php\/2021\/01\/03\/tecnopolis-deja-de-ser-hospital-anti-covid-y-reabre-al-publico-para-entretenimiento\/","title":{"rendered":"Tecn\u00f3polis deja de ser hospital anti Covid y reabre al p\u00fablico para entretenimiento"},"content":{"rendered":"<p><img src=\"http:\/\/hoycordobaweb.com\/wp-content\/uploads\/2021\/01\/tecnopolis-deja-de-ser-hospital-anti-covid-y-reabre-al-publico-para-entretenimiento.jpg\"><\/p>\n<aside class=\"relatedPost\">\n<h3>Noticias Relacionadas<\/h3>\n<\/aside>\n<p>Tras haber sido utilizado como Parque Sanitario para tratar casos de coronavirus, el espacio <a target=\"_blank\" href=\"https:\/\/www.perfil.com\/noticias\/politica\/tecnopolis-de-cuidados-sanitarios-a-entretenimiento-para-los-pacientes-con-coronavirus.phtml\" rel=\"noopener noreferrer\"><strong>Tecn\u00f3polis<\/strong><\/a> volver\u00e1 a abrir sus puertas. El hist\u00f3rico parque tecnol\u00f3gico cient\u00edfico ofrecer\u00e1 desde el mi\u00e9rcoles de la semana que viene<strong> distintas actividades educativas y culturales hasta el 16 de febrero.<\/strong><\/p>\n<p>Para la reinauguraci\u00f3n, el espacio contar\u00e1 con la participaci\u00f3n de artistas y referentes culturales como <strong>Dar\u00edo Sztajnszrajber, Bersuit Vergarabat y Agust\u00edn Franzoni.<\/strong><\/p>\n<p>\u00abDurante 27 jornadas, las y <strong>los visitantes podr\u00e1n disfrutar de propuestas al aire libre <\/strong>con capacidad limitada en cuatro espacios del Parque, dise\u00f1ados especialmente para garantizar el cumplimiento de todos los protocolos y recomendaciones sanitarias necesarias en el marco del Distanciamiento Social, Preventivo y Obligatorio que rige en nuestro pa\u00eds frente a la pandemia por Covid-19&#8243;, se\u00f1alaron las autoridades de Tecn\u00f3polis en un comunicado difundido a la prensa.<\/p>\n<p class=\"destacadoNota\"><strong><a target=\"_blank\" href=\"https:\/\/www.perfil.com\/noticias\/cultura\/volvio-tecnopolis-con-nuevas-propuestas-para-las-vacaciones-de-invierno.phtml\" rel=\"noopener noreferrer\">Volvi\u00f3 Tecn\u00f3polis con nuevas propuestas para las vacaciones de invierno<\/a><\/strong><\/p>\n<p>Para evitar las aglomeraciones, el parque dispuso que <strong>el p\u00fablico deber\u00e1 reservar sus entradas previamente <\/strong>por medio de la p\u00e1gina web de Tecn\u00f3polis y acceder a la actividad escogida por los ingresos correspondientes, algo que no suced\u00eda en las ediciones anteriores, en las que la entrada era de libre acceso.<\/p>\n<p>Los organizadores remarcaron adem\u00e1s que \u00abpara el ingreso se sugiere llegar una hora antes del comienzo de la actividad y llevar DNI, la entrada y la declaraci\u00f3n jurada de salud vigente (formulario online, App CuidAR o sistema equivalente), al margen de que se le tomar\u00e1 la temperatura a cada persona\u00bb.<\/p>\n<p>Tambi\u00e9n sostuvieron que<strong> cada lunes se publicar\u00e1 la agenda<\/strong> de cada una de las propuestas de la semana para que el p\u00fablico pueda acceder a la reserva anticipada de entradas, cuyas cantidades var\u00edan en funci\u00f3n de las capacidades m\u00e1ximas validadas por protocolo oficial.<\/p>\n<div>\n<figure class=\"image\"><img alt=\"tecnopolis-hospital-07042020-1\" src=\"http:\/\/hoycordobaweb.com\/wp-content\/uploads\/2021\/01\/tecnopolis-deja-de-ser-hospital-anti-covid-y-reabre-al-publico-para-entretenimiento-2.jpg\"><figcaption>Tecn\u00f3pol\u00eds abri\u00f3 en julio de 2020 como parque sanitario por el Covid.<\/figcaption><\/figure>\n<\/div>\n<h2>Hospital anti Covid<\/h2>\n<p>Tecn\u00f3polis fue inaugurado en la primera semana de julio de 2020 por el gobierno de la provincia de Buenos Aires como un lugar con 350 camas para atender a pacientes leves de covid-19. Se pens\u00f3 como un refuerzo para evitar la saturaci\u00f3n del sistema sanitario durante lo que vendr\u00eda luego, el pico de casos tanto en provincia de Buenos Aires como en la Ciudad de Buenos Aires. El lugar casi no lleg\u00f3 a usarse, y el gobernador Axel Kicillof ofreci\u00f3 una suma de 500 pesos por hasta 10 d\u00edas para aquellos que cumplieran el aislamiento por coronavirus en ese predio, de 28 mil metros cuadrados.&nbsp;<\/p>\n<p>En la segunda semana de enero de 2021, Tecn\u00f3polis volver\u00e1 a ser un predio destinado al entretenimiento, aunque el Covid sigue en ascenso en el \u00c1rea Metropolitana de Buenos Aires (AMBA) y registr\u00f3 la \u00faltima semana cifras preocupantes, que recordaron a aquel pico de agosto y septiembre.&nbsp;<\/p>\n<div>\n<figure class=\"image\"><img alt=\"20200418_ciudad_conurbano_camas_coronavirus_tecnopolis_cedoc_g\" src=\"http:\/\/hoycordobaweb.com\/wp-content\/uploads\/2021\/01\/tecnopolis-deja-de-ser-hospital-anti-covid-y-reabre-al-publico-para-entretenimiento-3.jpg\"><figcaption>El predio lleg\u00f3 a tener 350 camas, aunque se us\u00f3 poco.<\/figcaption><\/figure>\n<\/div>\n<p>AB\/MC<\/p>\n","protected":false},"excerpt":{"rendered":"<p>Noticias Relacionadas Tras haber sido utilizado como Parque Sanitario para tratar casos de coronavirus, el espacio Tecn\u00f3polis volver\u00e1 a abrir sus puertas. El hist\u00f3rico parque tecnol\u00f3gico cient\u00edfico ofrecer\u00e1 desde el mi\u00e9rcoles de la semana que viene distintas actividades educativas y culturales hasta el 16 de febrero. Para la reinauguraci\u00f3n, el espacio contar\u00e1 con la participaci\u00f3n [&hellip;]<\/p>\n","protected":false},"author":1,"featured_media":9088,"comment_status":"closed","ping_status":"closed","sticky":false,"template":"","format":"standard","meta":[],"categories":[1],"tags":[],"_links":{"self":[{"href":"http:\/\/hoycordobaweb.com\/index.php\/wp-json\/wp\/v2\/posts\/9087"}],"collection":[{"href":"http:\/\/hoycordobaweb.com\/index.php\/wp-json\/wp\/v2\/posts"}],"about":[{"href":"http:\/\/hoycordobaweb.com\/index.php\/wp-json\/wp\/v2\/types\/post"}],"author":[{"embeddable":true,"href":"http:\/\/hoycordobaweb.com\/index.php\/wp-json\/wp\/v2\/users\/1"}],"replies":[{"embeddable":true,"href":"http:\/\/hoycordobaweb.com\/index.php\/wp-json\/wp\/v2\/comments?post=9087"}],"version-history":[{"count":0,"href":"http:\/\/hoycordobaweb.com\/index.php\/wp-json\/wp\/v2\/posts\/9087\/revisions"}],"wp:featuredmedia":[{"embeddable":true,"href":"http:\/\/hoycordobaweb.com\/index.php\/wp-json\/wp\/v2\/media\/9088"}],"wp:attachment":[{"href":"http:\/\/hoycordobaweb.com\/index.php\/wp-json\/wp\/v2\/media?parent=9087"}],"wp:term":[{"taxonomy":"category","embeddable":true,"href":"http:\/\/hoycordobaweb.com\/index.php\/wp-json\/wp\/v2\/categories?post=9087"},{"taxonomy":"post_tag","embeddable":true,"href":"http:\/\/hoycordobaweb.com\/index.php\/wp-json\/wp\/v2\/tags?post=9087"}],"curies":[{"name":"wp","href":"https:\/\/api.w.org\/{rel}","templated":true}]}}