{"id":90749,"date":"2024-12-08T23:50:17","date_gmt":"2024-12-08T23:50:17","guid":{"rendered":"https:\/\/www.ole.com.ar\/internacional\/fernandodiniz-fluminense-libertadores-cruzeiro_0_IsdkSzdjc4.html"},"modified":"2024-12-08T23:50:17","modified_gmt":"2024-12-08T23:50:17","slug":"insolito-diniz-se-entero-que-lo-echaban-en-conferencia-de-prensa","status":"publish","type":"post","link":"http:\/\/hoycordobaweb.com\/index.php\/2024\/12\/08\/insolito-diniz-se-entero-que-lo-echaban-en-conferencia-de-prensa\/","title":{"rendered":"Ins\u00f3lito: Diniz se enter\u00f3 que lo echaban en conferencia de prensa"},"content":{"rendered":"<p><img src=\"http:\/\/hoycordobaweb.com\/wp-content\/uploads\/2024\/12\/insolito-diniz-se-entero-que-lo-echaban-en-conferencia-de-prensa.jpg\"><\/p>\n<p><time class=\"createDate\" datetime=\"2024-12-08T20:50:17-03:00\">08\/12\/2024 20:50hs.<\/time><\/p>\n<div id=\"storyBody\">\n<div class=\"custom-text \" readability=\"37.333333333333\">\n<p><strong><a href=\"https:\/\/www.ole.com.ar\/tema\/fernando-diniz.html\" title=\"Fernando Diniz\" alt=\"Fernando Diniz\" class=\"slug\">Fernando Diniz<\/a><\/strong> ya hab\u00eda vivido una situaci\u00f3n ins\u00f3lita a principio de a\u00f1o: fue el t\u00e9cnico de <strong><a href=\"https:\/\/www.ole.com.ar\/tema\/fluminense.html\" title=\"Fluminense\" alt=\"Fluminense\" class=\"slug\">Fluminense<\/a><\/strong>, equipo al que sac\u00f3 campe\u00f3n de la Libertadores 2023, y de la selecci\u00f3n brasile\u00f1a al mismo tiempo. Lo echaron de ambos cargos y hasta este domingo condujo al Cruzeiro, que le gan\u00f3 1 a 0 a Juventude en la \u00faltima fecha del <strong><a href=\"https:\/\/www.ole.com.ar\/tema\/brasileirao.html\" title=\"brasileirao\" alt=\"brasileirao\" class=\"slug\">Brasileirao<\/a><\/strong>. Ya en la conferencia de prensa, <strong>se produjo una situaci\u00f3n bizarra cuando los periodistas le avisaron que hab\u00eda sido despedido, pese a que la entidad no hab\u00eda oficializado nada.<\/strong><\/p>\n<\/div>\n<div class=\"custom-text \" readability=\"45\">\n<p>\u00abLo digo en serio y trato el f\u00fatbol con cari\u00f1o, amor, y mi vida seguir\u00e1. <strong>Siento esto como una falta de respeto, porque me enter\u00e9 por la prensa. <\/strong>Alexandre (Mattos, presidente) me llam\u00f3, me dijo que pod\u00eda pasar cualquier cosa, pero algo muy vago. Lo s\u00e9 desde el jueves, ellos saben m\u00e1s que yo sobre lo que me va a pasar. Una falta de respeto muy grande, la verdad, porque tuve infinidad de propuestas y vine al Cruzeiro. No hab\u00eda claridad sobre las cosas\u00bb, cont\u00f3.<\/p>\n<\/div>\n<div class=\"custom-text \" readability=\"40\">\n<p>\u00abMe siento muy irrespetado y yo respeto a la gente. Se habl\u00f3 mucho, pero yo ya lo sab\u00eda, no soy tonto. Cuando vienen estas cosas (&#8230;) Llevo 40 a\u00f1os en el f\u00fatbol, \u200b\u200by eso es lo que tenemos que saber vivir. La prensa lo sabe de antemano, vivimos m\u00e1s fuera que dentro. Solo cuenta si ganas el partido\u00bb, agreg\u00f3 Diniz.<\/p>\n<\/div>\n<div class=\"custom-text \" readability=\"39\">\n<p>\u00abEl d\u00eda a d\u00eda era genial, no hab\u00eda nada, no ten\u00eda ning\u00fan problema (con la dirigencia). <strong>Lo digo aqu\u00ed, si se confirma (el despido). Hasta ahora nadie me ha dicho &#8216;est\u00e1s despedido&#8217;<\/strong>. Creo que es una manera espuria de hacer eso, con cualquiera\u00bb, afirm\u00f3.<\/p>\n<\/div>\n<div class=\"custom-text \" readability=\"43\">\n<p>\u00abYo no vivo as\u00ed, creo que es una mediocridad vivir as\u00ed. No me concentro solo en el resultado final. No soy campe\u00f3n de la Libertadores, soy mucho m\u00e1s que eso, soy una persona. Hoy Tevis marc\u00f3 un gol, lo celebrar\u00e1n. Si pierde dos, ya no sirve. \u00bfQu\u00e9 queremos cambiar? Queremos sangre y audiencia. Me siento muy irrespetado. No me arrepiento de haber venido, porque vine con el coraz\u00f3n abierto para hacer un trabajo justo y honesto\u00bb, opin\u00f3 Diniz, muy alterado.<\/p>\n<\/div>\n<div class=\"custom-text \" readability=\"35\">\n<p>De todas maneras, hasta este domingo por la noche la directiva no hab\u00eda oficializado la baja de Diniz, aunque las consultas de Ol\u00e9 con la prensa de Belo Horizonte lo dan por seguro.<\/p>\n<\/div>\n<div class=\"sc-e7b891c4-0 ifHnQL image-embed\"><img alt=\"Fernando Diniz ya no es el DT de Cruzeiro.\" loading=\"lazy\" width=\"720\" height=\"100\" decoding=\"async\" data-nimg=\"1\" src=\"http:\/\/hoycordobaweb.com\/wp-content\/uploads\/2024\/12\/insolito-diniz-se-entero-que-lo-echaban-en-conferencia-de-prensa-2.jpg\"><span class=\"epigraphe\">Fernando Diniz ya no es el DT de Cruzeiro.<\/span><\/div>\n<p><h2><strong>Hasta la final<\/strong><\/h2>\n<\/p>\n<div class=\"custom-text \" readability=\"40\">\n<p>Cruzeiro lleg\u00f3 hasta la final de la Copa Sudamericana con la gesti\u00f3n de Diniz, pero perdi\u00f3 3 a 1 frente a Racing en La Nueva Olla de Asunci\u00f3n. En el Brasileirao, termin\u00f3 noveno, por lo que jugar\u00e1 el mismo torneo continental en 2025. Contra Juventude, arranc\u00f3 Lucas Romero, mientras que Lautaro D\u00edaz ingres\u00f3 en el segundo tiempo.<\/p>\n<\/div>\n<div class=\"sc-e7b891c4-0 ifHnQL image-embed\"><img alt=\"Tevis festeja el gol con sus compa\u00f1eros.\" loading=\"lazy\" width=\"720\" height=\"100\" decoding=\"async\" data-nimg=\"1\" src=\"http:\/\/hoycordobaweb.com\/wp-content\/uploads\/2024\/12\/insolito-diniz-se-entero-que-lo-echaban-en-conferencia-de-prensa-3.jpg\"><span class=\"epigraphe\">Tevis festeja el gol con sus compa\u00f1eros.<\/span><\/div>\n<div class=\"sc-a7166897-0 eoLsBE\" readability=\"6\">\n<section readability=\"2\"><picture><img alt=\"Otra goleada de Corinthians y Ram\u00f3n D\u00edaz potenci\u00f3 el r\u00e9cord\" loading=\"lazy\" width=\"290\" height=\"290\" decoding=\"async\" data-nimg=\"1\" src=\"http:\/\/hoycordobaweb.com\/wp-content\/uploads\/2024\/12\/insolito-diniz-se-entero-que-lo-echaban-en-conferencia-de-prensa-4.jpg\"><\/picture>\n<p><span>Mir\u00e1 tambi\u00e9n<\/span><\/p>\n<hr>\n<h3>Otra goleada de Corinthians y Ram\u00f3n D\u00edaz potenci\u00f3 el r\u00e9cord<\/h3>\n<\/p>\n<\/section>\n<\/div>\n<div class=\"sc-a7166897-0 eoLsBE\" readability=\"6.5\">\n<section readability=\"3\"><picture><img alt=\"Botafogo campe\u00f3n y Paranaense al descenso: se salvaron Fluminense y Mineiro en el Brasileirao\" loading=\"lazy\" width=\"290\" height=\"290\" decoding=\"async\" data-nimg=\"1\" src=\"http:\/\/hoycordobaweb.com\/wp-content\/uploads\/2024\/12\/insolito-diniz-se-entero-que-lo-echaban-en-conferencia-de-prensa-5.jpg\"><\/picture>\n<p><span>Mir\u00e1 tambi\u00e9n<\/span><\/p>\n<hr>\n<h3>Botafogo campe\u00f3n y Paranaense al descenso: se salvaron Fluminense y Mineiro en el Brasileirao<\/h3>\n<\/p>\n<\/section>\n<\/div>\n<div class=\"sc-a7166897-0 eoLsBE\" readability=\"6\">\n<section readability=\"2\"><picture><img alt=\"De la mano de Demichelis: la larga espera de Rayados para regresar a una final \" loading=\"lazy\" width=\"290\" height=\"290\" decoding=\"async\" data-nimg=\"1\" src=\"http:\/\/hoycordobaweb.com\/wp-content\/uploads\/2024\/12\/insolito-diniz-se-entero-que-lo-echaban-en-conferencia-de-prensa-6.jpg\"><\/picture>\n<p><span>Mir\u00e1 tambi\u00e9n<\/span><\/p>\n<hr>\n<h3>De la mano de Demichelis: la larga espera de Rayados para regresar a una final <\/h3>\n<\/p>\n<\/section>\n<\/div>\n<\/div>\n","protected":false},"excerpt":{"rendered":"<p>08\/12\/2024 20:50hs. Fernando Diniz ya hab\u00eda vivido una situaci\u00f3n ins\u00f3lita a principio de a\u00f1o: fue el t\u00e9cnico de Fluminense, equipo al que sac\u00f3 campe\u00f3n de la Libertadores 2023, y de la selecci\u00f3n brasile\u00f1a al mismo tiempo. Lo echaron de ambos cargos y hasta este domingo condujo al Cruzeiro, que le gan\u00f3 1 a 0 a [&hellip;]<\/p>\n","protected":false},"author":1,"featured_media":90750,"comment_status":"open","ping_status":"closed","sticky":false,"template":"","format":"standard","meta":[],"categories":[16],"tags":[],"_links":{"self":[{"href":"http:\/\/hoycordobaweb.com\/index.php\/wp-json\/wp\/v2\/posts\/90749"}],"collection":[{"href":"http:\/\/hoycordobaweb.com\/index.php\/wp-json\/wp\/v2\/posts"}],"about":[{"href":"http:\/\/hoycordobaweb.com\/index.php\/wp-json\/wp\/v2\/types\/post"}],"author":[{"embeddable":true,"href":"http:\/\/hoycordobaweb.com\/index.php\/wp-json\/wp\/v2\/users\/1"}],"replies":[{"embeddable":true,"href":"http:\/\/hoycordobaweb.com\/index.php\/wp-json\/wp\/v2\/comments?post=90749"}],"version-history":[{"count":0,"href":"http:\/\/hoycordobaweb.com\/index.php\/wp-json\/wp\/v2\/posts\/90749\/revisions"}],"wp:featuredmedia":[{"embeddable":true,"href":"http:\/\/hoycordobaweb.com\/index.php\/wp-json\/wp\/v2\/media\/90750"}],"wp:attachment":[{"href":"http:\/\/hoycordobaweb.com\/index.php\/wp-json\/wp\/v2\/media?parent=90749"}],"wp:term":[{"taxonomy":"category","embeddable":true,"href":"http:\/\/hoycordobaweb.com\/index.php\/wp-json\/wp\/v2\/categories?post=90749"},{"taxonomy":"post_tag","embeddable":true,"href":"http:\/\/hoycordobaweb.com\/index.php\/wp-json\/wp\/v2\/tags?post=90749"}],"curies":[{"name":"wp","href":"https:\/\/api.w.org\/{rel}","templated":true}]}}