{"id":90665,"date":"2024-12-08T11:41:51","date_gmt":"2024-12-08T11:41:51","guid":{"rendered":"https:\/\/www.mujerhoy.com\/moda\/no-te-pierdas\/bandana-cuello-accesorio-tendencia-invierno-prescriptoras-moda-20241208115046-nt.html"},"modified":"2024-12-08T11:41:51","modified_gmt":"2024-12-08T11:41:51","slug":"bandana-al-cuello-el-accesorio-que-aprobamos-las-editoras-de-moda-y-que-queda-mejor-que-la-clasica-bufanda","status":"publish","type":"post","link":"http:\/\/hoycordobaweb.com\/index.php\/2024\/12\/08\/bandana-al-cuello-el-accesorio-que-aprobamos-las-editoras-de-moda-y-que-queda-mejor-que-la-clasica-bufanda\/","title":{"rendered":"Bandana al cuello: el accesorio que aprobamos las editoras de moda y que queda mejor que la cl\u00e1sica bufanda"},"content":{"rendered":"<p><!-- AUTHOR --> <\/p>\n<div class=\"voc-author-timesocial \"> <!-- AUTHOR --> <\/p>\n<div class=\"voc-author-timesocial__signature \">\n<div class=\"voc-author-timesocial__img-c\"> <!-- IMAGE AUTHOR --> <picture class=\"voc-image-signature\"> <img class=\"voc-image-signature__img\" src=\"http:\/\/hoycordobaweb.com\/wp-content\/uploads\/2024\/12\/bandana-al-cuello-el-accesorio-que-aprobamos-las-editoras-de-moda-y-que-queda-mejor-que-la-clasica-bufanda.jpg\" alt=\"Carla Dom\u00ednguez\"> <\/picture> <\/div>\n<p> <!-- INFO AUTHOR --> <\/div><\/div>\n<p> <!-- COMPONENTS --> <\/p>\n<p class=\"voc-paragraph\" data-mrf-recirculation=\"Link art\u00edculo\">Cuando abrimos las redes sociales y todo el mundo est\u00e1 llevando algo, es que tiene muchas posibilidades de convertirse en viral. Es lo que ha pasado con un accesorio de lo m\u00e1s inesperado este invierno. Hablamos <a data-voc-vtm-id=\"in-text-traffic\" href=\"https:\/\/www.mujerhoy.com\/moda\/tendencias\/accesorios-de-lujo-para-verano-bolsos-joyas-gafas-sol-20240516100528-nt.html\" data-mrf-link=\"https:\/\/www.mujerhoy.com\/moda\/tendencias\/accesorios-de-lujo-para-verano-bolsos-joyas-gafas-sol-20240516100528-nt.html\">del famoso pa\u00f1uelo bandana.<\/a>\n<\/p>\n<p class=\"voc-paragraph\" data-mrf-recirculation=\"Link art\u00edculo\">Si a\u00fan no tienes este accesorio, es hora de que te hagas con \u00e9l porque se agotar\u00e1 en la mayor\u00eda de las firmas. \u00bfPero qu\u00e9 tiene de especial? \u00bfPor qu\u00e9 es la nueva bufanda de la temporada? Te contamos algunos de los motivos de por qu\u00e9 <a data-voc-vtm-id=\"in-text-traffic\" href=\"https:\/\/www.mujerhoy.com\/moda\/no-te-pierdas\/panuelos-accesorio-moda-primavera-como-llevarlo-influencers-20240403113719-nt.html\" data-mrf-link=\"https:\/\/www.mujerhoy.com\/moda\/no-te-pierdas\/panuelos-accesorio-moda-primavera-como-llevarlo-influencers-20240403113719-nt.html\">la bandana triunfa<\/a><br \/>\n.\n<\/p>\n<p class=\"voc-paragraph\" data-mrf-recirculation=\"Link art\u00edculo\">Aunque este complemento ha llegado con fuerza, realmente no es nuevo. Surgi\u00f3 gracias a los vaqueros del Oeste y luego se lo apropiaron otras subculturas como las <i>pin up<\/i> o los <i>hippies<\/i> de los a\u00f1os 60. Tambo\u00e9n se populariz\u00f3 m\u00e1s tarde y algunos rostros conocidos como Beyonc\u00e9 o incluso la famos\u00edsima Carolyn Bessette Kennedy, lo llevaron.\n<\/p>\n<p class=\"voc-paragraph\" data-mrf-recirculation=\"Link art\u00edculo\">Ahora <strong>la bandana vuelve con ganas<\/strong> y no solo la ver\u00e1s en invierno, sino que tambi\u00e9n pretende quedarse hasta la \u00e9poca de primavera-verano. Un accesorio que da un toque de lo elegante y original a cualquier look. \u00bfPero en qu\u00e9 colores veremos este complemento?\n<\/p>\n<p class=\"voc-paragraph\" data-mrf-recirculation=\"Link art\u00edculo\">La bandana original est\u00e1 caracteriza por un estampado estampado paisley y <strong>tejido especialmente de algod\u00f3n o cashmere.<\/strong> Cuenta normalmente con una amplia variedad de colores pasando por el rojo, verde, amarillo hasta el famoso burdeos. <\/p>\n<p class=\"voc-paragraph\" data-mrf-recirculation=\"Link art\u00edculo\">La ventaja de este complemento es que se puede lucir en la cabeza, en el asa del bolso o incluso a modo de top. Pero es cierto que en las \u00faltimas semanas, vemos muchas <strong>prescriptoras de moda<\/strong> luciendo este pa\u00f1uelo atado al cuello para darle un aspecto m\u00e1s elegante.\n<\/p>\n<p><h3 class=\"voc-detail__title\"> Las mejoras bandanas para lucir la tendencia de la temporada<br \/>\n<\/h3>\n<\/p>\n<p class=\"voc-paragraph\" data-mrf-recirculation=\"Link art\u00edculo\">Si quieres sumarte al furor de este accesorio de moda, puedes hacerlo gracias a estas opciones que hemos seleccionado. <strong>Tres bandanas ideales y perfectas<\/strong> para completar tus estilismos de la temporada. Diferentes, estilosas e id\u00f3neas para alegrar tus looks.\n<\/p>\n<div class=\"voc-detail__cmp\">\n<div class=\"voc-article-container\">\n<article class=\"voc-article voc-article--cmp-photo-text\" readability=\"26\">\n<div class=\"voc-img-container\" readability=\"7\"> <picture>\n<div class=\"voc-horizontal voc-img-icon-link\"> <img loading=\"lazy\" src=\"http:\/\/hoycordobaweb.com\/wp-content\/uploads\/2024\/12\/bandana-al-cuello-el-accesorio-que-aprobamos-las-editoras-de-moda-y-que-queda-mejor-que-la-clasica-bufanda.webp\" alt=\"Bandana en color verde de Levi's.\" width=\"624\" height=\"624\"> <\/div>\n<\/picture>\n<p class=\"figure-caption \"> Bandana en color verde de Levi&#8217;s. \/ <span class=\"voc-photo-author\"> levi&#8217;s <\/span> <\/p>\n<\/p><\/div>\n<\/article><\/div>\n<\/div>\n<p class=\"voc-paragraph\" data-mrf-recirculation=\"Link art\u00edculo\"><strong>Bandana en color verde de Levi&#8217;s.<\/strong> La famos\u00edsima firma de vaqueros se ha lanzado tambi\u00e9n al universo de estos complementos de moda. Es una bandana en color verde con estampado. Viene en dos colores: verde y naranja. Est\u00e1 disponible por 45 euros.\n<\/p>\n<div class=\"voc-detail__cmp\">\n<div class=\"voc-article-container\">\n<article class=\"voc-article voc-article--cmp-photo-text\" readability=\"26\">\n<div class=\"voc-img-container\" readability=\"7\"> <picture>\n<div class=\"voc-horizontal voc-img-icon-link\"> <img loading=\"lazy\" src=\"http:\/\/hoycordobaweb.com\/wp-content\/uploads\/2024\/12\/bandana-al-cuello-el-accesorio-que-aprobamos-las-editoras-de-moda-y-que-queda-mejor-que-la-clasica-bufanda-1.webp\" alt=\"Dos bandanas en marr\u00f3n y negro de Urban Classics.\" width=\"624\" height=\"624\"> <\/div>\n<\/picture>\n<p class=\"figure-caption \"> Dos bandanas en marr\u00f3n y negro de Urban Classics. \/ <span class=\"voc-photo-author\"> d.r <\/span> <\/p>\n<\/p><\/div>\n<\/article><\/div>\n<\/div>\n<p class=\"voc-paragraph\" data-mrf-recirculation=\"Link art\u00edculo\"><strong>Dos bandanas en marr\u00f3n y negro de Urban Classics.<\/strong> Se trata de dos pa\u00f1uelos ideales con el cl\u00e1sico estampado paisley. Son dos bandanas que se pueden conseguir por unos 13,99 euros ya que tienen descuento. Tambi\u00e9n est\u00e1n disponibles en m\u00e1s tonalidades.\n<\/p>\n<div class=\"voc-detail__cmp\">\n<div class=\"voc-article-container\">\n<article class=\"voc-article voc-article--cmp-photo-text\" readability=\"26\">\n<div class=\"voc-img-container\" readability=\"7\"> <picture>\n<div class=\"voc-horizontal voc-img-icon-link\"> <img loading=\"lazy\" src=\"http:\/\/hoycordobaweb.com\/wp-content\/uploads\/2024\/12\/bandana-al-cuello-el-accesorio-que-aprobamos-las-editoras-de-moda-y-que-queda-mejor-que-la-clasica-bufanda-2.webp\" alt=\"Bandana con estampado de lunares de Bijou Brigitte.\" width=\"624\" height=\"624\"> <\/div>\n<\/picture>\n<p class=\"figure-caption \"> Bandana con estampado de lunares de Bijou Brigitte. \/ <span class=\"voc-photo-author\"> d.r <\/span> <\/p>\n<\/p><\/div>\n<\/article><\/div>\n<\/div>\n<p class=\"voc-paragraph\" data-mrf-recirculation=\"Link art\u00edculo\"><strong>Bandana con estampado de lunares de Bijou Brigitte.<\/strong> En esta firma de joyer\u00eda tambi\u00e9n puedes hacerte con algunos accesorios tendencia como las bandanas. Hay muchas opciones y acabados. Uno de los que m\u00e1s nos ha gustado es este modelo con el cl\u00e1sico estampado de lunares.\n<\/p>\n<p> <!-- TOPICS --> <\/p>\n","protected":false},"excerpt":{"rendered":"<p>Cuando abrimos las redes sociales y todo el mundo est\u00e1 llevando algo, es que tiene muchas posibilidades de convertirse en viral. Es lo que ha pasado con un accesorio de lo m\u00e1s inesperado este invierno. Hablamos del famoso pa\u00f1uelo bandana. Si a\u00fan no tienes este accesorio, es hora de que te hagas con \u00e9l porque [&hellip;]<\/p>\n","protected":false},"author":1,"featured_media":90666,"comment_status":"closed","ping_status":"closed","sticky":false,"template":"","format":"standard","meta":[],"categories":[],"tags":[],"_links":{"self":[{"href":"http:\/\/hoycordobaweb.com\/index.php\/wp-json\/wp\/v2\/posts\/90665"}],"collection":[{"href":"http:\/\/hoycordobaweb.com\/index.php\/wp-json\/wp\/v2\/posts"}],"about":[{"href":"http:\/\/hoycordobaweb.com\/index.php\/wp-json\/wp\/v2\/types\/post"}],"author":[{"embeddable":true,"href":"http:\/\/hoycordobaweb.com\/index.php\/wp-json\/wp\/v2\/users\/1"}],"replies":[{"embeddable":true,"href":"http:\/\/hoycordobaweb.com\/index.php\/wp-json\/wp\/v2\/comments?post=90665"}],"version-history":[{"count":0,"href":"http:\/\/hoycordobaweb.com\/index.php\/wp-json\/wp\/v2\/posts\/90665\/revisions"}],"wp:featuredmedia":[{"embeddable":true,"href":"http:\/\/hoycordobaweb.com\/index.php\/wp-json\/wp\/v2\/media\/90666"}],"wp:attachment":[{"href":"http:\/\/hoycordobaweb.com\/index.php\/wp-json\/wp\/v2\/media?parent=90665"}],"wp:term":[{"taxonomy":"category","embeddable":true,"href":"http:\/\/hoycordobaweb.com\/index.php\/wp-json\/wp\/v2\/categories?post=90665"},{"taxonomy":"post_tag","embeddable":true,"href":"http:\/\/hoycordobaweb.com\/index.php\/wp-json\/wp\/v2\/tags?post=90665"}],"curies":[{"name":"wp","href":"https:\/\/api.w.org\/{rel}","templated":true}]}}