{"id":90653,"date":"2024-12-08T02:40:33","date_gmt":"2024-12-08T02:40:33","guid":{"rendered":"https:\/\/www.ole.com.ar\/equipos\/racing\/racing-club-santiago-sosa-liga-profesional-velez-central-cordoba_0_WilBBuuUjs.html"},"modified":"2024-12-08T02:40:33","modified_gmt":"2024-12-08T02:40:33","slug":"santiago-sosa-del-no-estuvimos-en-partido-al-perdimos-muchos-puntos","status":"publish","type":"post","link":"http:\/\/hoycordobaweb.com\/index.php\/2024\/12\/08\/santiago-sosa-del-no-estuvimos-en-partido-al-perdimos-muchos-puntos\/","title":{"rendered":"Santiago Sosa: del \u00abno estuvimos en partido\u00bb al \u00abperdimos muchos puntos\u00bb"},"content":{"rendered":"<p><img src=\"http:\/\/hoycordobaweb.com\/wp-content\/uploads\/2024\/12\/santiago-sosa-del-no-estuvimos-en-partido-al-perdimos-muchos-puntos.jpg\"><\/p>\n<p><time class=\"createDate\" datetime=\"2024-12-07T23:40:33-03:00\">07\/12\/2024 23:40hs.<\/time><\/p>\n<div id=\"storyBody\">\n<div class=\"custom-text \" readability=\"46\">\n<p><strong>Racing no pudo aprovechar una chance \u00fanica.<\/strong> Pocos podr\u00edan pensar que luego de aquella alocada ca\u00edda 4-5 ante Estudiantes, la Academia podr\u00eda volver a tener la chance de acercarse a V\u00e9lez y so\u00f1ar con quedarse con la Liga Profesional. Sin embargo, a minutos de salir a la cancha para enfrentar a Central C\u00f3rdoba, los de Gustavo Costas recibieron la noticia de que el Fort\u00edn hab\u00eda ca\u00eddo en su visita a Santa Fe, un resultado que, de ganar, los dejar\u00eda a dos puntos con una fecha por disputarse. Pese a ello, <strong>el equipo de Avellaneda fue la sombra del que gan\u00f3 la Sudamericana y cay\u00f3 3-1 ante los santiague\u00f1os, que jugaron con suplentes en vistas de la final de la Copa Argentina del pr\u00f3ximo mi\u00e9rcoles<\/strong>. Tras la derrota, Santiago Sosa, uno de los estandartes del equipo campe\u00f3n en Paraguay, hizo una gran autocr\u00edtica<strong>: \u00abEs una l\u00e1stima\u00bb.<\/strong><\/p>\n<\/div>\n<p><h2>Sosa: \u00abHicimos un torneo que no fue tan bueno\u00bb<\/h2>\n<\/p>\n<div class=\"custom-text \" readability=\"38\">\n<p><strong>Racing entr\u00f3 fuera de ritmo.<\/strong> Desde el inicio se notaba que los de Gustavo Costas no estaban a tono con lo que se estaban jugando, ni m\u00e1s ni menos que la chance de acercarse a V\u00e9lez en la cima y avivar la posibilidad de ser campe\u00f3n luego de la derrota ante Estudiantes en el Cilindro. <strong>Claro, los avisos no tardaron en llegar, ya que Facundo Cambeses meti\u00f3 un atajadon con el encuentro reci\u00e9n empezado para luego tapar un penal. <\/strong><\/p>\n<\/div>\n<div class=\"sc-734b4696-1 kFfZtB\">\n<div class=\"sc-d00d9e74-0 hnHYbk\" type=\"embed\">\n<div class=\"sc-d00d9e74-1 iKVbz videoText\" id=\"contentTitleembedpZIT5dw4\" type=\"embed\"><svg fill=\"#ffffff\"><symbol id=\"play\" viewBox=\"0 0 512 512\"><path d=\"M512 256C512 397.4 397.4 512 256 512C114.6 512 0 397.4 0 256C0 114.6 114.6 0 256 0C397.4 0 512 114.6 512 256zM176 168V344C176 352.7 180.7 360.7 188.3 364.9C195.8 369.2 205.1 369 212.5 364.5L356.5 276.5C363.6 272.1 368 264.4 368 256C368 247.6 363.6 239.9 356.5 235.5L212.5 147.5C205.1 142.1 195.8 142.8 188.3 147.1C180.7 151.3 176 159.3 176 168V168z\" \/><\/symbol><use xlink:href=\"#play\" \/><\/svg><\/p>\n<div class=\"right\">\n<p>Racing<!-- --> &#8211; <span>&nbsp;<\/span><\/p>\n<h2 class=\"title-vid\">El Ferroviario venci\u00f3 3-1 a Racing<\/h2>\n<\/div>\n<\/div>\n<p><span class=\"back\" id=\"spanBackembedpZIT5dw4\"><\/span><\/div>\n<p>Video: ESPN<\/p>\n<\/div>\n<div class=\"custom-text \" readability=\"42\">\n<p>M\u00e1s all\u00e1 de las se\u00f1ales, los de Costas nunca reaccionaron y se fueron 0-2 al final del primer tiempo para recibir el tercer gol de los locales al comienzo del complemento. M\u00e1s all\u00e1 de alguna peque\u00f1a reacci\u00f3n tras el tanto de Agust\u00edn Garc\u00eda Basso, la Academia nunca pudo meterse en partido y se qued\u00f3 afuera de la lucha por el t\u00edtulo, ya que qued\u00f3 a cinco puntos de V\u00e9lez, que hab\u00eda ca\u00eddo en Santa Fe ante Uni\u00f3n.<strong> \u00abEs una l\u00e1stima, sab\u00edamos que V\u00e9lez hab\u00eda perdido antes que nosotros<\/strong>. No estuvimos en ning\u00fan momento dentro del partido. Que se le va a hacer, queda ganar con nuestra gente\u00bb, dijo Sosa tras el encuentro. <\/p>\n<\/div>\n<p><h2>\u00abHicimos un torneo que no fue tan bueno\u00bb<\/h2>\n<\/p>\n<div class=\"custom-text \" readability=\"36\">\n<p>A lo que agreg\u00f3: \u00abQue se le va a hacer, queda ganar con nuestra gente. <strong>Son muchas cosas, quieras o no como jugadores haber jugado la final en Paraguay lleva un desgaste mental muy grande m\u00e1s all\u00e1 de lo f\u00edsico.<\/strong> Tambi\u00e9n es complicado enchufarse de nuevo. Hicimos un torneo que no fue tan bueno\u00bb. <\/p>\n<\/div>\n<div class=\"custom-text \" readability=\"39\">\n<p>A su vez, el mediocampista se lament\u00f3 no solo por las ca\u00eddas reciente en Santiago del Estero y ante Estudiantes de La Plata, sino que tambi\u00e9n asegur\u00f3 que perdieron demasiados puntos a lo largo de las 26 fechas que se llevan disputadas. \u00abSabemos que competimos hasta la ante\u00faltima fecha. <strong>Fue un torneo muy largo en el que perdimos varios partidos. A mi manera de ver las cosas perdimos varios puntos, no solo hoy y con Estudiantes\u00bb,<\/strong> confes\u00f3. <\/p>\n<\/div>\n<div class=\"sc-e7b891c4-0 ifHnQL image-embed\"><img alt=\"La salida de Racing .Foto:Federico Chara\" loading=\"lazy\" width=\"720\" height=\"100\" decoding=\"async\" data-nimg=\"1\" src=\"http:\/\/hoycordobaweb.com\/wp-content\/uploads\/2024\/12\/santiago-sosa-del-no-estuvimos-en-partido-al-perdimos-muchos-puntos-2.jpg\"><span class=\"epigraphe\">La salida de Racing .Foto:Federico Chara<\/span><\/div>\n<div class=\"sc-a7166897-0 eoLsBE\" readability=\"6.5\">\n<section readability=\"3\"><picture><img alt=\"Tras la derrota de V\u00e9lez: qu\u00e9 combinaci\u00f3n de resultados necesita Boca para jugar la Libertadores 2025\" loading=\"lazy\" width=\"290\" height=\"290\" decoding=\"async\" data-nimg=\"1\" src=\"http:\/\/hoycordobaweb.com\/wp-content\/uploads\/2024\/12\/santiago-sosa-del-no-estuvimos-en-partido-al-perdimos-muchos-puntos-3.jpg\"><\/picture>\n<p><span>Mir\u00e1 tambi\u00e9n<\/span><\/p>\n<hr>\n<h3>Tras la derrota de V\u00e9lez: qu\u00e9 combinaci\u00f3n de resultados necesita Boca para jugar la Libertadores 2025<\/h3>\n<\/p>\n<\/section>\n<\/div>\n<div class=\"sc-a7166897-0 eoLsBE\" readability=\"6.5\">\n<section readability=\"3\"><picture><img alt=\"Pelea de tres: qu\u00e9 necesitan V\u00e9lez, Talleres y Hurac\u00e1n para ser campe\u00f3n\" loading=\"lazy\" width=\"290\" height=\"290\" decoding=\"async\" data-nimg=\"1\" src=\"http:\/\/hoycordobaweb.com\/wp-content\/uploads\/2024\/12\/santiago-sosa-del-no-estuvimos-en-partido-al-perdimos-muchos-puntos-4.jpg\"><\/picture>\n<p><span>Mir\u00e1 tambi\u00e9n<\/span><\/p>\n<hr>\n<h3>Pelea de tres: qu\u00e9 necesitan V\u00e9lez, Talleres y Hurac\u00e1n para ser campe\u00f3n<\/h3>\n<\/p>\n<\/section>\n<\/div>\n<div class=\"sc-a7166897-0 eoLsBE\" readability=\"6\">\n<section readability=\"2\"><picture><img alt=\"El uno por uno de la derrota de Racing ante Central C\u00f3rdoba \" loading=\"lazy\" width=\"290\" height=\"290\" decoding=\"async\" data-nimg=\"1\" src=\"http:\/\/hoycordobaweb.com\/wp-content\/uploads\/2024\/12\/santiago-sosa-del-no-estuvimos-en-partido-al-perdimos-muchos-puntos-5.jpg\"><\/picture>\n<p><span>Mir\u00e1 tambi\u00e9n<\/span><\/p>\n<hr>\n<h3>El uno por uno de la derrota de Racing ante Central C\u00f3rdoba <\/h3>\n<\/p>\n<\/section>\n<\/div>\n<\/div>\n","protected":false},"excerpt":{"rendered":"<p>07\/12\/2024 23:40hs. Racing no pudo aprovechar una chance \u00fanica. Pocos podr\u00edan pensar que luego de aquella alocada ca\u00edda 4-5 ante Estudiantes, la Academia podr\u00eda volver a tener la chance de acercarse a V\u00e9lez y so\u00f1ar con quedarse con la Liga Profesional. Sin embargo, a minutos de salir a la cancha para enfrentar a Central C\u00f3rdoba, [&hellip;]<\/p>\n","protected":false},"author":1,"featured_media":90654,"comment_status":"open","ping_status":"closed","sticky":false,"template":"","format":"standard","meta":[],"categories":[16],"tags":[],"_links":{"self":[{"href":"http:\/\/hoycordobaweb.com\/index.php\/wp-json\/wp\/v2\/posts\/90653"}],"collection":[{"href":"http:\/\/hoycordobaweb.com\/index.php\/wp-json\/wp\/v2\/posts"}],"about":[{"href":"http:\/\/hoycordobaweb.com\/index.php\/wp-json\/wp\/v2\/types\/post"}],"author":[{"embeddable":true,"href":"http:\/\/hoycordobaweb.com\/index.php\/wp-json\/wp\/v2\/users\/1"}],"replies":[{"embeddable":true,"href":"http:\/\/hoycordobaweb.com\/index.php\/wp-json\/wp\/v2\/comments?post=90653"}],"version-history":[{"count":0,"href":"http:\/\/hoycordobaweb.com\/index.php\/wp-json\/wp\/v2\/posts\/90653\/revisions"}],"wp:featuredmedia":[{"embeddable":true,"href":"http:\/\/hoycordobaweb.com\/index.php\/wp-json\/wp\/v2\/media\/90654"}],"wp:attachment":[{"href":"http:\/\/hoycordobaweb.com\/index.php\/wp-json\/wp\/v2\/media?parent=90653"}],"wp:term":[{"taxonomy":"category","embeddable":true,"href":"http:\/\/hoycordobaweb.com\/index.php\/wp-json\/wp\/v2\/categories?post=90653"},{"taxonomy":"post_tag","embeddable":true,"href":"http:\/\/hoycordobaweb.com\/index.php\/wp-json\/wp\/v2\/tags?post=90653"}],"curies":[{"name":"wp","href":"https:\/\/api.w.org\/{rel}","templated":true}]}}