{"id":90651,"date":"2024-12-08T03:05:50","date_gmt":"2024-12-08T03:05:50","guid":{"rendered":"https:\/\/www.ole.com.ar\/equipos\/racing\/racing-club-gustavo-costas-central-cordoba-liga-profesional-velez_0_tQoEvHw0kE.html"},"modified":"2024-12-08T03:05:50","modified_gmt":"2024-12-08T03:05:50","slug":"costas-abatido-no-tenemos-que-ser-mediocres","status":"publish","type":"post","link":"http:\/\/hoycordobaweb.com\/index.php\/2024\/12\/08\/costas-abatido-no-tenemos-que-ser-mediocres\/","title":{"rendered":"Costas, abatido: \u00abNo tenemos que ser mediocres\u00bb"},"content":{"rendered":"<p><img src=\"http:\/\/hoycordobaweb.com\/wp-content\/uploads\/2024\/12\/costas-abatido-no-tenemos-que-ser-mediocres.jpg\"><\/p>\n<p><span class=\"createDate\">08\/12\/2024 00:05hs.<\/span><time class=\"modificatedDate\" datetime=\"2024-12-08T00:39:15-03:00\"> Actualizado al 08\/12\/2024 00:39hs.<\/time><\/p>\n<div id=\"storyBody\">\n<div class=\"custom-text \" readability=\"37\">\n<p><strong>Gustavo Costas estaba abatido<\/strong>. Daba la imagen de desaz\u00f3n, la misma que hab\u00eda demostrado Racing en la derrota por 3-1 ante Central C\u00f3rdoba. La ca\u00edda de V\u00e9lez hab\u00eda dejado al equipo ante la chance de un triunfo que le permitiera seguir so\u00f1ando con el t\u00edtulo, pero <strong>el tropez\u00f3n en Santiago del Estero lo margin\u00f3 definitivamente de a lucha por el t\u00edtulo en la Liga Profesional.<\/strong><\/p>\n<\/div>\n<p><h2>Costas y el lamento por no poder pelear hasta el final<\/h2>\n<\/p>\n<div class=\"custom-text \" readability=\"38\">\n<p><strong>\u201cEra muy dif\u00edcil meternos en este partido. Cuesta cambiar el chip\u201d,<\/strong> arranc\u00f3 el t\u00e9cnico durante la conferencia de prensa, con relaci\u00f3n a que, seg\u00fan su mirada, fue que el equipo se enfocara de lleno en el torneo local despu\u00e9s de la conquista de la Copa Sudamericana.<\/p>\n<\/div>\n<div class=\"custom-text \" readability=\"37\">\n<p>Al mismo tiempo, el entrenador mand\u00f3 un fuerte mensaje puertas adentro y hacia el afuera: \u201cNo tenemos que ser mediocres, no tenemos que conformarnos con esto, m\u00e1s all\u00e1 de que ganamos una Copa internacional despu\u00e9s de 36 a\u00f1os. Hay que llevar a Racing a lo m\u00e1s alto\u201d.<\/p>\n<\/div>\n<div class=\"custom-text \" readability=\"38\">\n<p>Siempre en un tono bajo, sin la efusividad de otros momentos, le pidi\u00f3 <strong>\u201cperd\u00f3n a los hinchas porque no pudimos en la Liga, pero se dej\u00f3 todo, estoy orgulloso de ser cabeza de este grupo <\/strong>porque se brind\u00f3 y tuvo mucho compromiso por el club; pero este grupo s\u00e9 que puede dar m\u00e1s\u201d.<\/p>\n<\/div>\n<div class=\"sc-e7b891c4-0 ifHnQL image-embed\"><img alt=\"GustavoCostas.Central C\u00f3rdoba - Racing.Foto:Federico Chara\" loading=\"lazy\" width=\"720\" height=\"100\" decoding=\"async\" data-nimg=\"1\" src=\"http:\/\/hoycordobaweb.com\/wp-content\/uploads\/2024\/12\/costas-abatido-no-tenemos-que-ser-mediocres-2.jpg\"><span class=\"epigraphe\">GustavoCostas.Central C\u00f3rdoba &#8211; Racing.Foto:Federico Chara<\/span><\/div>\n<div class=\"custom-text \" readability=\"48\">\n<p>El entrenador, asimismo, intent\u00f3 levantar el \u00e1nimo para el horizonte: \u201cSe vienen un mont\u00f3n de Copas, se viene un a\u00f1o con momentos hermosos. <strong>Hay que prepararse y darle lo m\u00e1ximo a este club\u201d<\/strong>. Costas record\u00f3 que \u201clogramos lo que quer\u00edamos en la Sudamericana\u201d, utiliz\u00f3 como atenuante que \u201clos que pelean arriba nuestro en el campeonato no jugaron Copa\u201d e hizo un an\u00e1lisis cr\u00edtico de la actuaci\u00f3n de Racing. Sobre todo, por lo que vio en la etapa inicial. \u201cHab\u00eda jugado algunos malos partidos, pero nunca nos hab\u00edan llevado por delante como hoy. <strong>Perdimos los duelos ofensivos, los defensivos, no hubo&#8230; En el primer tiempo, principalmente. Despu\u00e9s, ya no\u201d<\/strong>, dijo. Y se refiri\u00f3 a la ausencia de Maravilla Mart\u00ednez: \u201cVen\u00eda de jugar muchos partidos seguidos, con cargas. En Rosario (vs. Central) hubo un doble esfuerzo, tuvo contracturas en ambas piernas\u201d.<\/p>\n<\/div>\n<div class=\"custom-text \" readability=\"33\">\n<p>Un Costas aut\u00e9ntico. Y esta vez,&nbsp;muy&nbsp;dolido.<\/p>\n<\/div>\n<div class=\"sc-734b4696-1 kFfZtB\">\n<div class=\"sc-d00d9e74-0 hnHYbk\" type=\"embed\">\n<div class=\"sc-d00d9e74-1 iKVbz videoText\" id=\"contentTitleembedpZIT5dw4\" type=\"embed\"><svg fill=\"#ffffff\"><symbol id=\"play\" viewBox=\"0 0 512 512\"><path d=\"M512 256C512 397.4 397.4 512 256 512C114.6 512 0 397.4 0 256C0 114.6 114.6 0 256 0C397.4 0 512 114.6 512 256zM176 168V344C176 352.7 180.7 360.7 188.3 364.9C195.8 369.2 205.1 369 212.5 364.5L356.5 276.5C363.6 272.1 368 264.4 368 256C368 247.6 363.6 239.9 356.5 235.5L212.5 147.5C205.1 142.1 195.8 142.8 188.3 147.1C180.7 151.3 176 159.3 176 168V168z\" \/><\/symbol><use xlink:href=\"#play\" \/><\/svg><\/p>\n<div class=\"right\">\n<p>Racing<!-- --> &#8211; <span>&nbsp;<\/span><\/p>\n<h2 class=\"title-vid\">El Ferroviario venci\u00f3 3-1 a Racing<\/h2>\n<\/div>\n<\/div>\n<p><span class=\"back\" id=\"spanBackembedpZIT5dw4\"><\/span><\/div>\n<p>Video: ESPN<\/p>\n<\/div>\n<div class=\"sc-a7166897-0 eoLsBE\" readability=\"6\">\n<section readability=\"2\"><picture><img alt=\"El uno por uno de la derrota de Racing ante Central C\u00f3rdoba \" loading=\"lazy\" width=\"290\" height=\"290\" decoding=\"async\" data-nimg=\"1\" src=\"http:\/\/hoycordobaweb.com\/wp-content\/uploads\/2024\/12\/costas-abatido-no-tenemos-que-ser-mediocres-3.jpg\"><\/picture>\n<p><span>Mir\u00e1 tambi\u00e9n<\/span><\/p>\n<hr>\n<h3>El uno por uno de la derrota de Racing ante Central C\u00f3rdoba <\/h3>\n<\/p>\n<\/section>\n<\/div>\n<div class=\"sc-a7166897-0 eoLsBE\" readability=\"6\">\n<section readability=\"2\"><picture><img alt=\"Santiago Sosa: del &quot;no estuvimos en partido&quot; al &quot;perdimos muchos puntos&quot;\" loading=\"lazy\" width=\"290\" height=\"290\" decoding=\"async\" data-nimg=\"1\" src=\"http:\/\/hoycordobaweb.com\/wp-content\/uploads\/2024\/12\/costas-abatido-no-tenemos-que-ser-mediocres-4.jpg\"><\/picture>\n<p><span>Mir\u00e1 tambi\u00e9n<\/span><\/p>\n<hr>\n<h3>Santiago Sosa: del \u00abno estuvimos en partido\u00bb al \u00abperdimos muchos puntos\u00bb<\/h3>\n<\/p>\n<\/section>\n<\/div>\n<div class=\"sc-a7166897-0 eoLsBE\" readability=\"6\">\n<section readability=\"2\"><picture><img alt=\"Racing perdi\u00f3 con los suplentes de Central C\u00f3rdoba y se qued\u00f3 sin chances\" loading=\"lazy\" width=\"290\" height=\"290\" decoding=\"async\" data-nimg=\"1\" src=\"http:\/\/hoycordobaweb.com\/wp-content\/uploads\/2024\/12\/costas-abatido-no-tenemos-que-ser-mediocres-5.jpg\"><\/picture>\n<p><span>Mir\u00e1 tambi\u00e9n<\/span><\/p>\n<hr>\n<h3>Racing perdi\u00f3 con los suplentes de Central C\u00f3rdoba y se qued\u00f3 sin chances<\/h3>\n<\/p>\n<\/section>\n<\/div>\n<\/div>\n","protected":false},"excerpt":{"rendered":"<p>08\/12\/2024 00:05hs. Actualizado al 08\/12\/2024 00:39hs. Gustavo Costas estaba abatido. Daba la imagen de desaz\u00f3n, la misma que hab\u00eda demostrado Racing en la derrota por 3-1 ante Central C\u00f3rdoba. La ca\u00edda de V\u00e9lez hab\u00eda dejado al equipo ante la chance de un triunfo que le permitiera seguir so\u00f1ando con el t\u00edtulo, pero el tropez\u00f3n en [&hellip;]<\/p>\n","protected":false},"author":1,"featured_media":90652,"comment_status":"open","ping_status":"closed","sticky":false,"template":"","format":"standard","meta":[],"categories":[16],"tags":[],"_links":{"self":[{"href":"http:\/\/hoycordobaweb.com\/index.php\/wp-json\/wp\/v2\/posts\/90651"}],"collection":[{"href":"http:\/\/hoycordobaweb.com\/index.php\/wp-json\/wp\/v2\/posts"}],"about":[{"href":"http:\/\/hoycordobaweb.com\/index.php\/wp-json\/wp\/v2\/types\/post"}],"author":[{"embeddable":true,"href":"http:\/\/hoycordobaweb.com\/index.php\/wp-json\/wp\/v2\/users\/1"}],"replies":[{"embeddable":true,"href":"http:\/\/hoycordobaweb.com\/index.php\/wp-json\/wp\/v2\/comments?post=90651"}],"version-history":[{"count":0,"href":"http:\/\/hoycordobaweb.com\/index.php\/wp-json\/wp\/v2\/posts\/90651\/revisions"}],"wp:featuredmedia":[{"embeddable":true,"href":"http:\/\/hoycordobaweb.com\/index.php\/wp-json\/wp\/v2\/media\/90652"}],"wp:attachment":[{"href":"http:\/\/hoycordobaweb.com\/index.php\/wp-json\/wp\/v2\/media?parent=90651"}],"wp:term":[{"taxonomy":"category","embeddable":true,"href":"http:\/\/hoycordobaweb.com\/index.php\/wp-json\/wp\/v2\/categories?post=90651"},{"taxonomy":"post_tag","embeddable":true,"href":"http:\/\/hoycordobaweb.com\/index.php\/wp-json\/wp\/v2\/tags?post=90651"}],"curies":[{"name":"wp","href":"https:\/\/api.w.org\/{rel}","templated":true}]}}