{"id":90643,"date":"2024-12-08T01:33:12","date_gmt":"2024-12-08T01:33:12","guid":{"rendered":"http:\/\/hoycordobaweb.com\/index.php\/2024\/12\/08\/estudiantes-de-la-plata-esta-interesado-en-la-contratacion-de-santiago-nunez-de-santos-laguna\/"},"modified":"2024-12-08T01:33:12","modified_gmt":"2024-12-08T01:33:12","slug":"estudiantes-de-la-plata-esta-interesado-en-la-contratacion-de-santiago-nunez-de-santos-laguna","status":"publish","type":"post","link":"http:\/\/hoycordobaweb.com\/index.php\/2024\/12\/08\/estudiantes-de-la-plata-esta-interesado-en-la-contratacion-de-santiago-nunez-de-santos-laguna\/","title":{"rendered":"Estudiantes de La Plata est\u00e1 interesado en la contrataci\u00f3n de Santiago N\u00fa\u00f1ez de Santos Laguna"},"content":{"rendered":"<p>Un futbolista de la plantilla de los Guerreros podr\u00eda salir en este mercado de pases rumbo a la Liga Profesional del <b>futbol argentino<\/b>. <\/p>\n","protected":false},"excerpt":{"rendered":"<p>Un futbolista de la plantilla de los Guerreros podr\u00eda salir en este mercado de pases rumbo a la Liga Profesional del futbol argentino.<\/p>\n","protected":false},"author":1,"featured_media":0,"comment_status":"closed","ping_status":"closed","sticky":false,"template":"","format":"standard","meta":[],"categories":[22],"tags":[],"_links":{"self":[{"href":"http:\/\/hoycordobaweb.com\/index.php\/wp-json\/wp\/v2\/posts\/90643"}],"collection":[{"href":"http:\/\/hoycordobaweb.com\/index.php\/wp-json\/wp\/v2\/posts"}],"about":[{"href":"http:\/\/hoycordobaweb.com\/index.php\/wp-json\/wp\/v2\/types\/post"}],"author":[{"embeddable":true,"href":"http:\/\/hoycordobaweb.com\/index.php\/wp-json\/wp\/v2\/users\/1"}],"replies":[{"embeddable":true,"href":"http:\/\/hoycordobaweb.com\/index.php\/wp-json\/wp\/v2\/comments?post=90643"}],"version-history":[{"count":0,"href":"http:\/\/hoycordobaweb.com\/index.php\/wp-json\/wp\/v2\/posts\/90643\/revisions"}],"wp:attachment":[{"href":"http:\/\/hoycordobaweb.com\/index.php\/wp-json\/wp\/v2\/media?parent=90643"}],"wp:term":[{"taxonomy":"category","embeddable":true,"href":"http:\/\/hoycordobaweb.com\/index.php\/wp-json\/wp\/v2\/categories?post=90643"},{"taxonomy":"post_tag","embeddable":true,"href":"http:\/\/hoycordobaweb.com\/index.php\/wp-json\/wp\/v2\/tags?post=90643"}],"curies":[{"name":"wp","href":"https:\/\/api.w.org\/{rel}","templated":true}]}}