{"id":90581,"date":"2024-12-07T20:24:21","date_gmt":"2024-12-07T20:24:21","guid":{"rendered":"http:\/\/hoycordobaweb.com\/index.php\/2024\/12\/07\/la-titular-de-la-ex-afip-afuera-el-gobierno-desplazo-a-florencia-misrahi\/"},"modified":"2024-12-07T20:24:21","modified_gmt":"2024-12-07T20:24:21","slug":"la-titular-de-la-ex-afip-afuera-el-gobierno-desplazo-a-florencia-misrahi","status":"publish","type":"post","link":"http:\/\/hoycordobaweb.com\/index.php\/2024\/12\/07\/la-titular-de-la-ex-afip-afuera-el-gobierno-desplazo-a-florencia-misrahi\/","title":{"rendered":"La titular de la ex AFIP, afuera: el Gobierno desplaz\u00f3 a Florencia Misrahi"},"content":{"rendered":"<div class=\"media_block\"><\/div>\n<div><img src=\"http:\/\/hoycordobaweb.com\/wp-content\/uploads\/2024\/12\/la-titular-de-la-ex-afip-afuera-el-gobierno-desplazo-a-florencia-misrahi.jpg\" class=\"ff-og-image-inserted\"><\/div>\n<p>El Gobierno nacional desplaz\u00f3 hoy a la titular de la ex AFIP, ahora denominada Agencia de Recaudaci\u00f3n y Control Aduanero (ARCA)-, <a target=\"_blank\" href=\"https:\/\/www.perfil.com\/noticias\/politica\/santiago-caputo-robespierre-y-la-motosierra-afilada-de-javier-milei.phtml\" rel=\"noopener noreferrer\"><strong>Florencia Misrahi<\/strong><\/a>, por orden del presidente <a target=\"_blank\" href=\"https:\/\/www.perfil.com\/noticias\/actualidad\/cristina-se-divierte-viendo-a-lla-chapotear-en-el-barro-kueider-che-milei-den-quorum.phtml\" rel=\"noopener noreferrer\"><strong>Javier Milei<\/strong><\/a>.<\/p>\n<p>\u00abEl Presidente de la Naci\u00f3n tom\u00f3 la decisi\u00f3n de echar a la titular de ARCA y a dos funcionarios por la modificaci\u00f3n al r\u00e9gimen de streamers e influencers. Juan Pazo asumir\u00e1 como nuevo titular de ARCA y Pablo Quirno asumir\u00e1 el rol de Secretario de Relaciones Econ\u00f3micas Internacionales de la Canciller\u00eda Argentina\u00bb, sostuvo el vocero Manuel Adorni en redes sociales.<\/p>\n<div class=\"subscription\" readability=\"6.683257918552\">\n<p> Esto no les gusta a los autoritarios <\/p>\n<div class=\"subscription__container\" readability=\"6.1467391304348\">\n<div class=\"subscription__text-wrapper\" readability=\"31.20652173913\">\n<p> El ejercicio del periodismo profesional y cr\u00edtico es un pilar fundamental de la democracia. Por eso molesta a quienes creen ser los due\u00f1os de la verdad. <\/p>\n<\/p><\/div><\/div><\/div>\n<p><em>En desarrollo&#8230;<\/em><\/p>\n","protected":false},"excerpt":{"rendered":"<p>El Gobierno nacional desplaz\u00f3 hoy a la titular de la ex AFIP, ahora denominada Agencia de Recaudaci\u00f3n y Control Aduanero (ARCA)-, Florencia Misrahi, por orden del presidente Javier Milei. \u00abEl Presidente de la Naci\u00f3n tom\u00f3 la decisi\u00f3n de echar a la titular de ARCA y a dos funcionarios por la modificaci\u00f3n al r\u00e9gimen de streamers [&hellip;]<\/p>\n","protected":false},"author":1,"featured_media":90582,"comment_status":"closed","ping_status":"closed","sticky":false,"template":"","format":"standard","meta":[],"categories":[19],"tags":[],"_links":{"self":[{"href":"http:\/\/hoycordobaweb.com\/index.php\/wp-json\/wp\/v2\/posts\/90581"}],"collection":[{"href":"http:\/\/hoycordobaweb.com\/index.php\/wp-json\/wp\/v2\/posts"}],"about":[{"href":"http:\/\/hoycordobaweb.com\/index.php\/wp-json\/wp\/v2\/types\/post"}],"author":[{"embeddable":true,"href":"http:\/\/hoycordobaweb.com\/index.php\/wp-json\/wp\/v2\/users\/1"}],"replies":[{"embeddable":true,"href":"http:\/\/hoycordobaweb.com\/index.php\/wp-json\/wp\/v2\/comments?post=90581"}],"version-history":[{"count":0,"href":"http:\/\/hoycordobaweb.com\/index.php\/wp-json\/wp\/v2\/posts\/90581\/revisions"}],"wp:featuredmedia":[{"embeddable":true,"href":"http:\/\/hoycordobaweb.com\/index.php\/wp-json\/wp\/v2\/media\/90582"}],"wp:attachment":[{"href":"http:\/\/hoycordobaweb.com\/index.php\/wp-json\/wp\/v2\/media?parent=90581"}],"wp:term":[{"taxonomy":"category","embeddable":true,"href":"http:\/\/hoycordobaweb.com\/index.php\/wp-json\/wp\/v2\/categories?post=90581"},{"taxonomy":"post_tag","embeddable":true,"href":"http:\/\/hoycordobaweb.com\/index.php\/wp-json\/wp\/v2\/tags?post=90581"}],"curies":[{"name":"wp","href":"https:\/\/api.w.org\/{rel}","templated":true}]}}