{"id":90571,"date":"2024-12-07T15:52:20","date_gmt":"2024-12-07T15:52:20","guid":{"rendered":"https:\/\/www.mujerhoy.com\/moda\/no-te-pierdas\/medias-burdeos-merceditas-look-tendencia-invierno-20241207165139-nt.html"},"modified":"2024-12-07T15:52:20","modified_gmt":"2024-12-07T15:52:20","slug":"medias-burdeos-con-merceditas-la-combinacion-favorita-del-invierno-asi-es-como-puedes-unirte-a-ella","status":"publish","type":"post","link":"http:\/\/hoycordobaweb.com\/index.php\/2024\/12\/07\/medias-burdeos-con-merceditas-la-combinacion-favorita-del-invierno-asi-es-como-puedes-unirte-a-ella\/","title":{"rendered":"Medias burdeos con merceditas, la combinaci\u00f3n favorita del invierno: as\u00ed es como puedes unirte a ella"},"content":{"rendered":"<p><!-- AUTHOR --> <\/p>\n<div class=\"voc-author-timesocial \"> <!-- AUTHOR --> <\/p>\n<div class=\"voc-author-timesocial__signature \">\n<div class=\"voc-author-timesocial__img-c\"> <!-- IMAGE AUTHOR --> <picture class=\"voc-image-signature\"> <img class=\"voc-image-signature__img\" src=\"http:\/\/hoycordobaweb.com\/wp-content\/uploads\/2024\/12\/medias-burdeos-con-merceditas-la-combinacion-favorita-del-invierno-asi-es-como-puedes-unirte-a-ella.jpg\" alt=\"Raquel Rodr\u00edguez\"> <\/picture> <\/div>\n<p> <!-- INFO AUTHOR --> <\/div><\/div>\n<p> <!-- COMPONENTS --> <\/p>\n<p class=\"voc-paragraph\" data-mrf-recirculation=\"Link art\u00edculo\">Son muchas las formas que tienes de unirte a la<br \/>\n<strong> tendencia del burdeos<\/strong>. Ha quedado m\u00e1s que claro que este color que ha recibido el nombre de cherry red es la moda protagonista de la temporada y tal es su \u00e9xito, que hay muchas prendas y accesorios que te permiten versiona y dar mil vidas a esta tendencia.\n<\/p>\n<p class=\"voc-paragraph\" data-mrf-recirculation=\"Link art\u00edculo\">Te hemos hablado de l<br \/>\n<a data-voc-vtm-id=\"in-text-traffic\" href=\"https:\/\/www.mujerhoy.com\/moda\/no-te-pierdas\/chaqueta-burdeos-tendencia-piel-donde-comprar-20241008124106-nt.html\" title=\"www.mujerhoy.com\" data-mrf-link=\"https:\/\/www.mujerhoy.com\/moda\/no-te-pierdas\/chaqueta-burdeos-tendencia-piel-donde-comprar-20241008124106-nt.html\">a chaqueta de efecto piel <\/a><br \/>\nque aporta un toque sofisticado a cualquier look de diario, te hemos ense\u00f1ado<br \/>\n<a data-voc-vtm-id=\"in-text-traffic\" href=\"https:\/\/www.mujerhoy.com\/moda\/no-te-pierdas\/stradivarius-vende-coleccion-burdeos-bonita-temporada-invierno-20241119111704-nt.html\" title=\"www.mujerhoy.com\" data-mrf-link=\"https:\/\/www.mujerhoy.com\/moda\/no-te-pierdas\/stradivarius-vende-coleccion-burdeos-bonita-temporada-invierno-20241119111704-nt.html\"> la nueva colecci\u00f3n de Stradivarius<\/a> que lleva este tono como protagonista y hoy queremos que fiches de la <strong>f\u00f3rmula que arrasa en Instagram<\/strong>. Aquella que combina <strong>medias <\/strong>con <a data-voc-vtm-id=\"in-text-traffic\" href=\"https:\/\/www.mujerhoy.com\/moda\/no-te-pierdas\/stradivarius-vende-coleccion-burdeos-bonita-temporada-invierno-20241119111704-nt.html\" title=\"www.mujerhoy.com\" data-mrf-link=\"https:\/\/www.mujerhoy.com\/moda\/no-te-pierdas\/stradivarius-vende-coleccion-burdeos-bonita-temporada-invierno-20241119111704-nt.html\">zapatos burdeo<\/a><br \/>\ns. \u00a1Toma nota!\n<\/p>\n<p class=\"voc-paragraph\" data-mrf-recirculation=\"Link art\u00edculo\">Las medias de colores se han colocado como una de las opciones favoritas a la hora de <strong>crear un look con presencia y personalidad de las influencers<\/strong>. Se trata de un peque\u00f1o detalle que a\u00f1adir a outfits con faldas y vestidos mini que est\u00e1n escogiendo muchas prescriptoras de moda.\n<\/p>\n<p class=\"voc-paragraph\" data-mrf-recirculation=\"Link art\u00edculo\">El a\u00f1o pasado fue la versi\u00f3n roja la que m\u00e1s vimos tanto en redes como en el street style y esta temporada de oto\u00f1o e invierno ha sido la granate la que forma parte de algunos de los mejores looks del momento. Y s\u00ed, al igual que ocurri\u00f3 el a\u00f1o pasado, se combina con <strong>zapatos a juego<\/strong>.\n<\/p>\n<div class=\"voc-detail-photo-zoom\"> <picture data-toggle=\"modal\" data-target=\"#photoZoomModal-526\" target=\"modal\">\n<div class=\"voc-img-icon-link\"> <img loading=\"lazy\" src=\"http:\/\/hoycordobaweb.com\/wp-content\/uploads\/2024\/12\/medias-burdeos-con-merceditas-la-combinacion-favorita-del-invierno-asi-es-como-puedes-unirte-a-ella.webp\" width=\"650\" height=\"900\" alt=\"La influencer Mari\u0301a Valde\u0301s con un look con medias y zapatos burdeos. \/ @marvaldel\"> <noscript> <img src=\"http:\/\/hoycordobaweb.com\/wp-content\/uploads\/2024\/12\/medias-burdeos-con-merceditas-la-combinacion-favorita-del-invierno-asi-es-como-puedes-unirte-a-ella.webp\" alt=\"La influencer Mari\u0301a Valde\u0301s con un look con medias y zapatos burdeos. \/ @marvaldel\"> <\/noscript> <i class=\"voc-icons zoom voc-multimedia-box voc-ico-l\"><\/i> <\/div><figcaption class=\"figure-caption\">La influencer Mari\u0301a Valde\u0301s con un look con medias y zapatos burdeos. \/ @marvaldel<\/figcaption><\/picture>\n<\/div>\n<div id=\"photoZoomModal-526\" class=\"voc-lightbox modal fade voc-lightbox--photo-zoom\" role=\"dialog\" data-voc-photozoom-lightbox>\n<div class=\"voc-lightbox__dialog\" role=\"document\">\n<div class=\"voc-lightbox__content\"> <!-- Modal header --> <!-- Modal content --> <\/p>\n<div class=\"voc-lightbox__photo-container\"> <picture class> <img loading=\"lazy\" src=\"http:\/\/hoycordobaweb.com\/wp-content\/uploads\/2024\/12\/medias-burdeos-con-merceditas-la-combinacion-favorita-del-invierno-asi-es-como-puedes-unirte-a-ella.webp\" alt=\"La influencer Mari\u0301a Valde\u0301s con un look con medias y zapatos burdeos. \/ @marvaldel\"> <noscript> <img src=\"http:\/\/hoycordobaweb.com\/wp-content\/uploads\/2024\/12\/medias-burdeos-con-merceditas-la-combinacion-favorita-del-invierno-asi-es-como-puedes-unirte-a-ella.webp\" alt=\"La influencer Mari\u0301a Valde\u0301s con un look con medias y zapatos burdeos. \/ @marvaldel\"> <\/noscript> <\/picture> <\/div><\/div><\/div>\n<\/div>\n<p class=\"voc-paragraph\" data-mrf-recirculation=\"Link art\u00edculo\">Es una f\u00f3rmula con la que arrasar seguro tanto en looks de diario como en otros m\u00e1s especiales. Y aunque puedes recurrir a ella con zapatos de tac\u00f3n o con botas, la forma preferida de hacerlo es con <strong>merceditas<\/strong>, el calzado tendencia de la temporada. <\/p>\n<p class=\"voc-paragraph\" data-mrf-recirculation=\"Link art\u00edculo\">Es una combinaci\u00f3n que sienta de maravilla y que no solo gusta por dar protagonismo al color de moda, sino porque tambi\u00e9n consigue un<br \/>\n<strong> efecto visual de piernas mucho m\u00e1s largas<\/strong>. Combinar las medias con el zapato es un truco estilizado que debes probar s\u00ed o s\u00ed y as\u00ed es como puedes hacerlo.\n<\/p>\n<p><h3 class=\"voc-detail__title\"> Las medias burdeos favoritas<br \/>\n<\/h3>\n<\/p>\n<div class=\"voc-detail__cmp\" readability=\"6.5\">\n<div class=\"voc-photo-combo-three fw-xs\" readability=\"8\">\n<p class=\"figure-caption\"> <span class=\"voc-photo-caption\">Las medias de Ysabel Mota, Calzedonia y Tezenis.<\/span> <span class=\"voc-photo-author\"><\/span> <\/p>\n<\/p><\/div><\/div>\n<p class=\"voc-paragraph\" data-mrf-recirculation=\"Link art\u00edculo\">Para empezar debes buscar unas medias burdeos. Entre todas las opciones del mercado hemos destacado las de <strong>Ysabel Mora <\/strong>(6,95 euros), una opci\u00f3n t\u00e9rmica perfecta para las m\u00e1s frioleras ya que son las m\u00e1s calentitas. Si prefieres un t\u00e9rmino medio, atenta a las de <strong>Calzedonia<\/strong> (7,95 euros), las favoritas de las influencers. Por \u00faltimo, si te gustan los dise\u00f1os m\u00e1s claritos, hazte con las de <strong>Tezenis <\/strong>(3,99 euros).\n<\/p>\n<p><h3 class=\"voc-detail__title\"> Las merceditas para mujer tendencia<br \/>\n<\/h3>\n<\/p>\n<p class=\"voc-paragraph\" data-mrf-recirculation=\"Link art\u00edculo\">A continuaci\u00f3n, debes elegir tus mereceditas favoritas. En el mercado hay a la venta un sinf\u00edn de modelos. De puntera redonda o cuadrada, con tac\u00f3n o planas, de acabado acharolado o mate&#8230; Pero lo cierto, es que las que m\u00e1s se llevan son las <strong>multitiras con hebillas<\/strong>.\n<\/p>\n<div class=\"voc-detail__cmp\" readability=\"6.5\">\n<div class=\"voc-photo-combo-three fw-xs\" readability=\"8\">\n<p class=\"figure-caption\"> <span class=\"voc-photo-caption\">Las merceditas de Mustang, Monpiel y Alohas.<\/span> <span class=\"voc-photo-author\"><\/span> <\/p>\n<\/p><\/div><\/div>\n<p class=\"voc-paragraph\" data-mrf-recirculation=\"Link art\u00edculo\">Prueba con este modelo de <strong>Mustang <\/strong>(39,95 euros), que son planas y con muchas tiras que cruzan el empeine. Si prefieres un dise\u00f1o que tenga algo de tac\u00f3n, ficha las de <strong>Monpiel <\/strong>(101,90 euros). Por \u00faltimo, atenta a las de <strong>Alohas<\/strong> (200 euros), las preferidas de las influencers con puntera cuadrada\n<\/p>\n<p> <!-- TOPICS --> <\/p>\n","protected":false},"excerpt":{"rendered":"<p>Son muchas las formas que tienes de unirte a la tendencia del burdeos. Ha quedado m\u00e1s que claro que este color que ha recibido el nombre de cherry red es la moda protagonista de la temporada y tal es su \u00e9xito, que hay muchas prendas y accesorios que te permiten versiona y dar mil vidas [&hellip;]<\/p>\n","protected":false},"author":1,"featured_media":90572,"comment_status":"closed","ping_status":"closed","sticky":false,"template":"","format":"standard","meta":[],"categories":[],"tags":[],"_links":{"self":[{"href":"http:\/\/hoycordobaweb.com\/index.php\/wp-json\/wp\/v2\/posts\/90571"}],"collection":[{"href":"http:\/\/hoycordobaweb.com\/index.php\/wp-json\/wp\/v2\/posts"}],"about":[{"href":"http:\/\/hoycordobaweb.com\/index.php\/wp-json\/wp\/v2\/types\/post"}],"author":[{"embeddable":true,"href":"http:\/\/hoycordobaweb.com\/index.php\/wp-json\/wp\/v2\/users\/1"}],"replies":[{"embeddable":true,"href":"http:\/\/hoycordobaweb.com\/index.php\/wp-json\/wp\/v2\/comments?post=90571"}],"version-history":[{"count":0,"href":"http:\/\/hoycordobaweb.com\/index.php\/wp-json\/wp\/v2\/posts\/90571\/revisions"}],"wp:featuredmedia":[{"embeddable":true,"href":"http:\/\/hoycordobaweb.com\/index.php\/wp-json\/wp\/v2\/media\/90572"}],"wp:attachment":[{"href":"http:\/\/hoycordobaweb.com\/index.php\/wp-json\/wp\/v2\/media?parent=90571"}],"wp:term":[{"taxonomy":"category","embeddable":true,"href":"http:\/\/hoycordobaweb.com\/index.php\/wp-json\/wp\/v2\/categories?post=90571"},{"taxonomy":"post_tag","embeddable":true,"href":"http:\/\/hoycordobaweb.com\/index.php\/wp-json\/wp\/v2\/tags?post=90571"}],"curies":[{"name":"wp","href":"https:\/\/api.w.org\/{rel}","templated":true}]}}