{"id":90534,"date":"2024-12-06T17:35:00","date_gmt":"2024-12-06T17:35:00","guid":{"rendered":"https:\/\/www.trendencias.com\/celebrities\/fallece-jose-torre-actor-series-como-toy-boy-vis-a-vis-a-37-anos-edad"},"modified":"2024-12-06T17:35:00","modified_gmt":"2024-12-06T17:35:00","slug":"fallece-jose-de-la-torre-actor-de-las-series-toy-boy-y-vis-a-vis-a-los-37-anos-de-edad","status":"publish","type":"post","link":"http:\/\/hoycordobaweb.com\/index.php\/2024\/12\/06\/fallece-jose-de-la-torre-actor-de-las-series-toy-boy-y-vis-a-vis-a-los-37-anos-de-edad\/","title":{"rendered":"Fallece Jos\u00e9 de la Torre, actor de las series &#8216;Toy Boy&#8217; y &#8216;Vis a Vis&#8217;, a los 37 a\u00f1os de edad"},"content":{"rendered":"<p>El mundo del espect\u00e1culo est\u00e1 de luto por la inesperada partida del actor espa\u00f1ol Jos\u00e9 de la Torre, quien falleci\u00f3 el pasado 5 de diciembre a los 37 a\u00f1os. Reconocido por sus papeles en populares series como &#8216;Toy Boy&#8217;, donde interpret\u00f3 a Iv\u00e1n, y &#8216;Vis a Vis: El Oasis&#8217;, <strong>Jos\u00e9 dej\u00f3 una marca imborrable en la televisi\u00f3n<\/strong> y el teatro espa\u00f1ol.<\/p>\n<p><!-- BREAK 1 --> <\/p>\n<p>Nacido en Montilla, C\u00f3rdoba, Jos\u00e9 descubri\u00f3 su pasi\u00f3n por el arte desde ni\u00f1o. Se form\u00f3 en la Escuela Superior de Arte Dram\u00e1tico de M\u00e1laga, <strong>una etapa que marc\u00f3 el inicio de una carrera<\/strong> que, aunque breve, fue destacada. Adem\u00e1s de sus papeles en televisi\u00f3n, brill\u00f3 en el teatro en producciones como &#8216;Cuento de Navidad&#8217; y &#8216;Paisaje con Argonautas&#8217;.<\/p>\n<p><!-- BREAK 2 --><\/p>\n<p>Su versatilidad y entrega lo posicionaron como uno de los talentos emergentes m\u00e1s prometedores del entretenimiento espa\u00f1ol. El actor, quien tambi\u00e9n apareci\u00f3 en la serie &#8216;Amar es para siempre&#8217;, <strong>era recordado por su carisma y profesionalismo<\/strong>. En entrevistas, Jos\u00e9 habl\u00f3 del cine como su refugio durante la infancia, una pasi\u00f3n que m\u00e1s tarde lo guio a dedicarse plenamente a la interpretaci\u00f3n.<\/p>\n<p><!-- BREAK 3 --> <\/p>\n<div class=\"article-asset article-asset-normal article-asset-center\">\n<div class=\"desvio-container\">\n<div class=\"desvio\">\n<div class=\"desvio-figure js-desvio-figure\"> <a href=\"https:\/\/www.xataka.com\/magnet\/italia-veta-uno-grandes-simbolos-airbnb-se-prohibe-uso-cajas-llaves-para-hacer-auto-check-in#mrfhud=true\" target=\"_blank\" rel=\"noopener noreferrer\"> <img loading=\"lazy\" alt=\"Italia veta uno de los grandes s\u00edmbolos del turismo masivo: se proh\u00edbe el uso de las cajas de llaves para hacer auto check-in\" width=\"375\" height=\"142\" src=\"http:\/\/hoycordobaweb.com\/wp-content\/uploads\/2024\/12\/fallece-jose-de-la-torre-actor-de-las-series-toy-boy-y-vis-a-vis-a-los-37-anos-de-edad.jpg\"> <\/a> <\/div><\/div><\/div>\n<\/div>\n<p>La noticia de su fallecimiento ha conmocionado a colegas y fan\u00e1ticos, quienes han inundado <a rel=\"noopener, noreferrer\" href=\"https:\/\/www.instagram.com\/josedelatorre___\/\">las redes sociales<\/a> <strong>con mensajes de condolencias y homenajes <\/strong>al conocer la noticia de su fallecimiento, puesto que, en secreto y con un reducido c\u00edrculo de amigos, batall\u00f3 con una enfermedad que nunca quiso hacer p\u00fablica.<\/p>\n<p><!-- BREAK 4 --><\/p>\n<div class=\"article-asset-image article-asset-normal article-asset-center\">\n<div class=\"asset-content\"> <img class=\"centro_sinmarco\" height=\"819\" width=\"1201\" loading=\"lazy\" decoding=\"async\" sizes=\"100vw\" fetchpriority=\"high\" srcset=\"http:\/\/hoycordobaweb.com\/wp-content\/uploads\/2024\/12\/fallece-jose-de-la-torre-actor-de-las-series-toy-boy-y-vis-a-vis-a-los-37-anos-de-edad-1.jpg 450w, http:\/\/hoycordobaweb.com\/wp-content\/uploads\/2024\/12\/fallece-jose-de-la-torre-actor-de-las-series-toy-boy-y-vis-a-vis-a-los-37-anos-de-edad-3.jpg 681w, http:\/\/hoycordobaweb.com\/wp-content\/uploads\/2024\/12\/fallece-jose-de-la-torre-actor-de-las-series-toy-boy-y-vis-a-vis-a-los-37-anos-de-edad-4.jpg 1024w, http:\/\/hoycordobaweb.com\/wp-content\/uploads\/2024\/12\/fallece-jose-de-la-torre-actor-de-las-series-toy-boy-y-vis-a-vis-a-los-37-anos-de-edad-5.jpg 1366w\" src=\"http:\/\/hoycordobaweb.com\/wp-content\/uploads\/2024\/12\/fallece-jose-de-la-torre-actor-de-las-series-toy-boy-y-vis-a-vis-a-los-37-anos-de-edad-1.jpg\" alt=\"Captura De Pantalla 2024 12 06 113233\"> <noscript><img alt=\"Captura De Pantalla 2024 12 06 113233\" class=\"centro_sinmarco\" src=\"http:\/\/hoycordobaweb.com\/wp-content\/uploads\/2024\/12\/fallece-jose-de-la-torre-actor-de-las-series-toy-boy-y-vis-a-vis-a-los-37-anos-de-edad-1.jpg\"><\/noscript> <\/div>\n<\/div>\n<p>En su \u00faltima aparici\u00f3n en Instagram, <a rel=\"noopener, noreferrer\" href=\"https:\/\/www.instagram.com\/p\/C7w1aDkCum6\/?img_index=1\">los comentarios de condolencias<\/a> no se hicieron esperar, tanto de fan\u00e1ticos que no pod\u00edan creer la noticia, como de colegas que se vieron sorprendidos por la partida del actor.<\/p>\n<p><!-- BREAK 5 --><\/p>\n<p>Mensajes de celebridades como <a rel=\"noopener, noreferrer\" href=\"https:\/\/www.instagram.com\/p\/DDN6E3HIKMD\/\">Lolita Gonz\u00e1lez<\/a>, el influencer <a rel=\"noopener, noreferrer\" href=\"https:\/\/www.instagram.com\/emiliojess1\/\">Emilio Avellaneda<\/a> y hasta el pol\u00edtico <a rel=\"noopener, noreferrer\" href=\"https:\/\/www.instagram.com\/robertorobie\/\">Roberto Roble<\/a> han manifestado su pesar ante la p\u00e9rdida del actor, que interpret\u00f3 en la producci\u00f3n de Netflix a Iv\u00e1n Nieto Guill\u00e9n, uno de sus personajes m\u00e1s conocidos y exitosos.<\/p>\n<p><!-- BREAK 6 --> <\/p>\n<p>De acuerdo <a rel=\"noopener, noreferrer\" href=\"https:\/\/www.lavanguardia.com\/cultura\/20241206\/10177655\/muere-actor-jose-torre-37-anos-ep-agenciaslv20241206.html\">con medios locales<\/a>, los servicios funerarios se llevar\u00e1n a cabo en una funeraria de Montilla, donde <strong>ser\u00e1 incinerado<\/strong> <strong>antes de una misa en su honor,<\/strong> que tendr\u00e1 lugar a las 17:30 horas del viernes 6 de diciembre en la parroquia San Francisco Solano, conocida tambi\u00e9n como Iglesia del Santo.<\/p>\n<p><!-- BREAK 7 --><\/p>\n<p>Fotos de <a rel=\"noopener, noreferrer\" href=\"https:\/\/www.instagram.com\/josedelatorre___\/\">Jos\u00e9 de la Torre<\/a><\/p>\n<p>En Trendencias | <a href=\"https:\/\/www.trendencias.com\/celebrities\/inquietante-cambio-bianca-cesori-asi-era-esposa-kanye-west-antes-que-transformara-clon-kim-kardashian\"><u>Qui\u00e9n es Bianca Censori: as\u00ed luc\u00eda la esposa de Kanye West antes de que la transformara en un clon de Kim Kardashian<\/u><\/a><\/p>\n<p>En Trendencias | <a href=\"https:\/\/www.trendencias.com\/celebrities\/que-fue-cesar-millan-mitico-encantador-perros-asi-su-nueva-vida-marcada-depresion-este-centro-psicologico\"><u>Qu\u00e9 fue de Cesar Millan, el m\u00edtico &#8216;encantador de perros&#8217;: as\u00ed es su nueva vida, marcada por una depresi\u00f3n y este centro psicol\u00f3gico<\/u><\/a><\/p>\n","protected":false},"excerpt":{"rendered":"<p>El mundo del espect\u00e1culo est\u00e1 de luto por la inesperada partida del actor espa\u00f1ol Jos\u00e9 de la Torre, quien falleci\u00f3 el pasado 5 de diciembre a los 37 a\u00f1os. Reconocido por sus papeles en populares series como &#8216;Toy Boy&#8217;, donde interpret\u00f3 a Iv\u00e1n, y &#8216;Vis a Vis: El Oasis&#8217;, Jos\u00e9 dej\u00f3 una marca imborrable en [&hellip;]<\/p>\n","protected":false},"author":1,"featured_media":90535,"comment_status":"closed","ping_status":"closed","sticky":false,"template":"","format":"standard","meta":[],"categories":[],"tags":[],"_links":{"self":[{"href":"http:\/\/hoycordobaweb.com\/index.php\/wp-json\/wp\/v2\/posts\/90534"}],"collection":[{"href":"http:\/\/hoycordobaweb.com\/index.php\/wp-json\/wp\/v2\/posts"}],"about":[{"href":"http:\/\/hoycordobaweb.com\/index.php\/wp-json\/wp\/v2\/types\/post"}],"author":[{"embeddable":true,"href":"http:\/\/hoycordobaweb.com\/index.php\/wp-json\/wp\/v2\/users\/1"}],"replies":[{"embeddable":true,"href":"http:\/\/hoycordobaweb.com\/index.php\/wp-json\/wp\/v2\/comments?post=90534"}],"version-history":[{"count":0,"href":"http:\/\/hoycordobaweb.com\/index.php\/wp-json\/wp\/v2\/posts\/90534\/revisions"}],"wp:featuredmedia":[{"embeddable":true,"href":"http:\/\/hoycordobaweb.com\/index.php\/wp-json\/wp\/v2\/media\/90535"}],"wp:attachment":[{"href":"http:\/\/hoycordobaweb.com\/index.php\/wp-json\/wp\/v2\/media?parent=90534"}],"wp:term":[{"taxonomy":"category","embeddable":true,"href":"http:\/\/hoycordobaweb.com\/index.php\/wp-json\/wp\/v2\/categories?post=90534"},{"taxonomy":"post_tag","embeddable":true,"href":"http:\/\/hoycordobaweb.com\/index.php\/wp-json\/wp\/v2\/tags?post=90534"}],"curies":[{"name":"wp","href":"https:\/\/api.w.org\/{rel}","templated":true}]}}