{"id":90520,"date":"2024-12-05T23:47:26","date_gmt":"2024-12-05T23:47:26","guid":{"rendered":"https:\/\/www.ole.com.ar\/messi\/messi-barcelona-laporta-contrato_0_GcCY5apALU.html"},"modified":"2024-12-05T23:47:26","modified_gmt":"2024-12-05T23:47:26","slug":"messi-revelo-las-dos-personas-que-lo-marcaron-en-el-barcelona","status":"publish","type":"post","link":"http:\/\/hoycordobaweb.com\/index.php\/2024\/12\/05\/messi-revelo-las-dos-personas-que-lo-marcaron-en-el-barcelona\/","title":{"rendered":"Messi revel\u00f3 las dos personas que lo marcaron en el Barcelona"},"content":{"rendered":"<p><img src=\"http:\/\/hoycordobaweb.com\/wp-content\/uploads\/2024\/12\/messi-revelo-las-dos-personas-que-lo-marcaron-en-el-barcelona.jpg\"><\/p>\n<p><time class=\"createDate\" datetime=\"2024-12-05T20:47:26-03:00\">05\/12\/2024 20:47hs.<\/time><\/p>\n<div id=\"storyBody\">\n<div class=\"custom-text \" readability=\"38.169934640523\">\n<p><strong><a href=\"https:\/\/www.ole.com.ar\/tema\/lionel-messi.html\" title=\"Lionel Messi\" alt=\"Lionel Messi\" class=\"slug\">Lionel Messi <\/a><\/strong>jug\u00f3 en el <strong><a href=\"https:\/\/www.ole.com.ar\/tema\/barcelona.html\" title=\"Barcelona\" alt=\"Barcelona\" class=\"slug\">Barcelona<\/a><\/strong> desde sus inicios hasta mediados de 2022, cuando el presidente Joan Laporta resolvi\u00f3 que no pod\u00eda renovarle el contrato. Con registros hist\u00f3ricos como r\u00e9cord de t\u00edtulos, goleador y asistencias, la Pulga tiene vigente un gran cari\u00f1o por el club. Un amor que, por lo que exponen los hinchas, ser\u00e1 permanente. <strong>El rosarino habl\u00f3 de esa pasi\u00f3n y tambi\u00e9n cont\u00f3 qu\u00e9 dos personajes lo marcaron positivamente en su ciclo.<\/strong><\/p>\n<\/div>\n<div class=\"custom-text \" readability=\"44.699404761905\">\n<p>\u00abCreo que hay dos que me marcaron mucho por motivos diferentes. <strong>Pep (<a href=\"https:\/\/www.ole.com.ar\/tema\/pep-guardiola.html\" title=\"Pep Guardiola\" alt=\"Pep Guardiola\" class=\"slug\">Guardiola<\/a>)<\/strong>, porque lo tuve de t\u00e9cnico durante muchos a\u00f1os y logramos cosas incre\u00edbles que nunca habr\u00edamos imaginado. Y <strong><a href=\"https:\/\/www.ole.com.ar\/tema\/ronaldinho.html\" title=\"Ronaldinho\" alt=\"Ronaldinho\" class=\"slug\">Ronaldinho<\/a><\/strong>, porque la manera en la que me recibi\u00f3, c\u00f3mo me ayud\u00f3, me sirvi\u00f3 much\u00edsimo en mis primeros momentos en el primer equipo. Tambi\u00e9n recuerdo mucho a<strong> Andr\u00e9s (Iniesta) o Xavi <\/strong>como compa\u00f1eros, y a los tres que juegan conmigo ac\u00e1 en Miami (<strong>Busquets, Alba y Su\u00e1rez<\/strong>), que adem\u00e1s son amigos. Y por supuesto, una menci\u00f3n especial para Tito Vilanova, a quien tanto extra\u00f1amos\u00bb, afirm\u00f3 Leo en una entrevista con Mundo Deportivo, diario y sitio web de la Ciudad Condal.<\/p>\n<\/div>\n<div class=\"custom-text \" readability=\"36\">\n<p>Recordar: Dinho, en mayo de 2005, le dio la asistencia de su primer gol con la Blaugrana, frente al Albacete. Con Guardiola ganaron todo juntos. <\/p>\n<\/div>\n<div class=\"sc-e7b891c4-0 ifHnQL image-embed\"><img alt=\"Messi y Ronaldinho festejan juntos un gol del Barcelona.\" loading=\"lazy\" width=\"720\" height=\"100\" decoding=\"async\" data-nimg=\"1\" src=\"http:\/\/hoycordobaweb.com\/wp-content\/uploads\/2024\/12\/messi-revelo-las-dos-personas-que-lo-marcaron-en-el-barcelona-2.jpg\"><span class=\"epigraphe\">Messi y Ronaldinho festejan juntos un gol del Barcelona.<\/span><\/div>\n<div class=\"sc-e7b891c4-0 ifHnQL image-embed\"><img alt=\"Guardiola con Messi.\" loading=\"lazy\" width=\"720\" height=\"100\" decoding=\"async\" data-nimg=\"1\" src=\"http:\/\/hoycordobaweb.com\/wp-content\/uploads\/2024\/12\/messi-revelo-las-dos-personas-que-lo-marcaron-en-el-barcelona-3.jpg\"><span class=\"epigraphe\">Guardiola con Messi.<\/span><\/div>\n<div class=\"custom-text \" readability=\"38\">\n<p>Cuando lo consultaron por la mejor \u00e9poca, respondi\u00f3: \u00abLa verdad, hubo much\u00edsimos momentos especiales. Lo que m\u00e1s recuerdo son los t\u00edtulos colectivos que logramos: el a\u00f1o del Sextete (2009), y tambi\u00e9n esos momentos no tan buenos en los que pudimos dar la vuelta a la situaci\u00f3n. Fueron much\u00edsimos momentos especiales y los disfrut\u00e9 much\u00edsimo\u00bb.<\/p>\n<\/div>\n<div class=\"custom-text \" readability=\"53\">\n<p>El club est\u00e1 por cumplir 125 a\u00f1os, y le pidieron que expusiera los referentes hist\u00f3ricos. \u00abUfff, hay muchos, y seguro que si empiezo a nombrar me voy a olvidar de alguno. Este es un club que siempre se destac\u00f3 por tener a los mejores jugadores y t\u00e9cnicos del mundo. Las grandes estrellas del f\u00fatbol siempre quisieron venir y estar en el Barcelona: desde Johan Cruyff, pasando por Puyi (NdeR: Carles Puyol), Andr\u00e9s Iniesta, Xavi, los dos Luis Su\u00e1rez, Hristo (Stoichkov), Pep como jugador y despu\u00e9s como t\u00e9cnico, Ronnie, Rijkaard (lo sumo por lo que signific\u00f3 para m\u00ed y para el club), el Diego (Maradona), que aunque estuvo poco tiempo gener\u00f3 un impacto enorme por ser quien es, Koeman con el gol de Wembley en la primera Copa de Europa\u2026 Tambi\u00e9n escuch\u00e9 mucho hablar de C\u00e9sar, Kubala y de aquella delantera que nombra Serrat en su canci\u00f3n: Basora, C\u00e9sar, Kubala, Moreno y Manch\u00f3n. Seguro que me estoy olvidando a mucha gente importante\u00bb.<\/p>\n<\/div>\n<div class=\"custom-text \" readability=\"44\">\n<p>Tambi\u00e9n, le pidieron que opinara de los mejores momentos de la historia del club \u00abBueno, hubo momentos que yo no viv\u00ed, pero s\u00e9 que fueron muy importantes, como la fundaci\u00f3n del club por parte de Gamper o la construcci\u00f3n del Camp Nou. Despu\u00e9s, la era de Cruyff como jugador, la primera Copa de Europa en Wembley con \u00e9l de t\u00e9cnico en 1992\u2026 Y de los que yo viv\u00ed, seguramente la \u00e9poca de Pep (Guardiola) como entrenador, todo lo que signific\u00f3 Ronaldinho con la Champions de 2005-06, y el triplete con Luis Enrique\u00bb.<\/p>\n<\/div>\n<div class=\"custom-text \" readability=\"35\">\n<p>Finalmente, dej\u00f3 un mensaje para los Cul\u00e9s: \u00abQue los extra\u00f1o much\u00edsimo, que ojal\u00e1 nos podamos ver pronto otra vez y que se sientan orgullosos de ser parte del mejor club del mundo\u00bb.<\/p>\n<\/div>\n<p><h2><strong>El saludo de Leo por los 125 a\u00f1os<\/strong><\/h2>\n<\/p>\n<div class=\"sc-734b4696-1 kFfZtB\">\n<div class=\"sc-d00d9e74-0 hnHYbk vertical\" type=\"embed\">\n<div class=\"sc-d00d9e74-1 iKVbz videoText\" id=\"contentTitleembedetmGj4p3\" type=\"embed\"><svg fill=\"#ffffff\"><symbol id=\"play\" viewBox=\"0 0 512 512\"><path d=\"M512 256C512 397.4 397.4 512 256 512C114.6 512 0 397.4 0 256C0 114.6 114.6 0 256 0C397.4 0 512 114.6 512 256zM176 168V344C176 352.7 180.7 360.7 188.3 364.9C195.8 369.2 205.1 369 212.5 364.5L356.5 276.5C363.6 272.1 368 264.4 368 256C368 247.6 363.6 239.9 356.5 235.5L212.5 147.5C205.1 142.1 195.8 142.8 188.3 147.1C180.7 151.3 176 159.3 176 168V168z\" \/><\/symbol><use xlink:href=\"#play\" \/><\/svg><\/p>\n<div class=\"right\">\n<p>Lionel Messi<!-- --> &#8211; <span>&nbsp;<\/span><\/p>\n<h2 class=\"title-vid\">El saludo de Messi al Barcelona por sus 125 a\u00f1os<\/h2>\n<\/div>\n<\/div>\n<p><span class=\"back\" id=\"spanBackembedetmGj4p3\"><\/span><\/div>\n<p>Video: 3Cat<\/p>\n<\/div>\n<div class=\"sc-a7166897-0 eoLsBE\" readability=\"6.5\">\n<section readability=\"3\"><picture><img alt=\"Hulk habl\u00f3 tras la controversial reacci\u00f3n de su padre por la salida de Gabriel Milito\" loading=\"lazy\" width=\"290\" height=\"290\" decoding=\"async\" data-nimg=\"1\" src=\"http:\/\/hoycordobaweb.com\/wp-content\/uploads\/2024\/12\/messi-revelo-las-dos-personas-que-lo-marcaron-en-el-barcelona-4.jpg\"><\/picture>\n<p><span>Mir\u00e1 tambi\u00e9n<\/span><\/p>\n<hr>\n<h3>Hulk habl\u00f3 tras la controversial reacci\u00f3n de su padre por la salida de Gabriel Milito<\/h3>\n<\/p>\n<\/section>\n<\/div>\n<div class=\"sc-a7166897-0 eoLsBE\" readability=\"6\">\n<section readability=\"2\"><picture><img alt=\"Brito: &quot;El torneo de 30 equipos es destructivo&quot;\" loading=\"lazy\" width=\"290\" height=\"290\" decoding=\"async\" data-nimg=\"1\" src=\"http:\/\/hoycordobaweb.com\/wp-content\/uploads\/2024\/12\/messi-revelo-las-dos-personas-que-lo-marcaron-en-el-barcelona-5.jpg\"><\/picture>\n<p><span>Mir\u00e1 tambi\u00e9n<\/span><\/p>\n<hr>\n<h3>Brito: \u00abEl torneo de 30 equipos es destructivo\u00bb<\/h3>\n<\/p>\n<\/section>\n<\/div>\n<\/div>\n","protected":false},"excerpt":{"rendered":"<p>05\/12\/2024 20:47hs. Lionel Messi jug\u00f3 en el Barcelona desde sus inicios hasta mediados de 2022, cuando el presidente Joan Laporta resolvi\u00f3 que no pod\u00eda renovarle el contrato. Con registros hist\u00f3ricos como r\u00e9cord de t\u00edtulos, goleador y asistencias, la Pulga tiene vigente un gran cari\u00f1o por el club. Un amor que, por lo que exponen los [&hellip;]<\/p>\n","protected":false},"author":1,"featured_media":90521,"comment_status":"open","ping_status":"closed","sticky":false,"template":"","format":"standard","meta":[],"categories":[16],"tags":[],"_links":{"self":[{"href":"http:\/\/hoycordobaweb.com\/index.php\/wp-json\/wp\/v2\/posts\/90520"}],"collection":[{"href":"http:\/\/hoycordobaweb.com\/index.php\/wp-json\/wp\/v2\/posts"}],"about":[{"href":"http:\/\/hoycordobaweb.com\/index.php\/wp-json\/wp\/v2\/types\/post"}],"author":[{"embeddable":true,"href":"http:\/\/hoycordobaweb.com\/index.php\/wp-json\/wp\/v2\/users\/1"}],"replies":[{"embeddable":true,"href":"http:\/\/hoycordobaweb.com\/index.php\/wp-json\/wp\/v2\/comments?post=90520"}],"version-history":[{"count":0,"href":"http:\/\/hoycordobaweb.com\/index.php\/wp-json\/wp\/v2\/posts\/90520\/revisions"}],"wp:featuredmedia":[{"embeddable":true,"href":"http:\/\/hoycordobaweb.com\/index.php\/wp-json\/wp\/v2\/media\/90521"}],"wp:attachment":[{"href":"http:\/\/hoycordobaweb.com\/index.php\/wp-json\/wp\/v2\/media?parent=90520"}],"wp:term":[{"taxonomy":"category","embeddable":true,"href":"http:\/\/hoycordobaweb.com\/index.php\/wp-json\/wp\/v2\/categories?post=90520"},{"taxonomy":"post_tag","embeddable":true,"href":"http:\/\/hoycordobaweb.com\/index.php\/wp-json\/wp\/v2\/tags?post=90520"}],"curies":[{"name":"wp","href":"https:\/\/api.w.org\/{rel}","templated":true}]}}