{"id":9051,"date":"2021-01-02T09:11:00","date_gmt":"2021-01-02T09:11:00","guid":{"rendered":"https:\/\/fm-comunicar.com.ar\/contenido\/16852\/detuvieron-a-los-dos-supuestos-autores-del-violento-asalto-que-sufrio-una-ciclis"},"modified":"2021-01-02T09:11:00","modified_gmt":"2021-01-02T09:11:00","slug":"detuvieron-a-los-dos-supuestos-autores-del-violento-asalto-que-sufrio-una-ciclista-en-jesus-maria","status":"publish","type":"post","link":"http:\/\/hoycordobaweb.com\/index.php\/2021\/01\/02\/detuvieron-a-los-dos-supuestos-autores-del-violento-asalto-que-sufrio-una-ciclista-en-jesus-maria\/","title":{"rendered":"Detuvieron a los dos supuestos autores del violento asalto que sufri\u00f3 una ciclista en Jes\u00fas Mar\u00eda"},"content":{"rendered":"<p>La Fiscal\u00eda orden\u00f3 ocho allanamientos que permitieron esclarecer el hecho ocurrido el domingo pasado en la Av. Miguel Ju\u00e1rez. Adem\u00e1s se secuestr\u00f3 una moto y una r\u00e9plica de arma de fuego.<img src=\"http:\/\/hoycordobaweb.com\/wp-content\/uploads\/2021\/01\/detuvieron-a-los-dos-supuestos-autores-del-violento-asalto-que-sufrio-una-ciclista-en-jesus-maria.jpg\"><\/p>\n","protected":false},"excerpt":{"rendered":"<p>La Fiscal\u00eda orden\u00f3 ocho allanamientos que permitieron esclarecer el hecho ocurrido el domingo pasado en la Av. Miguel Ju\u00e1rez. Adem\u00e1s se secuestr\u00f3 una moto y una r\u00e9plica de arma de fuego.<\/p>\n","protected":false},"author":1,"featured_media":9052,"comment_status":"closed","ping_status":"closed","sticky":false,"template":"","format":"standard","meta":[],"categories":[18],"tags":[],"_links":{"self":[{"href":"http:\/\/hoycordobaweb.com\/index.php\/wp-json\/wp\/v2\/posts\/9051"}],"collection":[{"href":"http:\/\/hoycordobaweb.com\/index.php\/wp-json\/wp\/v2\/posts"}],"about":[{"href":"http:\/\/hoycordobaweb.com\/index.php\/wp-json\/wp\/v2\/types\/post"}],"author":[{"embeddable":true,"href":"http:\/\/hoycordobaweb.com\/index.php\/wp-json\/wp\/v2\/users\/1"}],"replies":[{"embeddable":true,"href":"http:\/\/hoycordobaweb.com\/index.php\/wp-json\/wp\/v2\/comments?post=9051"}],"version-history":[{"count":0,"href":"http:\/\/hoycordobaweb.com\/index.php\/wp-json\/wp\/v2\/posts\/9051\/revisions"}],"wp:featuredmedia":[{"embeddable":true,"href":"http:\/\/hoycordobaweb.com\/index.php\/wp-json\/wp\/v2\/media\/9052"}],"wp:attachment":[{"href":"http:\/\/hoycordobaweb.com\/index.php\/wp-json\/wp\/v2\/media?parent=9051"}],"wp:term":[{"taxonomy":"category","embeddable":true,"href":"http:\/\/hoycordobaweb.com\/index.php\/wp-json\/wp\/v2\/categories?post=9051"},{"taxonomy":"post_tag","embeddable":true,"href":"http:\/\/hoycordobaweb.com\/index.php\/wp-json\/wp\/v2\/tags?post=9051"}],"curies":[{"name":"wp","href":"https:\/\/api.w.org\/{rel}","templated":true}]}}