{"id":90416,"date":"2024-12-05T04:00:56","date_gmt":"2024-12-05T04:00:56","guid":{"rendered":"https:\/\/www.ole.com.ar\/opinion\/velez-finales-copas-lpf-argentina-liga-titulos-reserva-inferiores_0_YfZ9xUIK1n.html"},"modified":"2024-12-05T04:00:56","modified_gmt":"2024-12-05T04:00:56","slug":"lo-que-hay-detras-de-este-velez","status":"publish","type":"post","link":"http:\/\/hoycordobaweb.com\/index.php\/2024\/12\/05\/lo-que-hay-detras-de-este-velez\/","title":{"rendered":"Lo que hay detr\u00e1s de este V\u00e9lez"},"content":{"rendered":"<p><img src=\"http:\/\/hoycordobaweb.com\/wp-content\/uploads\/2024\/12\/lo-que-hay-detras-de-este-velez.jpg\"><\/p>\n<p><time class=\"createDate\" datetime=\"2024-12-05T01:00:56-03:00\">05\/12\/2024 01:00hs.<\/time><\/p>\n<div id=\"storyBody\">\n<div class=\"custom-text \" readability=\"40\">\n<p>Recuperado el ritmo card\u00edaco despu\u00e9s del festival en el que <strong>Racing perdi\u00f3 \u00a15 a 4! casi su \u00faltima chance de ponerle la frutilla al postre<\/strong> de su conquista sudamericana, y pasando apuntes en limpio, el \u00fanico que todav\u00eda tiene posibilidades reales de discutirle la liga a V\u00e9lez es Talleres. A falta de seis puntos, est\u00e1 a tres, que <strong>son pr\u00e1cticamente cuatro si tomamos en cuenta la diferencia de gol a favor del Fort\u00edn<\/strong>, que en dos partidos le tendr\u00eda que descontar 13.<\/p>\n<\/div>\n<div class=\"custom-text \" readability=\"39\">\n<p><strong>V\u00e9lez podr\u00eda virtualmente coronar si gana este s\u00e1bado<\/strong>, e incluso si no ganara, hacerlo despu\u00e9s del resultado de Talleres el domingo. Al paso que vamos, todos <strong>los posibles challengers se han ido bajando solo<\/strong>s por no dar la talla en el momento de los bifes. River hace una semana, Hurac\u00e1n el lunes y Racing ayer.<\/p>\n<\/div>\n<div class=\"custom-text \" readability=\"35\">\n<p>Incluso cuando el propio l\u00edder, despu\u00e9s de <strong>un espl\u00e9ndido sprint de seis triunfos seguidos<\/strong>, hab\u00eda empezado a sufrir el s\u00edndrome del que tiene que aguantar desde arriba a los que vienen empujando.<\/p>\n<\/div>\n<div class=\"custom-text \" readability=\"38\">\n<p>Lo que gener\u00f3 V\u00e9lez antes de esta meseta de triunfos ajustados y empates fue el reservorio de puntos al que nadie llega y <strong>la imagen de mejor equipo del torneo<\/strong>, y acaso del a\u00f1o en la suma de competencias. Finalista de la Copa de la Liga (que perdi\u00f3 por penales) y de la Copa Argentina, llega tambi\u00e9n a esta posici\u00f3n en el torneo largo y dejando una impresi\u00f3n: <strong>en sus mejores momentos, jug\u00f3 mejor que todos los dem\u00e1s<\/strong>.<\/p>\n<\/div>\n<div class=\"custom-text \" readability=\"39\">\n<p>Esto, <strong>sin haber contado con los presupuestos m\u00e1s privilegiados<\/strong> para armar un plantel largo, que sigue sufriendo bajas hasta en los \u00faltimos d\u00edas (Thiago Fern\u00e1ndez, la \u00faltima). Pero s\u00ed, en cambio, con<strong> el fruto de las inversiones l\u00facidamente pensadas<\/strong> en las divisiones formativas.<\/p>\n<\/div>\n<div class=\"custom-text \" readability=\"36\">\n<p>Debajo de este equipo que est\u00e1 a un pasito de<strong> darle la m\u00e1xima alegr\u00eda a su gente<\/strong>, hay una Reserva que fue tricampeona 23\/24 y la 5\u00aa, 6\u00aa, 7\u00aa y 8\u00aa que tambi\u00e9n dieron vueltas ol\u00edmpicas.<\/p>\n<\/div>\n<div class=\"sc-e7b891c4-0 ifHnQL image-embed\"><img alt=\"Racing festej\u00f3 la Sudamericana; despu\u00e9s, el Pincha lo baj\u00f3 (Foto Marcelo Carroll).\" loading=\"lazy\" width=\"720\" height=\"100\" decoding=\"async\" data-nimg=\"1\" src=\"http:\/\/hoycordobaweb.com\/wp-content\/uploads\/2024\/12\/lo-que-hay-detras-de-este-velez-2.jpg\"><span class=\"epigraphe\">Racing festej\u00f3 la Sudamericana; despu\u00e9s, el Pincha lo baj\u00f3 (Foto Marcelo Carroll).<\/span><\/div>\n<div class=\"sc-e7b891c4-0 ifHnQL image-embed\"><img alt=\"En julio, campe\u00f3n de Reserva (Prensa LPF).\" loading=\"lazy\" width=\"720\" height=\"100\" decoding=\"async\" data-nimg=\"1\" src=\"http:\/\/hoycordobaweb.com\/wp-content\/uploads\/2024\/12\/lo-que-hay-detras-de-este-velez-3.jpg\"><span class=\"epigraphe\">En julio, campe\u00f3n de Reserva (Prensa LPF).<\/span><\/div>\n<div class=\"sc-a7166897-0 eoLsBE\" readability=\"6\">\n<section readability=\"2\"><picture><img alt=\"Por qu\u00e9 V\u00e9lez gan\u00e1ndole a Uni\u00f3n puede ser campe\u00f3n de la Liga Profesional\" loading=\"lazy\" width=\"290\" height=\"290\" decoding=\"async\" data-nimg=\"1\" src=\"http:\/\/hoycordobaweb.com\/wp-content\/uploads\/2024\/12\/lo-que-hay-detras-de-este-velez-4.jpg\"><\/picture>\n<p><span>Mir\u00e1 tambi\u00e9n<\/span><\/p>\n<hr>\n<h3>Por qu\u00e9 V\u00e9lez gan\u00e1ndole a Uni\u00f3n puede ser campe\u00f3n de la Liga Profesional<\/h3>\n<\/p>\n<\/section>\n<\/div>\n<div class=\"sc-a7166897-0 eoLsBE\" readability=\"6\">\n<section readability=\"2\"><picture><img alt=\"El incre\u00edble dato de V\u00e9lez en este 2024\" loading=\"lazy\" width=\"290\" height=\"290\" decoding=\"async\" data-nimg=\"1\" src=\"http:\/\/hoycordobaweb.com\/wp-content\/uploads\/2024\/12\/lo-que-hay-detras-de-este-velez-5.jpg\"><\/picture>\n<p><span>Mir\u00e1 tambi\u00e9n<\/span><\/p>\n<hr>\n<h3>El incre\u00edble dato de V\u00e9lez en este 2024<\/h3>\n<\/p>\n<\/section>\n<\/div>\n<\/div>\n","protected":false},"excerpt":{"rendered":"<p>05\/12\/2024 01:00hs. Recuperado el ritmo card\u00edaco despu\u00e9s del festival en el que Racing perdi\u00f3 \u00a15 a 4! casi su \u00faltima chance de ponerle la frutilla al postre de su conquista sudamericana, y pasando apuntes en limpio, el \u00fanico que todav\u00eda tiene posibilidades reales de discutirle la liga a V\u00e9lez es Talleres. A falta de seis [&hellip;]<\/p>\n","protected":false},"author":1,"featured_media":90417,"comment_status":"open","ping_status":"closed","sticky":false,"template":"","format":"standard","meta":[],"categories":[16],"tags":[],"_links":{"self":[{"href":"http:\/\/hoycordobaweb.com\/index.php\/wp-json\/wp\/v2\/posts\/90416"}],"collection":[{"href":"http:\/\/hoycordobaweb.com\/index.php\/wp-json\/wp\/v2\/posts"}],"about":[{"href":"http:\/\/hoycordobaweb.com\/index.php\/wp-json\/wp\/v2\/types\/post"}],"author":[{"embeddable":true,"href":"http:\/\/hoycordobaweb.com\/index.php\/wp-json\/wp\/v2\/users\/1"}],"replies":[{"embeddable":true,"href":"http:\/\/hoycordobaweb.com\/index.php\/wp-json\/wp\/v2\/comments?post=90416"}],"version-history":[{"count":0,"href":"http:\/\/hoycordobaweb.com\/index.php\/wp-json\/wp\/v2\/posts\/90416\/revisions"}],"wp:featuredmedia":[{"embeddable":true,"href":"http:\/\/hoycordobaweb.com\/index.php\/wp-json\/wp\/v2\/media\/90417"}],"wp:attachment":[{"href":"http:\/\/hoycordobaweb.com\/index.php\/wp-json\/wp\/v2\/media?parent=90416"}],"wp:term":[{"taxonomy":"category","embeddable":true,"href":"http:\/\/hoycordobaweb.com\/index.php\/wp-json\/wp\/v2\/categories?post=90416"},{"taxonomy":"post_tag","embeddable":true,"href":"http:\/\/hoycordobaweb.com\/index.php\/wp-json\/wp\/v2\/tags?post=90416"}],"curies":[{"name":"wp","href":"https:\/\/api.w.org\/{rel}","templated":true}]}}