{"id":90103,"date":"2024-11-30T23:57:16","date_gmt":"2024-11-30T23:57:16","guid":{"rendered":"https:\/\/www.ole.com.ar\/internacional\/libertadores\/artur-jorge-campeon-libertadores-botafogo_0_tSur9zGqo8.html"},"modified":"2024-11-30T23:57:16","modified_gmt":"2024-11-30T23:57:16","slug":"sigue-la-moda-artur-jorge-es-el-tercer-dt-portugues-que-gana-la-libertadores","status":"publish","type":"post","link":"http:\/\/hoycordobaweb.com\/index.php\/2024\/11\/30\/sigue-la-moda-artur-jorge-es-el-tercer-dt-portugues-que-gana-la-libertadores\/","title":{"rendered":"Sigue la moda: Artur Jorge es el tercer DT portugu\u00e9s que gana la Libertadores"},"content":{"rendered":"<p><img src=\"http:\/\/hoycordobaweb.com\/wp-content\/uploads\/2024\/12\/sigue-la-moda-artur-jorge-es-el-tercer-dt-portugues-que-gana-la-libertadores.jpg\"><\/p>\n<p><time class=\"createDate\" datetime=\"2024-11-30T20:57:16-03:00\">30\/11\/2024 20:57hs.<\/time><\/p>\n<div id=\"storyBody\">\n<div class=\"custom-text \" readability=\"39\">\n<p>En las \u00faltimas seis ediciones de la Copa Libertadores, todas ganadas por equipos brasile\u00f1os, se dio una curiosidad. A excepci\u00f3n de 2022 y 2023, <strong>los entrenadores que ganaron el m\u00e1ximo trofeo continental no nacieron en estas latitudes, sino en Europa. Exactamente en Portugal. <\/strong>Tres entrenadores distintos que alzaron en cuatro oportunidades el preciado galard\u00f3n. <strong>Artur Jorge del Botafogo ya forma parte de este selecto grupo.<\/strong><\/p>\n<\/div>\n<div class=\"custom-text \" readability=\"39.448377581121\">\n<p><strong>Nacido en suelo luso hace 52 a\u00f1os, se hizo cargo del Fogao en abril de este a\u00f1o (53 partidos, con 31 triunfos, 14 empates y ocho derrotas)<\/strong>. Con pasado en Sporting Braga (como jugador y como DT, con una gran campa\u00f1a en 22-23, culminando tercero en la Liga -lo llev\u00f3 a la Champions League- y siendo subcampe\u00f3n de la Copa local; al a\u00f1o siguiente se consagr\u00f3 en la Copa de la Liga), <strong>los cariocas apostaron por \u00e9l antes que culminara la temporada pasada en el Viejo Continente (a cambio de dos millones de euros como cl\u00e1usula de salida).<\/strong> De esta forma,<a href=\"https:\/\/www.ole.com.ar\/internacional\/libertadores\/atletico-mineiro-botafogo-final-copa-libertadores-horario-ver-hoy-vivo-tv-online_0_TfQh3r1Bo1.html\" target=\"_self\" title=\", llev\u00f3 al equipo a ganar el m\u00e1ximo trofeo continental \" alt=\", llev\u00f3 al equipo a ganar el m\u00e1ximo trofeo continental \" rel=\"noopener noreferrer\">, llev\u00f3 al equipo a ganar el m\u00e1ximo trofeo continental <\/a>y lidera el Brasileirao con 73 puntos a dos fechas para el final. <\/p>\n<\/div>\n<div class=\"custom-text \" readability=\"35\">\n<p>Con esta vuelta ol\u00edmpica, Artur igual\u00f3 lo que en 2019 hab\u00eda alcanzado<strong> Jorge Jesus con Flamengo (le gan\u00f3 al River de Marcelo Gallardo la final en Lima) y Abel Ferreira en los dos a\u00f1os siguientes con Palmeiras <\/strong>(venci\u00f3 a Santos y Flamengo). <\/p>\n<\/div>\n<div class=\"sc-e7b891c4-0 ifHnQL image-embed\"><img alt=\"Jorge con la bandera de Portugal (EFE). \" loading=\"lazy\" width=\"720\" height=\"100\" decoding=\"async\" data-nimg=\"1\" src=\"http:\/\/hoycordobaweb.com\/wp-content\/uploads\/2024\/12\/sigue-la-moda-artur-jorge-es-el-tercer-dt-portugues-que-gana-la-libertadores-2.jpg\"><span class=\"epigraphe\">Jorge con la bandera de Portugal (EFE). <\/span><\/div>\n<div class=\"custom-text \" readability=\"40\">\n<p><strong>Hasta el citado &#8217;19, el \u00fanico europeo en ganar la Libertadores hab\u00eda sido el croata Mirko Jozic con Colo Colo de Chile en 1991. <\/strong> Ahora, el mencionado Jorge ir\u00e1 por m\u00e1s historia <strong>en el Brasileirao y la Copa Intercontinental. <\/strong>Y, ya en 2025, otros grandes objetivos: la Recopa, revalidar el t\u00edtulo en la Libertadores y hacer una buena actuaci\u00f3n en el Mundial de Clubes. <\/p>\n<\/div>\n<div class=\"sc-a7166897-0 eoLsBE\" readability=\"7\">\n<section readability=\"4\"><picture><img alt=\"Thiago Almada: &quot;Despu\u00e9s de la Copa del Mundo, es uno de los t\u00edtulos m\u00e1s importantes de mi vida&quot;\" loading=\"lazy\" width=\"290\" height=\"290\" decoding=\"async\" data-nimg=\"1\" src=\"http:\/\/hoycordobaweb.com\/wp-content\/uploads\/2024\/12\/sigue-la-moda-artur-jorge-es-el-tercer-dt-portugues-que-gana-la-libertadores-3.jpg\"><\/picture>\n<p><span>Mir\u00e1 tambi\u00e9n<\/span><\/p>\n<hr>\n<h3>Thiago Almada: \u00abDespu\u00e9s de la Copa del Mundo, es uno de los t\u00edtulos m\u00e1s importantes de mi vida\u00bb<\/h3>\n<\/p>\n<\/section>\n<\/div>\n<div class=\"sc-a7166897-0 eoLsBE\" readability=\"6\">\n<section readability=\"2\"><picture><img alt=\"Los argentinos que hicieron historia con Botafogo en la Libertadores\" loading=\"lazy\" width=\"290\" height=\"290\" decoding=\"async\" data-nimg=\"1\" src=\"http:\/\/hoycordobaweb.com\/wp-content\/uploads\/2024\/12\/sigue-la-moda-artur-jorge-es-el-tercer-dt-portugues-que-gana-la-libertadores-4.jpg\"><\/picture>\n<p><span>Mir\u00e1 tambi\u00e9n<\/span><\/p>\n<hr>\n<h3>Los argentinos que hicieron historia con Botafogo en la Libertadores<\/h3>\n<\/p>\n<\/section>\n<\/div>\n<div class=\"sc-a7166897-0 eoLsBE\" readability=\"7\">\n<section readability=\"4\"><picture><img alt=\"\u00bfLa maldici\u00f3n de Bover? Eliminaron a River y Boca, pero perdieron sus respectivas finales continentales por 3-1\" loading=\"lazy\" width=\"290\" height=\"290\" decoding=\"async\" data-nimg=\"1\" src=\"http:\/\/hoycordobaweb.com\/wp-content\/uploads\/2024\/12\/sigue-la-moda-artur-jorge-es-el-tercer-dt-portugues-que-gana-la-libertadores-5.jpg\"><\/picture>\n<p><span>Mir\u00e1 tambi\u00e9n<\/span><\/p>\n<hr>\n<h3>\u00bfLa maldici\u00f3n de Bover? Eliminaron a River y Boca, pero perdieron sus respectivas finales continentales por 3-1<\/h3>\n<\/p>\n<\/section>\n<\/div>\n<div class=\"sc-a7166897-0 eoLsBE\" readability=\"6\">\n<section readability=\"2\"><picture><img alt=\"El gesto de Deyverson: \u00a1le dio un beso a la medalla de subcampe\u00f3n!\" loading=\"lazy\" width=\"290\" height=\"290\" decoding=\"async\" data-nimg=\"1\" src=\"http:\/\/hoycordobaweb.com\/wp-content\/uploads\/2024\/12\/sigue-la-moda-artur-jorge-es-el-tercer-dt-portugues-que-gana-la-libertadores-6.jpg\"><\/picture>\n<p><span>Mir\u00e1 tambi\u00e9n<\/span><\/p>\n<hr>\n<h3>El gesto de Deyverson: \u00a1le dio un beso a la medalla de subcampe\u00f3n!<\/h3>\n<\/p>\n<\/section>\n<\/div>\n<div class=\"sc-a7166897-0 eoLsBE\" readability=\"6.5\">\n<section readability=\"3\"><picture><img alt=\"\u00a1Botafogo, campe\u00f3n de la Copa Libertadores por primera vez en su historia!\" loading=\"lazy\" width=\"290\" height=\"290\" decoding=\"async\" data-nimg=\"1\" src=\"http:\/\/hoycordobaweb.com\/wp-content\/uploads\/2024\/12\/sigue-la-moda-artur-jorge-es-el-tercer-dt-portugues-que-gana-la-libertadores-7.jpg\"><\/picture>\n<p><span>Mir\u00e1 tambi\u00e9n<\/span><\/p>\n<hr>\n<h3>\u00a1Botafogo, campe\u00f3n de la Copa Libertadores por primera vez en su historia!<\/h3>\n<\/p>\n<\/section>\n<\/div>\n<\/div>\n","protected":false},"excerpt":{"rendered":"<p>30\/11\/2024 20:57hs. En las \u00faltimas seis ediciones de la Copa Libertadores, todas ganadas por equipos brasile\u00f1os, se dio una curiosidad. A excepci\u00f3n de 2022 y 2023, los entrenadores que ganaron el m\u00e1ximo trofeo continental no nacieron en estas latitudes, sino en Europa. Exactamente en Portugal. Tres entrenadores distintos que alzaron en cuatro oportunidades el preciado [&hellip;]<\/p>\n","protected":false},"author":1,"featured_media":90104,"comment_status":"open","ping_status":"closed","sticky":false,"template":"","format":"standard","meta":[],"categories":[16],"tags":[],"_links":{"self":[{"href":"http:\/\/hoycordobaweb.com\/index.php\/wp-json\/wp\/v2\/posts\/90103"}],"collection":[{"href":"http:\/\/hoycordobaweb.com\/index.php\/wp-json\/wp\/v2\/posts"}],"about":[{"href":"http:\/\/hoycordobaweb.com\/index.php\/wp-json\/wp\/v2\/types\/post"}],"author":[{"embeddable":true,"href":"http:\/\/hoycordobaweb.com\/index.php\/wp-json\/wp\/v2\/users\/1"}],"replies":[{"embeddable":true,"href":"http:\/\/hoycordobaweb.com\/index.php\/wp-json\/wp\/v2\/comments?post=90103"}],"version-history":[{"count":0,"href":"http:\/\/hoycordobaweb.com\/index.php\/wp-json\/wp\/v2\/posts\/90103\/revisions"}],"wp:featuredmedia":[{"embeddable":true,"href":"http:\/\/hoycordobaweb.com\/index.php\/wp-json\/wp\/v2\/media\/90104"}],"wp:attachment":[{"href":"http:\/\/hoycordobaweb.com\/index.php\/wp-json\/wp\/v2\/media?parent=90103"}],"wp:term":[{"taxonomy":"category","embeddable":true,"href":"http:\/\/hoycordobaweb.com\/index.php\/wp-json\/wp\/v2\/categories?post=90103"},{"taxonomy":"post_tag","embeddable":true,"href":"http:\/\/hoycordobaweb.com\/index.php\/wp-json\/wp\/v2\/tags?post=90103"}],"curies":[{"name":"wp","href":"https:\/\/api.w.org\/{rel}","templated":true}]}}