{"id":90099,"date":"2024-12-01T01:33:01","date_gmt":"2024-12-01T01:33:01","guid":{"rendered":"https:\/\/www.ole.com.ar\/equipos\/river-plate\/river-plate-marcelo-gallardo_0_pct6Y1VmY6.html"},"modified":"2024-12-01T01:33:01","modified_gmt":"2024-12-01T01:33:01","slug":"gallardo-entre-las-ganas-de-terminar-rapido-el-ano-y-el-plan-para-el-river-2025","status":"publish","type":"post","link":"http:\/\/hoycordobaweb.com\/index.php\/2024\/12\/01\/gallardo-entre-las-ganas-de-terminar-rapido-el-ano-y-el-plan-para-el-river-2025\/","title":{"rendered":"Gallardo, entre las ganas de terminar r\u00e1pido el a\u00f1o y el plan para el River 2025"},"content":{"rendered":"<p><img src=\"http:\/\/hoycordobaweb.com\/wp-content\/uploads\/2024\/12\/gallardo-entre-las-ganas-de-terminar-rapido-el-ano-y-el-plan-para-el-river-2025.jpg\"><\/p>\n<p><time class=\"createDate\" datetime=\"2024-11-30T22:33:01-03:00\">30\/11\/2024 22:33hs.<\/time><\/p>\n<div id=\"storyBody\">\n<div class=\"custom-text \" readability=\"36\">\n<p>\u201cNecesitamos empezar el a\u00f1o\u201d. De la mejor conferencia de prensa de <strong>Marcelo Gallardo <\/strong>desde su regreso a <strong>River<\/strong>, la frase que describe la sensaci\u00f3n del t\u00e9cnico de River es \u00e9sa. <strong>El Mu\u00f1eco va tachando los d\u00edas en un calendario que se hizo de goma <\/strong>desde la eliminaci\u00f3n en semifinales de la Copa Libertadores y que languidece luego de la derrota del equipo en Mendoza que lo dej\u00f3 ya pr\u00e1cticamente sin chances de aspirar a la \u00e9pica de pelear hasta el final la Liga Profesional.<\/p>\n<\/div>\n<div class=\"sc-e7b891c4-0 ifHnQL image-embed\"><img alt=\"Gallardo piensa c\u00f3mo rearmar el grupo de cara a un 2025 que asoma con Libertadores a la vista. Foto: Ramiro Gomez\" loading=\"lazy\" width=\"720\" height=\"100\" decoding=\"async\" data-nimg=\"1\" src=\"http:\/\/hoycordobaweb.com\/wp-content\/uploads\/2024\/12\/gallardo-entre-las-ganas-de-terminar-rapido-el-ano-y-el-plan-para-el-river-2025-2.jpg\"><span class=\"epigraphe\">Gallardo piensa c\u00f3mo rearmar el grupo de cara a un 2025 que asoma con Libertadores a la vista. Foto: Ramiro Gomez<\/span><\/div>\n<div class=\"custom-text \" readability=\"46\">\n<p>Ahora, con la clasificaci\u00f3n a la CL25 ya muy encaminada despu\u00e9s del 2-1 a Estudiantes en UNO (y por el uno: Franco Armani),<strong> a MG ya se le nota la ansiedad por barajar y dar de nuevo<\/strong>, por llegar a ese brindis del 31 de diciembre y luego s\u00ed, ejecutar un an\u00e1lisis que ya debe dar vueltas en su cabeza desde hace rato y que tendr\u00e1 distintos focos para atacar:<strong> la b\u00fasqueda de refuerzos de jerarqu\u00eda<\/strong> que siga la l\u00ednea de los Pezzella, Acu\u00f1a, Meza y Bustos; <strong>una necesaria depuraci\u00f3n del staff <\/strong>en el mismo mercado;<strong> una pretemporada larga para ensayar sin urgencias<\/strong> la idea de juego que a \u00e9l le gusta y para preparar una base f\u00edsica acorde para el estilo y la intensidad que buscar\u00e1;<strong> charlas grupales e individuales para forjar una mentalidad competitiva<\/strong> y ganadora en un plantel que durante todo el 2024 no dio la talla en las paradas bravas; <strong>y trabajar para que vuelva a existir en River, a escala de su grupo de jugadores pero tambi\u00e9n a escala dirigencial<\/strong>, mayor cohesi\u00f3n, una noci\u00f3n de familia que en los \u00faltimos tiempos qued\u00f3 algo desdibujada. <strong>No es poco. Es, de hecho, un mont\u00f3n. <\/strong>Pero es lo que ve el Mu\u00f1eco que se necesita para resetear esta temporada y poner de pie en t\u00e9rminos futbol\u00edsticos a un club que en t\u00e9rminos econ\u00f3micos y de infraestructura le da la posibilidad para subir la vara.<\/p>\n<\/div>\n<div class=\"sc-e7b891c4-0 ifHnQL image-embed\"><img alt=\"El Mu\u00f1eco reacomoda a River. Foto: Prensa River.\" loading=\"lazy\" width=\"720\" height=\"100\" decoding=\"async\" data-nimg=\"1\" src=\"http:\/\/hoycordobaweb.com\/wp-content\/uploads\/2024\/12\/gallardo-entre-las-ganas-de-terminar-rapido-el-ano-y-el-plan-para-el-river-2025-3.jpg\"><span class=\"epigraphe\">El Mu\u00f1eco reacomoda a River. Foto: Prensa River.<\/span><\/div>\n<div class=\"custom-text \" readability=\"41\">\n<p><strong>\u201cEstamos al final del a\u00f1o, tenemos que llegar como podemos, con los jugadores que tenemos. <\/strong>Voy a estar conforme con arrancar un a\u00f1o como yo creo que lo vamos a empezar, con ilusiones renovadas y con otra energ\u00eda. Reci\u00e9n a partir del a\u00f1o que viene me voy a sentir pleno. Porque vamos a tener la posibilidad de trabajar como a m\u00ed me gusta, con la mentalidad que yo quiero, que imponen siempre mis equipos y mayor caudal futbol\u00edstico\u201d, se entusiasm\u00f3 MG en La Plata.<\/p>\n<\/div>\n<div class=\"custom-text \" readability=\"37\">\n<p>Es as\u00ed.<strong> El t\u00e9cnico de River se subi\u00f3 a un \u201ctren en marcha\u201d que no iba en la direcci\u00f3n que a \u00e9l le habr\u00eda gustado <\/strong>m\u00e1s all\u00e1 de los errores que pudo cometer \u00e9l mismo en estos meses, <strong>pero ahora ese tren frena y \u00e9l tendr\u00e1 la potestad de armar el plan de viaje<\/strong> sin depender de decisiones que tomaron otras personas. Quedar\u00e1n tres partidos para que empiece el ciclo Gallardo en un 100% de pureza: <strong>game, reset and match.<\/strong><\/p>\n<\/div>\n<div class=\"sc-e7b891c4-0 ifHnQL image-embed\"><img alt=\"Gallardo, en la victoria ante Estudiantes. Foto Juano Tesone\" loading=\"lazy\" width=\"720\" height=\"100\" decoding=\"async\" data-nimg=\"1\" src=\"http:\/\/hoycordobaweb.com\/wp-content\/uploads\/2024\/12\/gallardo-entre-las-ganas-de-terminar-rapido-el-ano-y-el-plan-para-el-river-2025-4.jpg\"><span class=\"epigraphe\">Gallardo, en la victoria ante Estudiantes. Foto Juano Tesone<\/span><\/div>\n<p><h2><strong>El resumen de la victoria de River ante Estudiantes en La Plata<\/strong><\/h2>\n<\/p>\n<div class=\"sc-734b4696-1 kFfZtB\">\n<div class=\"sc-d00d9e74-0 hnHYbk\" type=\"embed\">\n<div class=\"sc-d00d9e74-1 iKVbz videoText\" id=\"contentTitleembedJZXelUEd\" type=\"embed\"><svg fill=\"#ffffff\"><symbol id=\"play\" viewBox=\"0 0 512 512\"><path d=\"M512 256C512 397.4 397.4 512 256 512C114.6 512 0 397.4 0 256C0 114.6 114.6 0 256 0C397.4 0 512 114.6 512 256zM176 168V344C176 352.7 180.7 360.7 188.3 364.9C195.8 369.2 205.1 369 212.5 364.5L356.5 276.5C363.6 272.1 368 264.4 368 256C368 247.6 363.6 239.9 356.5 235.5L212.5 147.5C205.1 142.1 195.8 142.8 188.3 147.1C180.7 151.3 176 159.3 176 168V168z\" \/><\/symbol><use xlink:href=\"#play\" \/><\/svg><\/p>\n<div class=\"right\">\n<p>River Plate<!-- --> &#8211; <span>&nbsp;<\/span><\/p>\n<h2 class=\"title-vid\">Lo mejor de Estudiantes 1 &#8211; River 2<\/h2>\n<\/div>\n<\/div>\n<p><span class=\"back\" id=\"spanBackembedJZXelUEd\"><\/span><\/div>\n<p>Video: ESPN.<\/p>\n<\/div>\n<\/div>\n","protected":false},"excerpt":{"rendered":"<p>30\/11\/2024 22:33hs. \u201cNecesitamos empezar el a\u00f1o\u201d. De la mejor conferencia de prensa de Marcelo Gallardo desde su regreso a River, la frase que describe la sensaci\u00f3n del t\u00e9cnico de River es \u00e9sa. El Mu\u00f1eco va tachando los d\u00edas en un calendario que se hizo de goma desde la eliminaci\u00f3n en semifinales de la Copa Libertadores [&hellip;]<\/p>\n","protected":false},"author":1,"featured_media":90100,"comment_status":"open","ping_status":"closed","sticky":false,"template":"","format":"standard","meta":[],"categories":[16],"tags":[],"_links":{"self":[{"href":"http:\/\/hoycordobaweb.com\/index.php\/wp-json\/wp\/v2\/posts\/90099"}],"collection":[{"href":"http:\/\/hoycordobaweb.com\/index.php\/wp-json\/wp\/v2\/posts"}],"about":[{"href":"http:\/\/hoycordobaweb.com\/index.php\/wp-json\/wp\/v2\/types\/post"}],"author":[{"embeddable":true,"href":"http:\/\/hoycordobaweb.com\/index.php\/wp-json\/wp\/v2\/users\/1"}],"replies":[{"embeddable":true,"href":"http:\/\/hoycordobaweb.com\/index.php\/wp-json\/wp\/v2\/comments?post=90099"}],"version-history":[{"count":0,"href":"http:\/\/hoycordobaweb.com\/index.php\/wp-json\/wp\/v2\/posts\/90099\/revisions"}],"wp:featuredmedia":[{"embeddable":true,"href":"http:\/\/hoycordobaweb.com\/index.php\/wp-json\/wp\/v2\/media\/90100"}],"wp:attachment":[{"href":"http:\/\/hoycordobaweb.com\/index.php\/wp-json\/wp\/v2\/media?parent=90099"}],"wp:term":[{"taxonomy":"category","embeddable":true,"href":"http:\/\/hoycordobaweb.com\/index.php\/wp-json\/wp\/v2\/categories?post=90099"},{"taxonomy":"post_tag","embeddable":true,"href":"http:\/\/hoycordobaweb.com\/index.php\/wp-json\/wp\/v2\/tags?post=90099"}],"curies":[{"name":"wp","href":"https:\/\/api.w.org\/{rel}","templated":true}]}}