{"id":90095,"date":"2024-12-01T02:04:37","date_gmt":"2024-12-01T02:04:37","guid":{"rendered":"https:\/\/www.ole.com.ar\/equipos\/racing\/racing-gustavo-costas-rosario-central_0_IXJPSlIzZP.html"},"modified":"2024-12-01T02:04:37","modified_gmt":"2024-12-01T02:04:37","slug":"costas-del-era-un-partido-perdible-al-por-ahi-le-dimos-un-susto-al-de-arriba-je","status":"publish","type":"post","link":"http:\/\/hoycordobaweb.com\/index.php\/2024\/12\/01\/costas-del-era-un-partido-perdible-al-por-ahi-le-dimos-un-susto-al-de-arriba-je\/","title":{"rendered":"Costas: del \u00abera un partido perdible\u00bb al \u00abpor ah\u00ed le dimos un susto al de arriba, je\u00bb"},"content":{"rendered":"<p><img src=\"http:\/\/hoycordobaweb.com\/wp-content\/uploads\/2024\/12\/costas-del-era-un-partido-perdible-al-por-ahi-le-dimos-un-susto-al-de-arriba-je.jpg\"><\/p>\n<p><span class=\"createDate\">30\/11\/2024 23:04hs.<\/span><time class=\"modificatedDate\" datetime=\"2024-11-30T23:44:47-03:00\"> Actualizado al 30\/11\/2024 23:44hs.<\/time><\/p>\n<div id=\"storyBody\">\n<div class=\"custom-text \" readability=\"40\">\n<p>\u00abLa verdad, era un partido perdible, con muchas bajas. Ven\u00edamos de tres o cuatro d\u00edas&#8230;<strong> Se festej\u00f3 mucho, era muy dif\u00edcil meternos. Muy pocos hinchas hablaban de Rosario. <\/strong>Todav\u00eda se hablaba de Paraguay, de que triplicamos en gente a los brasile\u00f1os. <strong>Pero yo pongo todo por mis jugadores. Y ahora, m\u00e1s todav\u00eda\u201d.<\/strong><\/p>\n<\/div>\n<div class=\"sc-e7b891c4-0 ifHnQL image-embed\"><img alt=\"Gustavo Costas habl\u00f3 sobre la victoria ante Central. foto sebastian granata \" loading=\"lazy\" width=\"720\" height=\"100\" decoding=\"async\" data-nimg=\"1\" src=\"http:\/\/hoycordobaweb.com\/wp-content\/uploads\/2024\/12\/costas-del-era-un-partido-perdible-al-por-ahi-le-dimos-un-susto-al-de-arriba-je-2.jpg\"><span class=\"epigraphe\">Gustavo Costas habl\u00f3 sobre la victoria ante Central. foto sebastian granata <\/span><\/div>\n<div class=\"custom-text \" readability=\"37\">\n<p><strong>A Gustavo Costas sus jugadores le siguen dando motivos para golpearse el pecho. <\/strong>Pensaba que haber alcanzado la gloria en la Copa Sudamericana (con el 3-1 sobre Cruzeiro), que los d\u00edas de tantos festejos, pod\u00edan generar un natural afloje de piernas, de tensiones.<\/p>\n<\/div>\n<div class=\"custom-text \" readability=\"37\">\n<p><strong>Pero sus soldados lo sorprendieron gratamente. Le demostraron, nuevamente, que no hay conquista que los relaje.<\/strong> Que esa ambici\u00f3n que \u00e9l mismo les inyect\u00f3 los impulsar\u00eda a ir por otra victoria, esta vez para quedar a solamente dos puntos del l\u00edder V\u00e9lez.<\/p>\n<\/div>\n<div class=\"custom-text \" readability=\"43\">\n<p>\u201cEstoy orgulloso de este grupo, se lo dije cuando est\u00e1bamos mal, cuando est\u00e1bamos bien, cuando ganamos la Copa y se lo digo ahora.<strong> El hincha de Racing tiene que estar orgulloso de estos chicos. Pueden jugar bien o mal, pero en su momento se aguantaron puteadas, se levantaron, corrieron, pelearon&#8230;\u201d<\/strong>, dijo el t\u00e9cnico durante la conferencia de prensa.<\/p>\n<\/div>\n<div class=\"sc-e7b891c4-0 ifHnQL image-embed\"><img alt=\"Gustavo Costas habl\u00f3 sobre la victoria ante Central. foto sebastian granata \" loading=\"lazy\" width=\"720\" height=\"100\" decoding=\"async\" data-nimg=\"1\" src=\"http:\/\/hoycordobaweb.com\/wp-content\/uploads\/2024\/12\/costas-del-era-un-partido-perdible-al-por-ahi-le-dimos-un-susto-al-de-arriba-je-3.jpg\"><span class=\"epigraphe\">Gustavo Costas habl\u00f3 sobre la victoria ante Central. foto sebastian granata <\/span><\/div>\n<div class=\"custom-text \" readability=\"42\">\n<p>La Academia gana. Ya es algo habitual. Gana en cualquier competencia. Gana jugando de diferentes formas. <strong>Gana con ausencias, obligadas, como las de Juanfer Quintero, Roger Mart\u00ednez<\/strong> (viajaron a Colombia, su pa\u00eds, por razones personales), <strong>Maxi Salas<\/strong> (suspendido por cinco amarillas) y <strong>Agust\u00edn Almendra <\/strong>(esguince en un tobillo). Tanto gana que lleva siete triunfo al hilo, cinco por la Liga y los restantes por Sudamericana.<\/p>\n<\/div>\n<div class=\"custom-text \" readability=\"42\">\n<p>\u201cLos jugadores est\u00e1n comprometidos con el club, parece que nacieron todos ac\u00e1. Pasa que Racing te enamora. Est\u00e1n comprometidos con la gente, con todos. Por eso dije que cuando estuvi\u00e9ramos todos juntos, hab\u00eda que intentar, pelear. Hay que llevar a Racing all\u00e1 arriba\u201d, agreg\u00f3 el entrenador. Y lanz\u00f3 una advertencia al recordar viejos errores:<strong> \u201cNo podemos cometer las boludeces que hicimos en otros momentos. No va a ser f\u00e1cil porque hay un equipo arriba nuestro. Pero capaz que les dimos un susto, je. Lo digo en chiste, eh\u201d.<\/strong><\/p>\n<\/div>\n<div class=\"custom-text \" readability=\"39\">\n<p>Costas, asimismo, aprovech\u00f3 para referirse a las ausencias de Juanfer y Roger: <strong>\u201cTuvieron problemas graves. Hablo todos los d\u00edas con ellos\u201d. Y revel\u00f3 lo que les solicit\u00f3 en cuanto a su regresos.<\/strong> \u201cLes ped\u00ed que traten de volver a m\u00e1s tardar martes o mi\u00e9rcoles -cont\u00f3- para que puedan estar en el recibimiento que har\u00e1 la gente de Racing, contra Estudiantes. Se lo merecen. Les va a hacer bien\u201d. Ese d\u00eda, la Acad\u00e9 volver\u00e1 a jugar de local por primera vez como campe\u00f3n de la Copa.<\/p>\n<\/div>\n<div class=\"sc-e7b891c4-0 ifHnQL image-embed\"><img alt=\"Gustavo Costas habl\u00f3 sobre la victoria ante Central. foto sebastian granata \" loading=\"lazy\" width=\"720\" height=\"100\" decoding=\"async\" data-nimg=\"1\" src=\"http:\/\/hoycordobaweb.com\/wp-content\/uploads\/2024\/12\/costas-del-era-un-partido-perdible-al-por-ahi-le-dimos-un-susto-al-de-arriba-je-4.jpg\"><span class=\"epigraphe\">Gustavo Costas habl\u00f3 sobre la victoria ante Central. foto sebastian granata <\/span><\/div>\n<\/div>\n","protected":false},"excerpt":{"rendered":"<p>30\/11\/2024 23:04hs. Actualizado al 30\/11\/2024 23:44hs. \u00abLa verdad, era un partido perdible, con muchas bajas. Ven\u00edamos de tres o cuatro d\u00edas&#8230; Se festej\u00f3 mucho, era muy dif\u00edcil meternos. Muy pocos hinchas hablaban de Rosario. Todav\u00eda se hablaba de Paraguay, de que triplicamos en gente a los brasile\u00f1os. Pero yo pongo todo por mis jugadores. Y [&hellip;]<\/p>\n","protected":false},"author":1,"featured_media":90096,"comment_status":"open","ping_status":"closed","sticky":false,"template":"","format":"standard","meta":[],"categories":[16],"tags":[],"_links":{"self":[{"href":"http:\/\/hoycordobaweb.com\/index.php\/wp-json\/wp\/v2\/posts\/90095"}],"collection":[{"href":"http:\/\/hoycordobaweb.com\/index.php\/wp-json\/wp\/v2\/posts"}],"about":[{"href":"http:\/\/hoycordobaweb.com\/index.php\/wp-json\/wp\/v2\/types\/post"}],"author":[{"embeddable":true,"href":"http:\/\/hoycordobaweb.com\/index.php\/wp-json\/wp\/v2\/users\/1"}],"replies":[{"embeddable":true,"href":"http:\/\/hoycordobaweb.com\/index.php\/wp-json\/wp\/v2\/comments?post=90095"}],"version-history":[{"count":0,"href":"http:\/\/hoycordobaweb.com\/index.php\/wp-json\/wp\/v2\/posts\/90095\/revisions"}],"wp:featuredmedia":[{"embeddable":true,"href":"http:\/\/hoycordobaweb.com\/index.php\/wp-json\/wp\/v2\/media\/90096"}],"wp:attachment":[{"href":"http:\/\/hoycordobaweb.com\/index.php\/wp-json\/wp\/v2\/media?parent=90095"}],"wp:term":[{"taxonomy":"category","embeddable":true,"href":"http:\/\/hoycordobaweb.com\/index.php\/wp-json\/wp\/v2\/categories?post=90095"},{"taxonomy":"post_tag","embeddable":true,"href":"http:\/\/hoycordobaweb.com\/index.php\/wp-json\/wp\/v2\/tags?post=90095"}],"curies":[{"name":"wp","href":"https:\/\/api.w.org\/{rel}","templated":true}]}}