{"id":89904,"date":"2024-11-29T00:46:33","date_gmt":"2024-11-29T00:46:33","guid":{"rendered":"https:\/\/www.ole.com.ar\/opinion\/riquelme-cumpleanos-boca_0_EzeT2SLEgo.html"},"modified":"2024-11-29T00:46:33","modified_gmt":"2024-11-29T00:46:33","slug":"riquelme-en-su-cumpleanos","status":"publish","type":"post","link":"http:\/\/hoycordobaweb.com\/index.php\/2024\/11\/29\/riquelme-en-su-cumpleanos\/","title":{"rendered":"Riquelme en su cumplea\u00f1os"},"content":{"rendered":"<p><img src=\"http:\/\/hoycordobaweb.com\/wp-content\/uploads\/2024\/11\/riquelme-en-su-cumpleanos.jpg\"><\/p>\n<p><time class=\"createDate\" datetime=\"2024-11-28T21:46:33-03:00\">28\/11\/2024 21:46hs.<\/time><\/p>\n<div id=\"storyBody\">\n<div class=\"custom-text \" readability=\"34.325581395349\">\n<p>\u00abTen\u00edamos ilusi\u00f3n de llegar a la final y no pudimos. Ahora tenemos que pedirle a la gente que nos acompa\u00f1e. Sabemos que en el a\u00f1o tuvimos cosas buenas y otras no tanto. No vivo de la manera que quieren instalarle a la gente. Hemos sido semifinalistas de la <a href=\"https:\/\/www.ole.com.ar\/tema\/copa-argentina.html\" title=\"Copa Argentina\" alt=\"Copa Argentina\" class=\"slug\">Copa Argentina<\/a>, que no es f\u00e1cil&#8230;.\u201d.<\/p>\n<\/div>\n<div class=\"custom-text \" readability=\"49.862453531599\">\n<p>A <a href=\"https:\/\/www.ole.com.ar\/tema\/juan-roman-riquelme.html\" title=\"Juan Rom\u00e1n Riquelme\" alt=\"Juan Rom\u00e1n Riquelme\" class=\"slug\">Juan Rom\u00e1n Riquelme<\/a> hist\u00f3ricamente se le reconoci\u00f3 su sentido de la oportunidad para salir a hablar, porque adem\u00e1s de elegir bien el momento, siempre ten\u00eda algo que decir, algo que, efectivamente, mejoraba el silencio. De un tiempo a esta parte, sin embargo, el presidente de <a href=\"https:\/\/www.ole.com.ar\/tema\/boca-juniors.html\" title=\"Boca Juniors\" alt=\"Boca Juniors\" class=\"slug\">Boca<\/a> panfletea sus intervenciones, m\u00e1s vinculadas a sus necesidades de gesti\u00f3n, cuando antes su voz interpretaba el sentir del hincha, un papel que nadie le pidi\u00f3 que interpretara, pero que ejerc\u00eda con una legitimidad innegable. Sus palabras luego de la eliminaci\u00f3n de Boca frente a V\u00e9lez machean con el rid\u00edculo, y en el fondo no enga\u00f1an a nadie. Su discurso conformista (\u00bfen serio que para Boca llegar a la semifinal de la Copa Argentina \u201cno es f\u00e1cil\u201d?), que puso la vara de la exigencia en el subsuelo y como contrapartida, una autocr\u00edtica inexistente, cuando en el armado del plantel, en los refuerzos low cost del \u00faltimo mercado y en la sangr\u00eda de figuras que viene sufriendo el plantel lleva su marca y su ADN como m\u00e1ximo responsable del f\u00fatbol desde hace cinco a\u00f1os.<\/p>\n<\/div>\n<div class=\"custom-text \" readability=\"49\">\n<p>Y ya tampoco funciona el enemigo invisible de \u201cla grieta\u201d, porque hoy, del otro lado, no hay nadie. Riquelme gan\u00f3 las elecciones con tanta autoridad y con tanta diferencia que en el panorama pol\u00edtico de Boca s\u00f3lo queda \u00e9l: nadie le mina el camino, nadie le condiciona la toma de decisiones, nadie le objeta nada, salvo alguna que otra voz del macrismo residual, cuya estrategia pol\u00edtica es dejar que Rom\u00e1n termine de chocar la calesita para lo que, aparentemente, no necesita de mucha ayuda. Lo que \u00e9l y su s\u00e9quito entienden como campa\u00f1as en su contra es alguna que otra expresi\u00f3n del periodismo cr\u00edtico, minoritario, excepcional, nada que vuelque la balanza del humor social. En tal caso, nadie como Riquelme sac\u00f3 ventaja de esa famosa grieta, que transform\u00f3 a Boca en un ap\u00e9ndice de s\u00ed mismo.<\/p>\n<\/div>\n<div class=\"custom-text \" readability=\"35\">\n<p>Y mientras el equipo compite cada vez menos y perfora m\u00e1s el piso, Riquelme est\u00e1 en un cumplea\u00f1os, en una fiesta a la que s\u00f3lo est\u00e1 invitado \u00e9l&#8230;<\/p>\n<\/div>\n<div class=\"sc-a7166897-0 eoLsBE\" readability=\"6.5\">\n<section readability=\"3\"><picture><img alt=\"Deyverson revel\u00f3 qu\u00e9 fue lo que lo hizo enamorarse de Boca: &quot;Desde ni\u00f1o los miraba jugar&quot;\" loading=\"lazy\" width=\"290\" height=\"290\" decoding=\"async\" data-nimg=\"1\" src=\"http:\/\/hoycordobaweb.com\/wp-content\/uploads\/2024\/11\/riquelme-en-su-cumpleanos-2.jpg\"><\/picture>\n<p><span>Mir\u00e1 tambi\u00e9n<\/span><\/p>\n<hr>\n<h3>Deyverson revel\u00f3 qu\u00e9 fue lo que lo hizo enamorarse de Boca: \u00abDesde ni\u00f1o los miraba jugar\u00bb<\/h3>\n<\/p>\n<\/section>\n<\/div>\n<div class=\"sc-a7166897-0 eoLsBE\" readability=\"6\">\n<section readability=\"2\"><picture><img alt=\"La contundente respuesta de Gago sobre la expulsi\u00f3n de Adv\u00edncula\" loading=\"lazy\" width=\"290\" height=\"290\" decoding=\"async\" data-nimg=\"1\" src=\"http:\/\/hoycordobaweb.com\/wp-content\/uploads\/2024\/11\/riquelme-en-su-cumpleanos-3.jpg\"><\/picture>\n<p><span>Mir\u00e1 tambi\u00e9n<\/span><\/p>\n<hr>\n<h3>La contundente respuesta de Gago sobre la expulsi\u00f3n de Adv\u00edncula<\/h3>\n<\/p>\n<\/section>\n<\/div>\n<\/div>\n","protected":false},"excerpt":{"rendered":"<p>28\/11\/2024 21:46hs. \u00abTen\u00edamos ilusi\u00f3n de llegar a la final y no pudimos. Ahora tenemos que pedirle a la gente que nos acompa\u00f1e. Sabemos que en el a\u00f1o tuvimos cosas buenas y otras no tanto. No vivo de la manera que quieren instalarle a la gente. Hemos sido semifinalistas de la Copa Argentina, que no es [&hellip;]<\/p>\n","protected":false},"author":1,"featured_media":89905,"comment_status":"open","ping_status":"closed","sticky":false,"template":"","format":"standard","meta":[],"categories":[16],"tags":[],"_links":{"self":[{"href":"http:\/\/hoycordobaweb.com\/index.php\/wp-json\/wp\/v2\/posts\/89904"}],"collection":[{"href":"http:\/\/hoycordobaweb.com\/index.php\/wp-json\/wp\/v2\/posts"}],"about":[{"href":"http:\/\/hoycordobaweb.com\/index.php\/wp-json\/wp\/v2\/types\/post"}],"author":[{"embeddable":true,"href":"http:\/\/hoycordobaweb.com\/index.php\/wp-json\/wp\/v2\/users\/1"}],"replies":[{"embeddable":true,"href":"http:\/\/hoycordobaweb.com\/index.php\/wp-json\/wp\/v2\/comments?post=89904"}],"version-history":[{"count":0,"href":"http:\/\/hoycordobaweb.com\/index.php\/wp-json\/wp\/v2\/posts\/89904\/revisions"}],"wp:featuredmedia":[{"embeddable":true,"href":"http:\/\/hoycordobaweb.com\/index.php\/wp-json\/wp\/v2\/media\/89905"}],"wp:attachment":[{"href":"http:\/\/hoycordobaweb.com\/index.php\/wp-json\/wp\/v2\/media?parent=89904"}],"wp:term":[{"taxonomy":"category","embeddable":true,"href":"http:\/\/hoycordobaweb.com\/index.php\/wp-json\/wp\/v2\/categories?post=89904"},{"taxonomy":"post_tag","embeddable":true,"href":"http:\/\/hoycordobaweb.com\/index.php\/wp-json\/wp\/v2\/tags?post=89904"}],"curies":[{"name":"wp","href":"https:\/\/api.w.org\/{rel}","templated":true}]}}