{"id":89893,"date":"2024-11-28T22:09:32","date_gmt":"2024-11-28T22:09:32","guid":{"rendered":"http:\/\/hoycordobaweb.com\/index.php\/2024\/11\/28\/la-asociacion-del-futbol-argentino-afa-inaugura-su-primera-academia-en-tanger-marruecos\/"},"modified":"2024-11-28T22:09:32","modified_gmt":"2024-11-28T22:09:32","slug":"la-asociacion-del-futbol-argentino-afa-inaugura-su-primera-academia-en-tanger-marruecos","status":"publish","type":"post","link":"http:\/\/hoycordobaweb.com\/index.php\/2024\/11\/28\/la-asociacion-del-futbol-argentino-afa-inaugura-su-primera-academia-en-tanger-marruecos\/","title":{"rendered":"La Asociaci\u00f3n del <b>F\u00fatbol Argentino<\/b> (AFA) inaugura su primera academia en T\u00e1nger, Marruecos"},"content":{"rendered":"<p>&#8230; <b>F\u00fatbol Argentino<\/b> en T\u00e1nger, Marruecos. La apertura formal, realizada ayer, cont\u00f3 con la destacada presencia de Javier Saviola, exjugador de la&nbsp;&#8230; <\/p>\n","protected":false},"excerpt":{"rendered":"<p>&#8230; F\u00fatbol Argentino en T\u00e1nger, Marruecos. La apertura formal, realizada ayer, cont\u00f3 con la destacada presencia de Javier Saviola, exjugador de la&nbsp;&#8230;<\/p>\n","protected":false},"author":1,"featured_media":0,"comment_status":"closed","ping_status":"closed","sticky":false,"template":"","format":"standard","meta":[],"categories":[22],"tags":[],"_links":{"self":[{"href":"http:\/\/hoycordobaweb.com\/index.php\/wp-json\/wp\/v2\/posts\/89893"}],"collection":[{"href":"http:\/\/hoycordobaweb.com\/index.php\/wp-json\/wp\/v2\/posts"}],"about":[{"href":"http:\/\/hoycordobaweb.com\/index.php\/wp-json\/wp\/v2\/types\/post"}],"author":[{"embeddable":true,"href":"http:\/\/hoycordobaweb.com\/index.php\/wp-json\/wp\/v2\/users\/1"}],"replies":[{"embeddable":true,"href":"http:\/\/hoycordobaweb.com\/index.php\/wp-json\/wp\/v2\/comments?post=89893"}],"version-history":[{"count":0,"href":"http:\/\/hoycordobaweb.com\/index.php\/wp-json\/wp\/v2\/posts\/89893\/revisions"}],"wp:attachment":[{"href":"http:\/\/hoycordobaweb.com\/index.php\/wp-json\/wp\/v2\/media?parent=89893"}],"wp:term":[{"taxonomy":"category","embeddable":true,"href":"http:\/\/hoycordobaweb.com\/index.php\/wp-json\/wp\/v2\/categories?post=89893"},{"taxonomy":"post_tag","embeddable":true,"href":"http:\/\/hoycordobaweb.com\/index.php\/wp-json\/wp\/v2\/tags?post=89893"}],"curies":[{"name":"wp","href":"https:\/\/api.w.org\/{rel}","templated":true}]}}