{"id":89827,"date":"2024-11-28T12:28:59","date_gmt":"2024-11-28T12:28:59","guid":{"rendered":"https:\/\/cordobaturismo.gov.ar\/?p=895031"},"modified":"2024-11-28T12:28:59","modified_gmt":"2024-11-28T12:28:59","slug":"una-experiencia-unica-en-quilino-tradicion-sabores-y-naturaleza","status":"publish","type":"post","link":"http:\/\/hoycordobaweb.com\/index.php\/2024\/11\/28\/una-experiencia-unica-en-quilino-tradicion-sabores-y-naturaleza\/","title":{"rendered":"Una experiencia \u00fanica en Quilino: tradici\u00f3n, sabores y naturaleza"},"content":{"rendered":"<p>Este evento se present\u00f3 este mi\u00e9rcoles 27 en el Complejo Ferial C\u00f3rdoba con la presencia de la intendenta de Quilino, Mabel Godoy y el presidente de la Agencia C\u00f3rdoba Turismo, Dar\u00edo Capitani.<\/p>\n<p>El pr\u00f3ximo s\u00e1bado 30 de noviembre y domingo 1 de diciembre, Quilino y Villa Quilino ser\u00e1n el escenario de un evento inolvidable: el <strong>\u201cPrimer Encuentro de Cultura y Sabores Regionales\u201d<\/strong> del norte cordob\u00e9s, un espacio que combina gastronom\u00eda, cultura, artesan\u00edas y turismo de bienestar en un entorno de singular belleza.<\/p>\n<figure class=\"wp-block-gallery has-nested-images columns-default is-cropped wp-block-gallery-1 is-layout-flex wp-block-gallery-is-layout-flex\">\n<figure class=\"wp-block-image size-large\"><img loading=\"lazy\" fetchpriority=\"high\" decoding=\"async\" width=\"1024\" height=\"768\" data-id=\"895038\" src=\"http:\/\/hoycordobaweb.com\/wp-content\/uploads\/2024\/11\/una-experiencia-unica-en-quilino-tradicion-sabores-y-naturaleza.jpg\" alt class=\"wp-image-895038\" srcset=\"http:\/\/hoycordobaweb.com\/wp-content\/uploads\/2024\/11\/una-experiencia-unica-en-quilino-tradicion-sabores-y-naturaleza.jpg 1024w, http:\/\/hoycordobaweb.com\/wp-content\/uploads\/2024\/11\/una-experiencia-unica-en-quilino-tradicion-sabores-y-naturaleza-6.jpg 300w, http:\/\/hoycordobaweb.com\/wp-content\/uploads\/2024\/11\/una-experiencia-unica-en-quilino-tradicion-sabores-y-naturaleza-7.jpg 768w, http:\/\/hoycordobaweb.com\/wp-content\/uploads\/2024\/11\/una-experiencia-unica-en-quilino-tradicion-sabores-y-naturaleza-8.jpg 1536w, http:\/\/hoycordobaweb.com\/wp-content\/uploads\/2024\/11\/una-experiencia-unica-en-quilino-tradicion-sabores-y-naturaleza-9.jpg 1600w\" sizes=\"(max-width: 1024px) 100vw, 1024px\"><\/figure>\n<figure class=\"wp-block-image size-large\"><img loading=\"lazy\" decoding=\"async\" width=\"1024\" height=\"768\" data-id=\"895037\" src=\"http:\/\/hoycordobaweb.com\/wp-content\/uploads\/2024\/11\/una-experiencia-unica-en-quilino-tradicion-sabores-y-naturaleza-1.jpg\" alt class=\"wp-image-895037\" srcset=\"http:\/\/hoycordobaweb.com\/wp-content\/uploads\/2024\/11\/una-experiencia-unica-en-quilino-tradicion-sabores-y-naturaleza-1.jpg 1024w, http:\/\/hoycordobaweb.com\/wp-content\/uploads\/2024\/11\/una-experiencia-unica-en-quilino-tradicion-sabores-y-naturaleza-10.jpg 300w, http:\/\/hoycordobaweb.com\/wp-content\/uploads\/2024\/11\/una-experiencia-unica-en-quilino-tradicion-sabores-y-naturaleza-11.jpg 768w, http:\/\/hoycordobaweb.com\/wp-content\/uploads\/2024\/11\/una-experiencia-unica-en-quilino-tradicion-sabores-y-naturaleza-12.jpg 1536w, http:\/\/hoycordobaweb.com\/wp-content\/uploads\/2024\/11\/una-experiencia-unica-en-quilino-tradicion-sabores-y-naturaleza-13.jpg 1600w\" sizes=\"(max-width: 1024px) 100vw, 1024px\"><\/figure>\n<figure class=\"wp-block-image size-large\"><img loading=\"lazy\" decoding=\"async\" width=\"812\" height=\"1024\" data-id=\"895033\" src=\"http:\/\/hoycordobaweb.com\/wp-content\/uploads\/2024\/11\/una-experiencia-unica-en-quilino-tradicion-sabores-y-naturaleza-2.jpg\" alt class=\"wp-image-895033\" srcset=\"http:\/\/hoycordobaweb.com\/wp-content\/uploads\/2024\/11\/una-experiencia-unica-en-quilino-tradicion-sabores-y-naturaleza-2.jpg 812w, http:\/\/hoycordobaweb.com\/wp-content\/uploads\/2024\/11\/una-experiencia-unica-en-quilino-tradicion-sabores-y-naturaleza-14.jpg 238w, http:\/\/hoycordobaweb.com\/wp-content\/uploads\/2024\/11\/una-experiencia-unica-en-quilino-tradicion-sabores-y-naturaleza-15.jpg 768w\" sizes=\"(max-width: 812px) 100vw, 812px\"><\/figure>\n<\/figure>\n<p>Tiene una agenda que durar\u00e1 ambos d\u00edas a saber:<\/p>\n<p><strong>S\u00e1bado 30 de noviembre: del campo a las estrellas<\/strong><\/p>\n<p>La jornada comenzar\u00e1 a las 8:30 hs en la <strong>Casa Museo Villa Quilino<\/strong>, con una c\u00e1lida bienvenida y un desayuno campestre. Los asistentes podr\u00e1n disfrutar de mate cocido con yuyos del monte, pan casero, tortillas al horno de barro y dulces artesanales elaborados con frutas de estaci\u00f3n, en un ambiente acogedor que resalta los sabores aut\u00f3ctonos.<\/p>\n<p>Luego, se realizar\u00e1n visitas a predios productivos:<\/p>\n<ul class=\"wp-block-list\">\n<li><strong>Vivero Municipal<\/strong>, donde se realizar\u00e1 una cata de vinos elaborados con vides locales.<\/li>\n<li><strong>Olivos del Tajamar<\/strong>, donde se podr\u00e1 conocer el proceso de fabricaci\u00f3n artesanal de aceite de oliva y degustar una picada de fiambres y aceitunas rellenas con quesillo de cabra.<\/li>\n<\/ul>\n<p>A las 12:00 hs, el <strong>almuerzo campestre<\/strong> se llevar\u00e1 a cabo en dos escenarios destacados:<\/p>\n<ul class=\"wp-block-list\">\n<li><strong>Casona del Puesto<\/strong>, con empanadas y cabrito a la parrilla como platos principales.<\/li>\n<li><strong>Posada Villa Quilino<\/strong>, donde adem\u00e1s habr\u00e1 talleres de cocina, demostraciones de artesanos en paja de trigo y m\u00fasica en vivo.<\/li>\n<\/ul>\n<p>El d\u00eda culminar\u00e1 con un <strong>atardecer en San Jos\u00e9 de las Salinas<\/strong>, un espacio ideal para el turismo de bienestar, y un emotivo <strong>Fog\u00f3n Criollo<\/strong> en la Plaza Sarmiento de Villa Quilino, con comidas t\u00edpicas, danzas y folklore bajo las estrellas.<\/p>\n<p><strong>Domingo 1 de diciembre: cultura y sabores regionales<\/strong><\/p>\n<p>La jornada comenzar\u00e1 a las 8:30 hs en el <strong>Balneario Municipal Villa Quilino<\/strong>, con una bienvenida a las delegaciones municipales de la zona del Ente de la Sal. All\u00ed, se disfrutar\u00e1 de un taller de \u00abYerbiado Cordob\u00e9s\u00bb acompa\u00f1ado de un desayuno t\u00edpico.<\/p>\n<p>A las 9:30 hs, una cabalgata, sulkys y caravanas recorrer\u00e1n el casco cultural e hist\u00f3rico de Villa Quilino, ofreciendo una conexi\u00f3n \u00fanica con las tradiciones locales.<\/p>\n<p>El almuerzo regional ser\u00e1 un deleite para los sentidos: cada municipio presentar\u00e1 su propuesta en el evento <strong>\u201c3 Recetas, 3 Sabores, 3 Historias\u201d<\/strong>, con talleres y degustaciones de cocina tradicional. Adem\u00e1s, habr\u00e1 venta de comidas t\u00edpicas a beneficio de entidades educativas locales.<\/p>\n<p>Por la tarde, las familias podr\u00e1n disfrutar de juegos tradicionales como la taba, truco, bochas y carreras de embolsados.<\/p>\n<p>El cierre ser\u00e1 a las 17:30 hs con un show a cargo de <strong>Paquito Oca\u00f1o<\/strong>, conocido como el \u00abDue\u00f1o de la Bailanta\u00bb, prometiendo una celebraci\u00f3n llena de m\u00fasica y alegr\u00eda.<\/p>\n<p>Este evento invita a sumergirse en la esencia de Quilino, uniendo tradici\u00f3n, paisajes \u00fanicos y la calidez de su gente en un fin de semana inolvidable. \u00a1No te lo pierdas!<\/p>\n<figure class=\"wp-block-gallery has-nested-images columns-default is-cropped wp-block-gallery-2 is-layout-flex wp-block-gallery-is-layout-flex\">\n<figure class=\"wp-block-image size-large\"><img loading=\"lazy\" decoding=\"async\" width=\"837\" height=\"1024\" data-id=\"895035\" src=\"http:\/\/hoycordobaweb.com\/wp-content\/uploads\/2024\/11\/una-experiencia-unica-en-quilino-tradicion-sabores-y-naturaleza-3.jpg\" alt class=\"wp-image-895035\" srcset=\"http:\/\/hoycordobaweb.com\/wp-content\/uploads\/2024\/11\/una-experiencia-unica-en-quilino-tradicion-sabores-y-naturaleza-3.jpg 837w, http:\/\/hoycordobaweb.com\/wp-content\/uploads\/2024\/11\/una-experiencia-unica-en-quilino-tradicion-sabores-y-naturaleza-16.jpg 245w, http:\/\/hoycordobaweb.com\/wp-content\/uploads\/2024\/11\/una-experiencia-unica-en-quilino-tradicion-sabores-y-naturaleza-17.jpg 768w\" sizes=\"auto, (max-width: 837px) 100vw, 837px\"><\/figure>\n<figure class=\"wp-block-image size-large\"><img loading=\"lazy\" decoding=\"async\" width=\"1024\" height=\"830\" data-id=\"895032\" src=\"http:\/\/hoycordobaweb.com\/wp-content\/uploads\/2024\/11\/una-experiencia-unica-en-quilino-tradicion-sabores-y-naturaleza-4.jpg\" alt class=\"wp-image-895032\" srcset=\"http:\/\/hoycordobaweb.com\/wp-content\/uploads\/2024\/11\/una-experiencia-unica-en-quilino-tradicion-sabores-y-naturaleza-4.jpg 1024w, http:\/\/hoycordobaweb.com\/wp-content\/uploads\/2024\/11\/una-experiencia-unica-en-quilino-tradicion-sabores-y-naturaleza-18.jpg 300w, http:\/\/hoycordobaweb.com\/wp-content\/uploads\/2024\/11\/una-experiencia-unica-en-quilino-tradicion-sabores-y-naturaleza-19.jpg 768w\" sizes=\"auto, (max-width: 1024px) 100vw, 1024px\"><\/figure>\n<figure class=\"wp-block-image size-large\"><img loading=\"lazy\" decoding=\"async\" width=\"768\" height=\"1024\" data-id=\"895034\" src=\"http:\/\/hoycordobaweb.com\/wp-content\/uploads\/2024\/11\/una-experiencia-unica-en-quilino-tradicion-sabores-y-naturaleza-5.jpg\" alt class=\"wp-image-895034\" srcset=\"http:\/\/hoycordobaweb.com\/wp-content\/uploads\/2024\/11\/una-experiencia-unica-en-quilino-tradicion-sabores-y-naturaleza-5.jpg 768w, http:\/\/hoycordobaweb.com\/wp-content\/uploads\/2024\/11\/una-experiencia-unica-en-quilino-tradicion-sabores-y-naturaleza-20.jpg 225w, http:\/\/hoycordobaweb.com\/wp-content\/uploads\/2024\/11\/una-experiencia-unica-en-quilino-tradicion-sabores-y-naturaleza-21.jpg 1152w, http:\/\/hoycordobaweb.com\/wp-content\/uploads\/2024\/11\/una-experiencia-unica-en-quilino-tradicion-sabores-y-naturaleza-22.jpg 1200w\" sizes=\"auto, (max-width: 768px) 100vw, 768px\"><\/figure>\n<\/figure>\n","protected":false},"excerpt":{"rendered":"<p>Este evento se present\u00f3 este mi\u00e9rcoles 27 en el Complejo Ferial C\u00f3rdoba con la presencia de la intendenta de Quilino, Mabel Godoy y el presidente de la Agencia C\u00f3rdoba Turismo, Dar\u00edo Capitani. El pr\u00f3ximo s\u00e1bado 30 de noviembre y domingo 1 de diciembre, Quilino y Villa Quilino ser\u00e1n el escenario de un evento inolvidable: el [&hellip;]<\/p>\n","protected":false},"author":1,"featured_media":89828,"comment_status":"closed","ping_status":"closed","sticky":false,"template":"","format":"standard","meta":[],"categories":[19],"tags":[],"_links":{"self":[{"href":"http:\/\/hoycordobaweb.com\/index.php\/wp-json\/wp\/v2\/posts\/89827"}],"collection":[{"href":"http:\/\/hoycordobaweb.com\/index.php\/wp-json\/wp\/v2\/posts"}],"about":[{"href":"http:\/\/hoycordobaweb.com\/index.php\/wp-json\/wp\/v2\/types\/post"}],"author":[{"embeddable":true,"href":"http:\/\/hoycordobaweb.com\/index.php\/wp-json\/wp\/v2\/users\/1"}],"replies":[{"embeddable":true,"href":"http:\/\/hoycordobaweb.com\/index.php\/wp-json\/wp\/v2\/comments?post=89827"}],"version-history":[{"count":0,"href":"http:\/\/hoycordobaweb.com\/index.php\/wp-json\/wp\/v2\/posts\/89827\/revisions"}],"wp:featuredmedia":[{"embeddable":true,"href":"http:\/\/hoycordobaweb.com\/index.php\/wp-json\/wp\/v2\/media\/89828"}],"wp:attachment":[{"href":"http:\/\/hoycordobaweb.com\/index.php\/wp-json\/wp\/v2\/media?parent=89827"}],"wp:term":[{"taxonomy":"category","embeddable":true,"href":"http:\/\/hoycordobaweb.com\/index.php\/wp-json\/wp\/v2\/categories?post=89827"},{"taxonomy":"post_tag","embeddable":true,"href":"http:\/\/hoycordobaweb.com\/index.php\/wp-json\/wp\/v2\/tags?post=89827"}],"curies":[{"name":"wp","href":"https:\/\/api.w.org\/{rel}","templated":true}]}}