{"id":89817,"date":"2024-11-28T12:35:28","date_gmt":"2024-11-28T12:35:28","guid":{"rendered":"https:\/\/www.mujerhoy.com\/moda\/no-te-pierdas\/mejores-compras-ropa-zapatos-bolsos-black-friday-parfois-20241128133423-nt.html"},"modified":"2024-11-28T12:35:28","modified_gmt":"2024-11-28T12:35:28","slug":"estas-son-mis-compras-favoritas-de-parfois-para-el-black-friday","status":"publish","type":"post","link":"http:\/\/hoycordobaweb.com\/index.php\/2024\/11\/28\/estas-son-mis-compras-favoritas-de-parfois-para-el-black-friday\/","title":{"rendered":"Estas son mis compras favoritas de Parfois\u00a0para el Black Friday"},"content":{"rendered":"<p><!-- AUTHOR --> <\/p>\n<div class=\"voc-author-timesocial \"> <!-- AUTHOR --> <\/p>\n<div class=\"voc-author-timesocial__signature \">\n<div class=\"voc-author-timesocial__img-c\"> <!-- IMAGE AUTHOR --> <picture class=\"voc-image-signature\"> <img class=\"voc-image-signature__img\" src=\"http:\/\/hoycordobaweb.com\/wp-content\/uploads\/2024\/11\/estas-son-mis-compras-favoritas-de-parfois-para-el-black-friday.jpg\" alt=\"Elena Olivero\"> <\/picture> <\/div>\n<p> <!-- INFO AUTHOR --> <\/div><\/div>\n<p> <!-- COMPONENTS --> <\/p>\n<p class=\"voc-paragraph\" data-mrf-recirculation=\"Link art\u00edculo\">No es coincidencia que muchas influencers espa\u00f1olas y portuguesas est\u00e9n llevando ahora mismo mucho las <strong>prendas de Parfois<\/strong>. Y es que la marca low cost se ha convertido en una de las favoritas de las expertas en moda, compartiendo foco con titanes como Inditex, Mango o H&amp;M. Porque, ya no solo tienen los <a data-voc-vtm-id=\"in-text-traffic\" href=\"https:\/\/www.mujerhoy.com\/moda\/no-te-pierdas\/bolsos-tendencia-otono-virales-influencers-parfois-20241031125227-nt.html\" data-mrf-link=\"https:\/\/www.mujerhoy.com\/moda\/no-te-pierdas\/bolsos-tendencia-otono-virales-influencers-parfois-20241031125227-nt.html\">accesorios a la moda<\/a> por un precio asequible o esos <a data-voc-vtm-id=\"in-text-traffic\" href=\"https:\/\/www.mujerhoy.com\/moda\/no-te-pierdas\/zapatos-planos-parfois-virales-tendencia-bailarinas-botas-cowboy-20240919130448-nt.html\" data-mrf-link=\"https:\/\/www.mujerhoy.com\/moda\/no-te-pierdas\/zapatos-planos-parfois-virales-tendencia-bailarinas-botas-cowboy-20240919130448-nt.html\">zapatos que se hacen muy virales en redes<\/a><br \/>\n. Y es que su ropa tambi\u00e9n es digna de nuestro deseo.\n<\/p>\n<p class=\"voc-paragraph\" data-mrf-recirculation=\"Link art\u00edculo\">Ahora incluso se han lanzado al mundo de las <a data-voc-vtm-id=\"in-text-traffic\" href=\"https:\/\/www.mujerhoy.com\/moda\/tendencias\/favoritos-coleccion-gala-parfois-ropa-elegante-original-20241122124616-nt.html\" data-mrf-link=\"https:\/\/www.mujerhoy.com\/moda\/tendencias\/favoritos-coleccion-gala-parfois-ropa-elegante-original-20241122124616-nt.html\">colaboraciones con su colecci\u00f3n con Gala Gonz\u00e1lez<\/a><br \/>\n, uno de los m\u00e1ximos referentes internacionales de estilo de nuestro pa\u00eds. Y es que, al entrar en sus tiendas es imposible que no se te antoje nada, por lo menos a m\u00ed me pasa. Por eso, tengo claro que estas son mis <strong>compras favoritas de Parfois para el Black Friday<\/strong> que he guardado en la cesta para aprovechar con los descuentos. Y, seguro que t\u00fa tampoco te podr\u00e1s resistir a ellos.\n<\/p>\n<div class=\"voc-detail-photo-zoom\"> <picture data-toggle=\"modal\" data-target=\"#photoZoomModal-563\" target=\"modal\">\n<div class=\"voc-img-icon-link\"> <img loading=\"lazy\" src=\"http:\/\/hoycordobaweb.com\/wp-content\/uploads\/2024\/11\/estas-son-mis-compras-favoritas-de-parfois-para-el-black-friday.webp\" width=\"650\" height=\"900\" alt=\"Conjunto de blazer y falda burdeos\"> <noscript> <img src=\"http:\/\/hoycordobaweb.com\/wp-content\/uploads\/2024\/11\/estas-son-mis-compras-favoritas-de-parfois-para-el-black-friday.webp\" alt=\"Conjunto de blazer y falda burdeos\"> <\/noscript> <i class=\"voc-icons zoom voc-multimedia-box voc-ico-l\"><\/i> <\/div><figcaption class=\"figure-caption\">Conjunto de blazer y falda burdeos<\/figcaption><\/picture>\n<\/div>\n<div id=\"photoZoomModal-563\" class=\"voc-lightbox modal fade voc-lightbox--photo-zoom\" role=\"dialog\" data-voc-photozoom-lightbox>\n<div class=\"voc-lightbox__dialog\" role=\"document\">\n<div class=\"voc-lightbox__content\"> <!-- Modal header --> <!-- Modal content --> <\/p>\n<div class=\"voc-lightbox__photo-container\"> <picture class> <img loading=\"lazy\" src=\"http:\/\/hoycordobaweb.com\/wp-content\/uploads\/2024\/11\/estas-son-mis-compras-favoritas-de-parfois-para-el-black-friday.webp\" alt=\"Conjunto de blazer y falda burdeos\"> <noscript> <img src=\"http:\/\/hoycordobaweb.com\/wp-content\/uploads\/2024\/11\/estas-son-mis-compras-favoritas-de-parfois-para-el-black-friday.webp\" alt=\"Conjunto de blazer y falda burdeos\"> <\/noscript> <\/picture> <\/div><\/div><\/div>\n<\/div>\n<p><h3 class=\"voc-detail__title\"> Total look burgundy:<br \/>\n<\/h3>\n<\/p>\n<p class=\"voc-paragraph\" data-mrf-recirculation=\"Link art\u00edculo\"><strong>Conjunto burdeos<\/strong> de dos piezas. Est\u00e1 compuesto por una blazer entallada con cuello de pico y una falda de tubo midi por encima de la rodilla, con tiro alto y bolsillos.\n<\/p>\n<div class=\"voc-detail-photo-zoom\"> <picture data-toggle=\"modal\" data-target=\"#photoZoomModal-658\" target=\"modal\">\n<div class=\"voc-img-icon-link\"> <img loading=\"lazy\" src=\"http:\/\/hoycordobaweb.com\/wp-content\/uploads\/2024\/11\/estas-son-mis-compras-favoritas-de-parfois-para-el-black-friday-1.webp\" width=\"650\" height=\"900\" alt=\"Top de lentejuelas con detalle de lazo a contraste\"> <noscript> <img src=\"http:\/\/hoycordobaweb.com\/wp-content\/uploads\/2024\/11\/estas-son-mis-compras-favoritas-de-parfois-para-el-black-friday-1.webp\" alt=\"Top de lentejuelas con detalle de lazo a contraste\"> <\/noscript> <i class=\"voc-icons zoom voc-multimedia-box voc-ico-l\"><\/i> <\/div><figcaption class=\"figure-caption\">Top de lentejuelas con detalle de lazo a contraste<\/figcaption><\/picture>\n<\/div>\n<div id=\"photoZoomModal-658\" class=\"voc-lightbox modal fade voc-lightbox--photo-zoom\" role=\"dialog\" data-voc-photozoom-lightbox>\n<div class=\"voc-lightbox__dialog\" role=\"document\">\n<div class=\"voc-lightbox__content\"> <!-- Modal header --> <!-- Modal content --> <\/p>\n<div class=\"voc-lightbox__photo-container\"> <picture class> <img loading=\"lazy\" src=\"http:\/\/hoycordobaweb.com\/wp-content\/uploads\/2024\/11\/estas-son-mis-compras-favoritas-de-parfois-para-el-black-friday-1.webp\" alt=\"Top de lentejuelas con detalle de lazo a contraste\"> <noscript> <img src=\"http:\/\/hoycordobaweb.com\/wp-content\/uploads\/2024\/11\/estas-son-mis-compras-favoritas-de-parfois-para-el-black-friday-1.webp\" alt=\"Top de lentejuelas con detalle de lazo a contraste\"> <\/noscript> <\/picture> <\/div><\/div><\/div>\n<\/div>\n<p><h3 class=\"voc-detail__title\"> Top con lazo:<br \/>\n<\/h3>\n<\/p>\n<p class=\"voc-paragraph\" data-mrf-recirculation=\"Link art\u00edculo\"><strong>Top de lentejuelas<\/strong> color blanco. Tiene cuello redondo. Las mangas son largas. Queda fluido. Y, cuenta con detalle de lazo satinado a contraste en color negro como cierre.\n<\/p>\n<div class=\"voc-detail-photo-zoom\"> <picture data-toggle=\"modal\" data-target=\"#photoZoomModal-410\" target=\"modal\">\n<div class=\"voc-img-icon-link\"> <img loading=\"lazy\" src=\"http:\/\/hoycordobaweb.com\/wp-content\/uploads\/2024\/11\/estas-son-mis-compras-favoritas-de-parfois-para-el-black-friday-2.webp\" width=\"650\" height=\"900\" alt=\"Jersye rojo de punto grueso con flecos\"> <noscript> <img src=\"http:\/\/hoycordobaweb.com\/wp-content\/uploads\/2024\/11\/estas-son-mis-compras-favoritas-de-parfois-para-el-black-friday-2.webp\" alt=\"Jersye rojo de punto grueso con flecos\"> <\/noscript> <i class=\"voc-icons zoom voc-multimedia-box voc-ico-l\"><\/i> <\/div><figcaption class=\"figure-caption\">Jersye rojo de punto grueso con flecos<\/figcaption><\/picture>\n<\/div>\n<div id=\"photoZoomModal-410\" class=\"voc-lightbox modal fade voc-lightbox--photo-zoom\" role=\"dialog\" data-voc-photozoom-lightbox>\n<div class=\"voc-lightbox__dialog\" role=\"document\">\n<div class=\"voc-lightbox__content\"> <!-- Modal header --> <!-- Modal content --> <\/p>\n<div class=\"voc-lightbox__photo-container\"> <picture class> <img loading=\"lazy\" src=\"http:\/\/hoycordobaweb.com\/wp-content\/uploads\/2024\/11\/estas-son-mis-compras-favoritas-de-parfois-para-el-black-friday-2.webp\" alt=\"Jersye rojo de punto grueso con flecos\"> <noscript> <img src=\"http:\/\/hoycordobaweb.com\/wp-content\/uploads\/2024\/11\/estas-son-mis-compras-favoritas-de-parfois-para-el-black-friday-2.webp\" alt=\"Jersye rojo de punto grueso con flecos\"> <\/noscript> <\/picture> <\/div><\/div><\/div>\n<\/div>\n<p><h3 class=\"voc-detail__title\"> Jersey de flecos:<br \/>\n<\/h3>\n<\/p>\n<p class=\"voc-paragraph\" data-mrf-recirculation=\"Link art\u00edculo\"><strong>Jersey de punto oversize color rojo<\/strong>. Cuenta con acabados en canal\u00e9. El cuello es redondo. Tiene mangas largas. Y, se adorna con detalle de flecos.\n<\/p>\n<div class=\"voc-detail-photo-zoom\"> <picture data-toggle=\"modal\" data-target=\"#photoZoomModal-153\" target=\"modal\">\n<div class=\"voc-img-icon-link\"> <img loading=\"lazy\" src=\"http:\/\/hoycordobaweb.com\/wp-content\/uploads\/2024\/11\/estas-son-mis-compras-favoritas-de-parfois-para-el-black-friday-3.webp\" width=\"650\" height=\"900\" alt=\"Camisa de volantes semitransparente\"> <noscript> <img src=\"http:\/\/hoycordobaweb.com\/wp-content\/uploads\/2024\/11\/estas-son-mis-compras-favoritas-de-parfois-para-el-black-friday-3.webp\" alt=\"Camisa de volantes semitransparente\"> <\/noscript> <i class=\"voc-icons zoom voc-multimedia-box voc-ico-l\"><\/i> <\/div><figcaption class=\"figure-caption\">Camisa de volantes semitransparente<\/figcaption><\/picture>\n<\/div>\n<div id=\"photoZoomModal-153\" class=\"voc-lightbox modal fade voc-lightbox--photo-zoom\" role=\"dialog\" data-voc-photozoom-lightbox>\n<div class=\"voc-lightbox__dialog\" role=\"document\">\n<div class=\"voc-lightbox__content\"> <!-- Modal header --> <!-- Modal content --> <\/p>\n<div class=\"voc-lightbox__photo-container\"> <picture class> <img loading=\"lazy\" src=\"http:\/\/hoycordobaweb.com\/wp-content\/uploads\/2024\/11\/estas-son-mis-compras-favoritas-de-parfois-para-el-black-friday-3.webp\" alt=\"Camisa de volantes semitransparente\"> <noscript> <img src=\"http:\/\/hoycordobaweb.com\/wp-content\/uploads\/2024\/11\/estas-son-mis-compras-favoritas-de-parfois-para-el-black-friday-3.webp\" alt=\"Camisa de volantes semitransparente\"> <\/noscript> <\/picture> <\/div><\/div><\/div>\n<\/div>\n<p><h3 class=\"voc-detail__title\"> Blusa boho chic:<br \/>\n<\/h3>\n<\/p>\n<p class=\"voc-paragraph\" data-mrf-recirculation=\"Link art\u00edculo\"><strong>Blusa en tejido vaporoso semitransparente<\/strong> color rosa. Se decora con detalle de volantes. Queda fluida. El corte es relajado. Tiene cuello redondo con cierre de cord\u00f3n. Y, cuenta con mangas largas anchas recogidas en pu\u00f1os.\n<\/p>\n<div class=\"voc-detail-photo-zoom\"> <picture data-toggle=\"modal\" data-target=\"#photoZoomModal-421\" target=\"modal\">\n<div class=\"voc-img-icon-link\"> <img loading=\"lazy\" src=\"http:\/\/hoycordobaweb.com\/wp-content\/uploads\/2024\/11\/estas-son-mis-compras-favoritas-de-parfois-para-el-black-friday-4.webp\" width=\"650\" height=\"900\" alt=\"Cazadora de doble faz con forro de borreguillo\"> <noscript> <img src=\"http:\/\/hoycordobaweb.com\/wp-content\/uploads\/2024\/11\/estas-son-mis-compras-favoritas-de-parfois-para-el-black-friday-4.webp\" alt=\"Cazadora de doble faz con forro de borreguillo\"> <\/noscript> <i class=\"voc-icons zoom voc-multimedia-box voc-ico-l\"><\/i> <\/div><figcaption class=\"figure-caption\">Cazadora de doble faz con forro de borreguillo<\/figcaption><\/picture>\n<\/div>\n<div id=\"photoZoomModal-421\" class=\"voc-lightbox modal fade voc-lightbox--photo-zoom\" role=\"dialog\" data-voc-photozoom-lightbox>\n<div class=\"voc-lightbox__dialog\" role=\"document\">\n<div class=\"voc-lightbox__content\"> <!-- Modal header --> <!-- Modal content --> <\/p>\n<div class=\"voc-lightbox__photo-container\"> <picture class> <img loading=\"lazy\" src=\"http:\/\/hoycordobaweb.com\/wp-content\/uploads\/2024\/11\/estas-son-mis-compras-favoritas-de-parfois-para-el-black-friday-4.webp\" alt=\"Cazadora de doble faz con forro de borreguillo\"> <noscript> <img src=\"http:\/\/hoycordobaweb.com\/wp-content\/uploads\/2024\/11\/estas-son-mis-compras-favoritas-de-parfois-para-el-black-friday-4.webp\" alt=\"Cazadora de doble faz con forro de borreguillo\"> <\/noscript> <\/picture> <\/div><\/div><\/div>\n<\/div>\n<p><h3 class=\"voc-detail__title\"> Chaqueta de aviador:<br \/>\n<\/h3>\n<\/p>\n<p class=\"voc-paragraph\" data-mrf-recirculation=\"Link art\u00edculo\"><strong>Cazadora de doble faz<\/strong> en efecto piel marr\u00f3n oscuro. Incorpora forro de borreguillo color beige. Las mangas son largas. Cuenta con cuello solapa ancho. Incluye bolsillos. Y, tiene cierre cruzado de cremallera met\u00e1lica.\n<\/p>\n<div class=\"voc-detail-photo-zoom\"> <picture data-toggle=\"modal\" data-target=\"#photoZoomModal-581\" target=\"modal\">\n<div class=\"voc-img-icon-link\"> <img loading=\"lazy\" src=\"http:\/\/hoycordobaweb.com\/wp-content\/uploads\/2024\/11\/estas-son-mis-compras-favoritas-de-parfois-para-el-black-friday-5.webp\" width=\"650\" height=\"900\" alt=\"Falda efecto cuero con flecos\"> <noscript> <img src=\"http:\/\/hoycordobaweb.com\/wp-content\/uploads\/2024\/11\/estas-son-mis-compras-favoritas-de-parfois-para-el-black-friday-5.webp\" alt=\"Falda efecto cuero con flecos\"> <\/noscript> <i class=\"voc-icons zoom voc-multimedia-box voc-ico-l\"><\/i> <\/div><figcaption class=\"figure-caption\">Falda efecto cuero con flecos<\/figcaption><\/picture>\n<\/div>\n<div id=\"photoZoomModal-581\" class=\"voc-lightbox modal fade voc-lightbox--photo-zoom\" role=\"dialog\" data-voc-photozoom-lightbox>\n<div class=\"voc-lightbox__dialog\" role=\"document\">\n<div class=\"voc-lightbox__content\"> <!-- Modal header --> <!-- Modal content --> <\/p>\n<div class=\"voc-lightbox__photo-container\"> <picture class> <img loading=\"lazy\" src=\"http:\/\/hoycordobaweb.com\/wp-content\/uploads\/2024\/11\/estas-son-mis-compras-favoritas-de-parfois-para-el-black-friday-5.webp\" alt=\"Falda efecto cuero con flecos\"> <noscript> <img src=\"http:\/\/hoycordobaweb.com\/wp-content\/uploads\/2024\/11\/estas-son-mis-compras-favoritas-de-parfois-para-el-black-friday-5.webp\" alt=\"Falda efecto cuero con flecos\"> <\/noscript> <\/picture> <\/div><\/div><\/div>\n<\/div>\n<p><h3 class=\"voc-detail__title\"> Falda efecto piel:<br \/>\n<\/h3>\n<\/p>\n<p class=\"voc-paragraph\" data-mrf-recirculation=\"Link art\u00edculo\"><strong>Falda asim\u00e9trica en tejido efecto piel<\/strong> desgastado, color negro. Cuenta con tiro alto entallado a la cintura. El bajo se decora con hilera de flecos. Y, tiene bolsillos al bies.\n<\/p>\n<div class=\"voc-detail-photo-zoom\"> <picture data-toggle=\"modal\" data-target=\"#photoZoomModal-527\" target=\"modal\">\n<div class=\"voc-img-icon-link\"> <img loading=\"lazy\" src=\"http:\/\/hoycordobaweb.com\/wp-content\/uploads\/2024\/11\/estas-son-mis-compras-favoritas-de-parfois-para-el-black-friday-6.webp\" width=\"650\" height=\"900\" alt=\"Abrigo de pelo con animal print\"> <noscript> <img src=\"http:\/\/hoycordobaweb.com\/wp-content\/uploads\/2024\/11\/estas-son-mis-compras-favoritas-de-parfois-para-el-black-friday-6.webp\" alt=\"Abrigo de pelo con animal print\"> <\/noscript> <i class=\"voc-icons zoom voc-multimedia-box voc-ico-l\"><\/i> <\/div><figcaption class=\"figure-caption\">Abrigo de pelo con animal print<\/figcaption><\/picture>\n<\/div>\n<div id=\"photoZoomModal-527\" class=\"voc-lightbox modal fade voc-lightbox--photo-zoom\" role=\"dialog\" data-voc-photozoom-lightbox>\n<div class=\"voc-lightbox__dialog\" role=\"document\">\n<div class=\"voc-lightbox__content\"> <!-- Modal header --> <!-- Modal content --> <\/p>\n<div class=\"voc-lightbox__photo-container\"> <picture class> <img loading=\"lazy\" src=\"http:\/\/hoycordobaweb.com\/wp-content\/uploads\/2024\/11\/estas-son-mis-compras-favoritas-de-parfois-para-el-black-friday-6.webp\" alt=\"Abrigo de pelo con animal print\"> <noscript> <img src=\"http:\/\/hoycordobaweb.com\/wp-content\/uploads\/2024\/11\/estas-son-mis-compras-favoritas-de-parfois-para-el-black-friday-6.webp\" alt=\"Abrigo de pelo con animal print\"> <\/noscript> <\/picture> <\/div><\/div><\/div>\n<\/div>\n<p><h3 class=\"voc-detail__title\"> Abrigo animal print:<br \/>\n<\/h3>\n<\/p>\n<p class=\"voc-paragraph\" data-mrf-recirculation=\"Link art\u00edculo\"><strong>Abrigo midi efecto pelo con estampado de leopardo<\/strong>. Las mangas son largas. Queda ancho. Cuenta con cuello solapa camisero. Incluye bolsillos. Y, tiene cierre de botones oculto por tapeta.\n<\/p>\n<div class=\"voc-detail-photo-zoom\"> <picture data-toggle=\"modal\" data-target=\"#photoZoomModal-885\" target=\"modal\">\n<div class=\"voc-img-icon-link\"> <img loading=\"lazy\" src=\"http:\/\/hoycordobaweb.com\/wp-content\/uploads\/2024\/11\/estas-son-mis-compras-favoritas-de-parfois-para-el-black-friday-7.webp\" width=\"650\" height=\"900\" alt=\"Merceditas metalizadas en dorado\"> <noscript> <img src=\"http:\/\/hoycordobaweb.com\/wp-content\/uploads\/2024\/11\/estas-son-mis-compras-favoritas-de-parfois-para-el-black-friday-7.webp\" alt=\"Merceditas metalizadas en dorado\"> <\/noscript> <i class=\"voc-icons zoom voc-multimedia-box voc-ico-l\"><\/i> <\/div><figcaption class=\"figure-caption\">Merceditas metalizadas en dorado<\/figcaption><\/picture>\n<\/div>\n<div id=\"photoZoomModal-885\" class=\"voc-lightbox modal fade voc-lightbox--photo-zoom\" role=\"dialog\" data-voc-photozoom-lightbox>\n<div class=\"voc-lightbox__dialog\" role=\"document\">\n<div class=\"voc-lightbox__content\"> <!-- Modal header --> <!-- Modal content --> <\/p>\n<div class=\"voc-lightbox__photo-container\"> <picture class> <img loading=\"lazy\" src=\"http:\/\/hoycordobaweb.com\/wp-content\/uploads\/2024\/11\/estas-son-mis-compras-favoritas-de-parfois-para-el-black-friday-7.webp\" alt=\"Merceditas metalizadas en dorado\"> <noscript> <img src=\"http:\/\/hoycordobaweb.com\/wp-content\/uploads\/2024\/11\/estas-son-mis-compras-favoritas-de-parfois-para-el-black-friday-7.webp\" alt=\"Merceditas metalizadas en dorado\"> <\/noscript> <\/picture> <\/div><\/div><\/div>\n<\/div>\n<p><h3 class=\"voc-detail__title\"> Mary jane:<br \/>\n<\/h3>\n<\/p>\n<p class=\"voc-paragraph\" data-mrf-recirculation=\"Link art\u00edculo\"><strong>Merceditas en tejido efecto piel metalizado color dorado<\/strong>. La suela es plana. Cuentan con escote de pico. Tienen cierre de tira en el empeine. Y, acaban en punta redonda.\n<\/p>\n<div class=\"voc-detail-photo-zoom\"> <picture data-toggle=\"modal\" data-target=\"#photoZoomModal-322\" target=\"modal\">\n<div class=\"voc-img-icon-link\"> <img loading=\"lazy\" src=\"http:\/\/hoycordobaweb.com\/wp-content\/uploads\/2024\/11\/estas-son-mis-compras-favoritas-de-parfois-para-el-black-friday-8.webp\" width=\"650\" height=\"900\" alt=\"Botas altas planas color negro\"> <noscript> <img src=\"http:\/\/hoycordobaweb.com\/wp-content\/uploads\/2024\/11\/estas-son-mis-compras-favoritas-de-parfois-para-el-black-friday-8.webp\" alt=\"Botas altas planas color negro\"> <\/noscript> <i class=\"voc-icons zoom voc-multimedia-box voc-ico-l\"><\/i> <\/div><figcaption class=\"figure-caption\">Botas altas planas color negro<\/figcaption><\/picture>\n<\/div>\n<div id=\"photoZoomModal-322\" class=\"voc-lightbox modal fade voc-lightbox--photo-zoom\" role=\"dialog\" data-voc-photozoom-lightbox>\n<div class=\"voc-lightbox__dialog\" role=\"document\">\n<div class=\"voc-lightbox__content\"> <!-- Modal header --> <!-- Modal content --> <\/p>\n<div class=\"voc-lightbox__photo-container\"> <picture class> <img loading=\"lazy\" src=\"http:\/\/hoycordobaweb.com\/wp-content\/uploads\/2024\/11\/estas-son-mis-compras-favoritas-de-parfois-para-el-black-friday-8.webp\" alt=\"Botas altas planas color negro\"> <noscript> <img src=\"http:\/\/hoycordobaweb.com\/wp-content\/uploads\/2024\/11\/estas-son-mis-compras-favoritas-de-parfois-para-el-black-friday-8.webp\" alt=\"Botas altas planas color negro\"> <\/noscript> <\/picture> <\/div><\/div><\/div>\n<\/div>\n<p><h3 class=\"voc-detail__title\"> Botas negras:<br \/>\n<\/h3>\n<\/p>\n<p class=\"voc-paragraph\" data-mrf-recirculation=\"Link art\u00edculo\"><strong>Botas altas efecto piel en negro<\/strong>. Cuentan con ca\u00f1a a la altura de la rodilla. Acaban en punta redonda. La suela es plana con refuerzo en el tac\u00f3n. Y, se adornan con hebilla dorado.\n<\/p>\n<div class=\"voc-detail-photo-zoom\"> <picture data-toggle=\"modal\" data-target=\"#photoZoomModal-612\" target=\"modal\">\n<div class=\"voc-img-icon-link\"> <img loading=\"lazy\" src=\"http:\/\/hoycordobaweb.com\/wp-content\/uploads\/2024\/11\/estas-son-mis-compras-favoritas-de-parfois-para-el-black-friday-9.webp\" width=\"650\" height=\"900\" alt=\"Bolso shopper efecto ante marr\u00f3n chocolate\"> <noscript> <img src=\"http:\/\/hoycordobaweb.com\/wp-content\/uploads\/2024\/11\/estas-son-mis-compras-favoritas-de-parfois-para-el-black-friday-9.webp\" alt=\"Bolso shopper efecto ante marr\u00f3n chocolate\"> <\/noscript> <i class=\"voc-icons zoom voc-multimedia-box voc-ico-l\"><\/i> <\/div><figcaption class=\"figure-caption\">Bolso shopper efecto ante marr\u00f3n chocolate<\/figcaption><\/picture>\n<\/div>\n<div id=\"photoZoomModal-612\" class=\"voc-lightbox modal fade voc-lightbox--photo-zoom\" role=\"dialog\" data-voc-photozoom-lightbox>\n<div class=\"voc-lightbox__dialog\" role=\"document\">\n<div class=\"voc-lightbox__content\"> <!-- Modal header --> <!-- Modal content --> <\/p>\n<div class=\"voc-lightbox__photo-container\"> <picture class> <img loading=\"lazy\" src=\"http:\/\/hoycordobaweb.com\/wp-content\/uploads\/2024\/11\/estas-son-mis-compras-favoritas-de-parfois-para-el-black-friday-9.webp\" alt=\"Bolso shopper efecto ante marr\u00f3n chocolate\"> <noscript> <img src=\"http:\/\/hoycordobaweb.com\/wp-content\/uploads\/2024\/11\/estas-son-mis-compras-favoritas-de-parfois-para-el-black-friday-9.webp\" alt=\"Bolso shopper efecto ante marr\u00f3n chocolate\"> <\/noscript> <\/picture> <\/div><\/div><\/div>\n<\/div>\n<p><h3 class=\"voc-detail__title\"> Bolso de ante:<br \/>\n<\/h3>\n<\/p>\n<p class=\"voc-paragraph\" data-mrf-recirculation=\"Link art\u00edculo\"><strong>Bolso shopper en piel de ante marr\u00f3n chocolate<\/strong>. Tiene asa de hombro ajustable. Incorpora detalle de bandolera con solapa en el interior. Y, el cierre es de gancho met\u00e1lico.\n<\/p>\n<p> <!-- TOPICS --> <\/p>\n","protected":false},"excerpt":{"rendered":"<p>No es coincidencia que muchas influencers espa\u00f1olas y portuguesas est\u00e9n llevando ahora mismo mucho las prendas de Parfois. Y es que la marca low cost se ha convertido en una de las favoritas de las expertas en moda, compartiendo foco con titanes como Inditex, Mango o H&amp;M. Porque, ya no solo tienen los accesorios a [&hellip;]<\/p>\n","protected":false},"author":1,"featured_media":89818,"comment_status":"closed","ping_status":"closed","sticky":false,"template":"","format":"standard","meta":[],"categories":[],"tags":[],"_links":{"self":[{"href":"http:\/\/hoycordobaweb.com\/index.php\/wp-json\/wp\/v2\/posts\/89817"}],"collection":[{"href":"http:\/\/hoycordobaweb.com\/index.php\/wp-json\/wp\/v2\/posts"}],"about":[{"href":"http:\/\/hoycordobaweb.com\/index.php\/wp-json\/wp\/v2\/types\/post"}],"author":[{"embeddable":true,"href":"http:\/\/hoycordobaweb.com\/index.php\/wp-json\/wp\/v2\/users\/1"}],"replies":[{"embeddable":true,"href":"http:\/\/hoycordobaweb.com\/index.php\/wp-json\/wp\/v2\/comments?post=89817"}],"version-history":[{"count":0,"href":"http:\/\/hoycordobaweb.com\/index.php\/wp-json\/wp\/v2\/posts\/89817\/revisions"}],"wp:featuredmedia":[{"embeddable":true,"href":"http:\/\/hoycordobaweb.com\/index.php\/wp-json\/wp\/v2\/media\/89818"}],"wp:attachment":[{"href":"http:\/\/hoycordobaweb.com\/index.php\/wp-json\/wp\/v2\/media?parent=89817"}],"wp:term":[{"taxonomy":"category","embeddable":true,"href":"http:\/\/hoycordobaweb.com\/index.php\/wp-json\/wp\/v2\/categories?post=89817"},{"taxonomy":"post_tag","embeddable":true,"href":"http:\/\/hoycordobaweb.com\/index.php\/wp-json\/wp\/v2\/tags?post=89817"}],"curies":[{"name":"wp","href":"https:\/\/api.w.org\/{rel}","templated":true}]}}