{"id":89813,"date":"2024-11-27T23:18:40","date_gmt":"2024-11-27T23:18:40","guid":{"rendered":"https:\/\/www.ole.com.ar\/internacional\/angel-di-maria-champions-league-benfica_0_i5hWmfgkLU.html"},"modified":"2024-11-27T23:18:40","modified_gmt":"2024-11-27T23:18:40","slug":"di-maria-inoxidable-dos-asistencias-y-figura-del-partido-en-agonica-remontada-del-benfica","status":"publish","type":"post","link":"http:\/\/hoycordobaweb.com\/index.php\/2024\/11\/27\/di-maria-inoxidable-dos-asistencias-y-figura-del-partido-en-agonica-remontada-del-benfica\/","title":{"rendered":"Di Mar\u00eda, inoxidable: dos asistencias y figura del partido en ag\u00f3nica remontada del Benfica"},"content":{"rendered":"<p><img src=\"http:\/\/hoycordobaweb.com\/wp-content\/uploads\/2024\/11\/di-maria-inoxidable-dos-asistencias-y-figura-del-partido-en-agonica-remontada-del-benfica.jpg\"><\/p>\n<p><span class=\"createDate\">27\/11\/2024 20:18hs.<\/span><time class=\"modificatedDate\" datetime=\"2024-11-27T20:58:00-03:00\"> Actualizado al 27\/11\/2024 20:58hs.<\/time><\/p>\n<div id=\"storyBody\">\n<div class=\"custom-text \" readability=\"24.819875776398\">\n<p><strong><a href=\"https:\/\/www.ole.com.ar\/tema\/angel-di-maria.html\" target=\"_self\" title=\"\u00c1ngel Di Mar\u00eda\" alt=\"\u00c1ngel Di Mar\u00eda\" rel=\"noopener noreferrer\">\u00c1ngel Di Mar\u00eda<\/a><\/strong> ha entrado en una racha m\u00e1s que fruct\u00edfera con el <strong><a href=\"https:\/\/www.ole.com.ar\/tema\/benfica.html\" target=\"_self\" title=\"Benfica\" alt=\"Benfica\" rel=\"noopener noreferrer\">Benfica<\/a><\/strong> de Portugal. Luego del <a href=\"https:\/\/www.ole.com.ar\/internacional\/benfica-di-maria-doblete-porto-portugal-goles_0_jZnwhvlS2u.html\" target=\"_self\" title=\"doblete en el cl\u00e1sico ante Porto\" alt=\"doblete en el cl\u00e1sico ante Porto\" rel=\"noopener noreferrer\">doblete en el cl\u00e1sico ante Porto<\/a> y el <a href=\"https:\/\/www.ole.com.ar\/internacional\/angel-di-maria-benfica-portugal_0_36sjadQ2Hn.html\" target=\"_self\" title=\"hat-trick con chilena\" alt=\"hat-trick con chilena\" rel=\"noopener noreferrer\">hat-trick con chilena<\/a> incluida por la Copa de Portugal, ahora hizo contribuciones clave en la victoria por 3-2 contra M\u00f3naco, por la quinta fecha de la <strong><a href=\"https:\/\/www.ole.com.ar\/tema\/champions-league.html\" target=\"_self\" title=\"UEFA Champions League 2024-25\" alt=\"UEFA Champions League 2024-25\" rel=\"noopener noreferrer\">UEFA Champions League 2024-25<\/a><\/strong>.<\/p>\n<\/div>\n<div class=\"custom-text \" readability=\"38\">\n<p>El Fideo disput\u00f3 todo el encuentro, uno que hasta el minuto 84 estaban perdiendo por 2-1 en su visita al principado. Fue all\u00ed cuando apareci\u00f3 el rosarino, enviando un muy buen centro desde la banda izquierda. A la carrera apareci\u00f3 <strong>Arthur<\/strong>, quien super\u00f3 a Soungoutou Magassa en el salto y dispuso el 2-2 parcial.<\/p>\n<\/div>\n<div class=\"custom-text \" readability=\"41\">\n<p>A solo 120 segundos de que se acabe el tiempo regular, 240 despu\u00e9s de la anotaci\u00f3n del brasile\u00f1o, lleg\u00f3 la remontada: el ex Rosario Central, Manchester United y Real Madrid, entre otros, envi\u00f3 la pelota al \u00e1rea (esta vez, desde el costado derecho del campo de juego); <strong>Zeki Amdouni<\/strong> la capitaliz\u00f3 e infl\u00f3 la red de un cabezazo.<\/p>\n<\/div>\n<div class=\"sc-e7b891c4-0 ifHnQL image-embed\"><img alt=\"Zeki Amdouni marca el 3-2 decisivo del Benfica ante el M\u00f3naco. (FOTO: REUTERS).\" loading=\"lazy\" width=\"1290\" height=\"760\" decoding=\"async\" data-nimg=\"1\" src=\"http:\/\/hoycordobaweb.com\/wp-content\/uploads\/2024\/11\/di-maria-inoxidable-dos-asistencias-y-figura-del-partido-en-agonica-remontada-del-benfica-2.jpg\"><span class=\"epigraphe\">Zeki Amdouni marca el 3-2 decisivo del Benfica ante el M\u00f3naco. (FOTO: REUTERS).<\/span><\/div>\n<div class=\"custom-text \" readability=\"38\">\n<p>Tras lo ocurrido, no hubo mucho tiempo para m\u00e1s. El Benfica se qued\u00f3 con tres puntos vitales para sus aspiraciones en este certamen, a costas de un M\u00f3naco que ven\u00eda invicto y peleando los primeros puestos. Culminado el duelo, la organizaci\u00f3n decidi\u00f3 entregarle el premio al mejor jugador (MVP) a Di Mar\u00eda.<\/p>\n<\/div>\n<div class=\"sc-e7b891c4-0 ifHnQL image-embed\"><img alt=\"\u00c1ngel Di Mar\u00eda se luci\u00f3 ante el M\u00f3naco: dos asistencias y MVP del partido. (FOTO: X | Benfica).\" loading=\"lazy\" width=\"1290\" height=\"760\" decoding=\"async\" data-nimg=\"1\" src=\"http:\/\/hoycordobaweb.com\/wp-content\/uploads\/2024\/11\/di-maria-inoxidable-dos-asistencias-y-figura-del-partido-en-agonica-remontada-del-benfica-3.jpg\"><span class=\"epigraphe\">\u00c1ngel Di Mar\u00eda se luci\u00f3 ante el M\u00f3naco: dos asistencias y MVP del partido. (FOTO: X | Benfica).<\/span><\/div>\n<p><h2>Video: las asistencias de Di Mar\u00eda para la remontada del Benfica<\/h2>\n<\/p>\n<div class=\"sc-734b4696-1 kFfZtB\">\n<div class=\"sc-d00d9e74-0 hnHYbk\" type=\"embed\">\n<div class=\"sc-d00d9e74-1 iKVbz videoText\" id=\"contentTitleembed1vBITGgf\" type=\"embed\"><svg fill=\"#ffffff\"><symbol id=\"play\" viewBox=\"0 0 512 512\"><path d=\"M512 256C512 397.4 397.4 512 256 512C114.6 512 0 397.4 0 256C0 114.6 114.6 0 256 0C397.4 0 512 114.6 512 256zM176 168V344C176 352.7 180.7 360.7 188.3 364.9C195.8 369.2 205.1 369 212.5 364.5L356.5 276.5C363.6 272.1 368 264.4 368 256C368 247.6 363.6 239.9 356.5 235.5L212.5 147.5C205.1 142.1 195.8 142.8 188.3 147.1C180.7 151.3 176 159.3 176 168V168z\" \/><\/symbol><use xlink:href=\"#play\" \/><\/svg><\/p>\n<div class=\"right\">\n<p>benfica<!-- --> &#8211; <span>&nbsp;<\/span><\/p>\n<h2 class=\"title-vid\">Las asistencias de Di Mar\u00eda para el triunfo de Benfica ante Monaco<\/h2>\n<\/div>\n<\/div>\n<p><span class=\"back\" id=\"spanBackembed1vBITGgf\"><\/span><\/div>\n<p>Twitter.<\/p>\n<\/div>\n<p><h2>El presente del Benfica<\/h2>\n<\/p>\n<div class=\"sc-e7b891c4-0 ifHnQL image-embed\"><img alt=\"Di Mar\u00eda brind\u00f3 dos asistencias en la ag\u00f3nica victoria del Benfica ante M\u00f3naco. (FOTO: AP).\" loading=\"lazy\" width=\"1290\" height=\"760\" decoding=\"async\" data-nimg=\"1\" src=\"http:\/\/hoycordobaweb.com\/wp-content\/uploads\/2024\/11\/di-maria-inoxidable-dos-asistencias-y-figura-del-partido-en-agonica-remontada-del-benfica-4.jpg\"><span class=\"epigraphe\">Di Mar\u00eda brind\u00f3 dos asistencias en la ag\u00f3nica victoria del Benfica ante M\u00f3naco. (FOTO: AP).<\/span><\/div>\n<div class=\"custom-text \" readability=\"42\">\n<p>El conjunto luso est\u00e1 en cuartos de final de la <strong>Copa de Portugal<\/strong>, mientras que en la <strong>Copa de la Liga<\/strong> deber\u00e1 enfrentar al Braga por las semifinales, el 8 de enero de 2025. Con respecto al torneo local, marcha tercero con 25 unidades, producto de ocho triunfos; un empate y una derrota. Tiene una jornada menos, por lo que de salir airoso en el postergado pasar\u00eda al Porto (27), quedando a cinco puntos del Sporting de Lisboa (33, puntaje perfecto).<\/p>\n<\/div>\n<div class=\"custom-text \" readability=\"38\">\n<p>Si ampliamos el foco y lo llevamos al \u00e1mbito internacional, tenemos que hablar de un elenco que ahora est\u00e1 d\u00e9cimo tercero en la tabla general de este nuevo formato, tras haber ganado tres de sus compromisos (2-1 al Estrella Roja en Belgrado y 4-0 a los colchoneros en casa, adem\u00e1s del 3-2 al M\u00f3naco) y perdido el otro par (3-1 ante Feyenoord en Portugal y 1-0 contra el Bayern Munich en Baviera).<\/p>\n<\/div>\n<p><h2>Cu\u00e1ndo vuelve a jugar el Benfica por Champions League<\/h2>\n<\/p>\n<div class=\"sc-e7b891c4-0 ifHnQL image-embed\"><img alt=\"Nicol\u00e1s Otamendi, capit\u00e1n del Benfica, tras la victoria contra M\u00f3naco. (FOTO: REUTERS).\" loading=\"lazy\" width=\"1290\" height=\"760\" decoding=\"async\" data-nimg=\"1\" src=\"http:\/\/hoycordobaweb.com\/wp-content\/uploads\/2024\/11\/di-maria-inoxidable-dos-asistencias-y-figura-del-partido-en-agonica-remontada-del-benfica-5.jpg\"><span class=\"epigraphe\">Nicol\u00e1s Otamendi, capit\u00e1n del Benfica, tras la victoria contra M\u00f3naco. (FOTO: REUTERS).<\/span><\/div>\n<div class=\"custom-text \" readability=\"37\">\n<p>Los dirigidos por <strong>Bruno Lage<\/strong> volver\u00e1n a disputar un partido por la competici\u00f3n reina del f\u00fatbol europeo el mi\u00e9rcoles 11 de diciembre, cuando reciban desde las 17:00 de Argentina al Bologna, por la sexta fecha. Tras ello le quedar\u00e1 ser local ante el Barcelona (21 de enero a las 17:00 de nuestro pa\u00eds) y visitar a la Juventus en Tur\u00edn (29 de enero a la misma hora).<\/p>\n<\/div>\n<div class=\"custom-text \" readability=\"42\">\n<p>Cabe recordar que los ocho primeros (que al cierre de la quinta jornada son Liverpool, Inter, Barcelona, Borussia Dortmund, Atalanta, Bayer Leverkusen, Arsenal y M\u00f3naco) acceder\u00e1n de manera directa a los octavos de final. Del noveno al vig\u00e9simo cuarto, en tanto, avanzar\u00e1n a unos play-offs.<\/p>\n<\/div>\n<div class=\"sc-a7166897-0 eoLsBE\" readability=\"6.5\">\n<section readability=\"3\"><picture><img alt=\"Video: gol de Alexis Mac Allister y Liverpool m\u00e1s puntero que nunca en la Champions League\" loading=\"lazy\" width=\"290\" height=\"290\" decoding=\"async\" data-nimg=\"1\" src=\"http:\/\/hoycordobaweb.com\/wp-content\/uploads\/2024\/11\/di-maria-inoxidable-dos-asistencias-y-figura-del-partido-en-agonica-remontada-del-benfica-6.jpg\"><\/picture>\n<p><span>Mir\u00e1 tambi\u00e9n<\/span><\/p>\n<hr>\n<h3>Video: gol de Alexis Mac Allister y Liverpool m\u00e1s puntero que nunca en la Champions League<\/h3>\n<\/p>\n<\/section>\n<\/div>\n<div class=\"sc-a7166897-0 eoLsBE\" readability=\"6.5\">\n<section readability=\"3\"><picture><img alt=\"Incre\u00edble pero Real (Madrid): el campe\u00f3n de la Champions en la cornisa y con un Mbapp\u00e9 ineficaz\" loading=\"lazy\" width=\"290\" height=\"290\" decoding=\"async\" data-nimg=\"1\" src=\"http:\/\/hoycordobaweb.com\/wp-content\/uploads\/2024\/11\/di-maria-inoxidable-dos-asistencias-y-figura-del-partido-en-agonica-remontada-del-benfica-7.jpg\"><\/picture>\n<p><span>Mir\u00e1 tambi\u00e9n<\/span><\/p>\n<hr>\n<h3>Incre\u00edble pero Real (Madrid): el campe\u00f3n de la Champions en la cornisa y con un Mbapp\u00e9 ineficaz<\/h3>\n<\/p>\n<\/section>\n<\/div>\n<div class=\"sc-a7166897-0 eoLsBE\" readability=\"6.5\">\n<section readability=\"3\"><picture><img alt=\"Con una gran actuaci\u00f3n del Dibu, Aston Villa empat\u00f3 0 a 0 contra Juventus \" loading=\"lazy\" width=\"290\" height=\"290\" decoding=\"async\" data-nimg=\"1\" src=\"http:\/\/hoycordobaweb.com\/wp-content\/uploads\/2024\/11\/di-maria-inoxidable-dos-asistencias-y-figura-del-partido-en-agonica-remontada-del-benfica-8.jpg\"><\/picture>\n<p><span>Mir\u00e1 tambi\u00e9n<\/span><\/p>\n<hr>\n<h3>Con una gran actuaci\u00f3n del Dibu, Aston Villa empat\u00f3 0 a 0 contra Juventus<br \/>\n<\/h3>\n<\/p>\n<\/section>\n<\/div>\n<\/div>\n","protected":false},"excerpt":{"rendered":"<p>27\/11\/2024 20:18hs. Actualizado al 27\/11\/2024 20:58hs. \u00c1ngel Di Mar\u00eda ha entrado en una racha m\u00e1s que fruct\u00edfera con el Benfica de Portugal. Luego del doblete en el cl\u00e1sico ante Porto y el hat-trick con chilena incluida por la Copa de Portugal, ahora hizo contribuciones clave en la victoria por 3-2 contra M\u00f3naco, por la quinta [&hellip;]<\/p>\n","protected":false},"author":1,"featured_media":89814,"comment_status":"open","ping_status":"closed","sticky":false,"template":"","format":"standard","meta":[],"categories":[16],"tags":[],"_links":{"self":[{"href":"http:\/\/hoycordobaweb.com\/index.php\/wp-json\/wp\/v2\/posts\/89813"}],"collection":[{"href":"http:\/\/hoycordobaweb.com\/index.php\/wp-json\/wp\/v2\/posts"}],"about":[{"href":"http:\/\/hoycordobaweb.com\/index.php\/wp-json\/wp\/v2\/types\/post"}],"author":[{"embeddable":true,"href":"http:\/\/hoycordobaweb.com\/index.php\/wp-json\/wp\/v2\/users\/1"}],"replies":[{"embeddable":true,"href":"http:\/\/hoycordobaweb.com\/index.php\/wp-json\/wp\/v2\/comments?post=89813"}],"version-history":[{"count":0,"href":"http:\/\/hoycordobaweb.com\/index.php\/wp-json\/wp\/v2\/posts\/89813\/revisions"}],"wp:featuredmedia":[{"embeddable":true,"href":"http:\/\/hoycordobaweb.com\/index.php\/wp-json\/wp\/v2\/media\/89814"}],"wp:attachment":[{"href":"http:\/\/hoycordobaweb.com\/index.php\/wp-json\/wp\/v2\/media?parent=89813"}],"wp:term":[{"taxonomy":"category","embeddable":true,"href":"http:\/\/hoycordobaweb.com\/index.php\/wp-json\/wp\/v2\/categories?post=89813"},{"taxonomy":"post_tag","embeddable":true,"href":"http:\/\/hoycordobaweb.com\/index.php\/wp-json\/wp\/v2\/tags?post=89813"}],"curies":[{"name":"wp","href":"https:\/\/api.w.org\/{rel}","templated":true}]}}