{"id":89714,"date":"2024-11-26T22:43:30","date_gmt":"2024-11-26T22:43:30","guid":{"rendered":"https:\/\/www.ole.com.ar\/internacional\/champions\/julian-alvarez-mvp-declaraciones-simeone_0_ulTmu3w55h.html"},"modified":"2024-11-26T22:43:30","modified_gmt":"2024-11-26T22:43:30","slug":"julian-alvarez-mvp-en-la-goleada-del-atletico-que-dijo-de-su-gol-de-tiro-libre-y-el-elogio-de-simeone","status":"publish","type":"post","link":"http:\/\/hoycordobaweb.com\/index.php\/2024\/11\/26\/julian-alvarez-mvp-en-la-goleada-del-atletico-que-dijo-de-su-gol-de-tiro-libre-y-el-elogio-de-simeone\/","title":{"rendered":"Juli\u00e1n \u00c1lvarez: MVP en la goleada del Atl\u00e9tico, qu\u00e9 dijo de su gol de tiro libre y el elogio de Simeone"},"content":{"rendered":"<p><img src=\"http:\/\/hoycordobaweb.com\/wp-content\/uploads\/2024\/11\/julian-alvarez-mvp-en-la-goleada-del-atletico-que-dijo-de-su-gol-de-tiro-libre-y-el-elogio-de-simeone.jpg\"><\/p>\n<p><time class=\"createDate\" datetime=\"2024-11-26T19:43:30-03:00\">26\/11\/2024 19:43hs.<\/time><\/p>\n<div id=\"storyBody\">\n<div class=\"custom-text \" readability=\"26.634441087613\">\n<p><a href=\"https:\/\/www.ole.com.ar\/internacional\/champions\/champions-sparta-praga-atletico-madrid-julian_0_B0koJRQN9A.html\" target=\"_self\" title=\"Juli\u00e1n \u00c1lvarez fue la gran figura del Atl\u00e9tico de Madrid en la goleada por 6-0 ante Sparta Praga\" alt=\"Juli\u00e1n \u00c1lvarez fue la gran figura del Atl\u00e9tico de Madrid en la goleada por 6-0 ante Sparta Praga\" rel=\"noopener noreferrer\">Juli\u00e1n \u00c1lvarez fue la gran figura del Atl\u00e9tico de Madrid en la goleada por 6-0 ante Sparta Praga<\/a>. Marc\u00f3 un doblete. El primero de sus dos goles fue de tiro libre y el segundo luego de una jugada que inici\u00f3 y combin\u00f3 con Giuliano Simeone, definiendo de buena manera. <strong>As\u00ed, por su aporte, fue elegido como el MVP del encuentro.<\/strong><\/p>\n<\/div>\n<div class=\"custom-text \" readability=\"39\">\n<p><strong>Con premio en mano, el ex River dio detalles del golazo de pelota parada:<\/strong> \u00ab\u00bbCuando vi la falta, le dije a Rodri (De Paul) que ten\u00eda confianza y fue un golazo. No s\u00e9 si soy especialista, he pateado en el City y en River, en mis anteriores clubes. Fue el primero que se me dio y es importante para abrir el marcador y seguir haciendo goles\u00bb.<\/p>\n<\/div>\n<div class=\"custom-text \" readability=\"40\">\n<p><strong>Respecto a lo que fue el triunfo del Colchonero, agreg\u00f3:<\/strong> \u00abGran partido, muchos goles a favor. Lo necesit\u00e1bamos. Venimos haciendo muy bien las cosas, hay que seguir trabajando, mejorando cosas, pero hay que seguir este camino. Intento dar lo mejor. Era cuesti\u00f3n de tiempo que todos nos vayamos encontrando mejor. Hay que seguir por este camino para seguir creciendo\u00bb.<\/p>\n<\/div>\n<div class=\"sc-734b4696-1 kFfZtB\">\n<div class=\"sc-d00d9e74-0 hnHYbk vertical\" type=\"embed\">\n<div class=\"sc-d00d9e74-1 iKVbz videoText\" id=\"contentTitleembedgWBxabty\" type=\"embed\"><svg fill=\"#ffffff\"><symbol id=\"play\" viewBox=\"0 0 512 512\"><path d=\"M512 256C512 397.4 397.4 512 256 512C114.6 512 0 397.4 0 256C0 114.6 114.6 0 256 0C397.4 0 512 114.6 512 256zM176 168V344C176 352.7 180.7 360.7 188.3 364.9C195.8 369.2 205.1 369 212.5 364.5L356.5 276.5C363.6 272.1 368 264.4 368 256C368 247.6 363.6 239.9 356.5 235.5L212.5 147.5C205.1 142.1 195.8 142.8 188.3 147.1C180.7 151.3 176 159.3 176 168V168z\" \/><\/symbol><use xlink:href=\"#play\" \/><\/svg><\/p>\n<div class=\"right\">\n<p>Juli\u00e1n Alvarez<!-- --> &#8211; <span>&nbsp;<\/span><\/p>\n<h2 class=\"title-vid\">Juli\u00e1n \u00c1lvarez fue elegido MVP del partido<\/h2>\n<\/div>\n<\/div>\n<p><span class=\"back\" id=\"spanBackembedgWBxabty\"><\/span><\/div>\n<p>Video: Twitter<\/p>\n<\/div>\n<p><h2><strong>El elogio de Simeone a Juli\u00e1n<\/strong><\/h2>\n<\/p>\n<div class=\"custom-text \" readability=\"40\">\n<p><strong>Ya en conferencia, el DT destac\u00f3 al delantero campe\u00f3n del mundo: <\/strong>\u00abJuli\u00e1n es un jugador con jerarqu\u00eda, consagrado en River, el City y Argentina. Va de menos a m\u00e1s con nosotros, y esperamos lo mejor de \u00e9l. Es joven, hay una buena esperanza de presente y futuro. Ojal\u00e1 lo podamos acompa\u00f1ar para que siga creciendo\u00bb.<\/p>\n<\/div>\n<div class=\"sc-734b4696-1 kFfZtB\">\n<div class=\"sc-d00d9e74-0 hnHYbk\" type=\"embed\">\n<div class=\"sc-d00d9e74-1 iKVbz videoText\" id=\"contentTitleembedA1foJ5wN\" type=\"embed\"><svg fill=\"#ffffff\"><symbol id=\"play\" viewBox=\"0 0 512 512\"><path d=\"M512 256C512 397.4 397.4 512 256 512C114.6 512 0 397.4 0 256C0 114.6 114.6 0 256 0C397.4 0 512 114.6 512 256zM176 168V344C176 352.7 180.7 360.7 188.3 364.9C195.8 369.2 205.1 369 212.5 364.5L356.5 276.5C363.6 272.1 368 264.4 368 256C368 247.6 363.6 239.9 356.5 235.5L212.5 147.5C205.1 142.1 195.8 142.8 188.3 147.1C180.7 151.3 176 159.3 176 168V168z\" \/><\/symbol><use xlink:href=\"#play\" \/><\/svg><\/p>\n<div class=\"right\">\n<p>Champions League<!-- --> &#8211; <span>&nbsp;<\/span><\/p>\n<h2 class=\"title-vid\">Golazo de \u00c1lvarez para el Atl\u00e9tico de Madrid<\/h2>\n<\/div>\n<\/div>\n<p><span class=\"back\" id=\"spanBackembedA1foJ5wN\"><\/span><\/div>\n<p>Video: FOX Sports. <\/p>\n<\/div>\n<div class=\"sc-734b4696-1 kFfZtB\">\n<div class=\"sc-d00d9e74-0 hnHYbk\" type=\"embed\">\n<div class=\"sc-d00d9e74-1 iKVbz videoText\" id=\"contentTitleembedhcgyWJCd\" type=\"embed\"><svg fill=\"#ffffff\"><symbol id=\"play\" viewBox=\"0 0 512 512\"><path d=\"M512 256C512 397.4 397.4 512 256 512C114.6 512 0 397.4 0 256C0 114.6 114.6 0 256 0C397.4 0 512 114.6 512 256zM176 168V344C176 352.7 180.7 360.7 188.3 364.9C195.8 369.2 205.1 369 212.5 364.5L356.5 276.5C363.6 272.1 368 264.4 368 256C368 247.6 363.6 239.9 356.5 235.5L212.5 147.5C205.1 142.1 195.8 142.8 188.3 147.1C180.7 151.3 176 159.3 176 168V168z\" \/><\/symbol><use xlink:href=\"#play\" \/><\/svg><\/p>\n<div class=\"right\">\n<p>Juli\u00e1n Alvarez<!-- --> &#8211; <span>&nbsp;<\/span><\/p>\n<h2 class=\"title-vid\">Juli\u00e1n \u00c1lvarez hizo el tercero para el Colchonero<\/h2>\n<\/div>\n<\/div>\n<p><span class=\"back\" id=\"spanBackembedhcgyWJCd\"><\/span><\/div>\n<p>Fuente: FOX Sports<\/p>\n<\/div>\n<div class=\"custom-text \" readability=\"42\">\n<p><strong>Sobre el 6-0, el entrenador analiz\u00f3<\/strong>: \u00abHemos tenido otros partidos importantes. Conoc\u00edamos la necesidad del rival. Fuimos llevando el encuentro donde quer\u00edamos, acumulamos ocasiones y apareci\u00f3 el gol de Juli\u00e1n de tiro libre, un golazo. Vino esa posibilidad de S\u00f6rloth, pero el portero hizo una gran parada. Necesit\u00e1bamos m\u00e1s goles en ese primer tiempo. Lleg\u00f3 el 0-2 y nos fuimos mejor al vestuario. Sab\u00edamos que hab\u00eda que apretar para que aparecieran m\u00e1s opciones. El segundo tiempo fue mejor que el primero, con el equipo entendiendo todo: los que empezaron y los que entraron. De la manera que entraron, pese a que el resultado era muy bueno. Los cuatro imprimieron velocidad, intensidad y b\u00fasqueda constante del arco rival\u00bb.<\/p>\n<\/div>\n<div class=\"custom-text \" readability=\"33\">\n<p>El Atl\u00e9tico sum\u00f3 su sexto triunfo al hilo contando todas las competencias y se acomod\u00f3 con nueve puntos en la tabla de la Champions League. <\/p>\n<\/div>\n<div class=\"sc-a7166897-0 eoLsBE\" readability=\"6\">\n<section readability=\"2\"><picture><img alt=\"Video: Ederson le regal\u00f3 el empate al Feyenoord con una salida espantosa\" loading=\"lazy\" width=\"290\" height=\"290\" decoding=\"async\" data-nimg=\"1\" src=\"http:\/\/hoycordobaweb.com\/wp-content\/uploads\/2024\/11\/julian-alvarez-mvp-en-la-goleada-del-atletico-que-dijo-de-su-gol-de-tiro-libre-y-el-elogio-de-simeone-2.jpg\"><\/picture>\n<p><span>Mir\u00e1 tambi\u00e9n<\/span><\/p>\n<hr>\n<h3>Video: Ederson le regal\u00f3 el empate al Feyenoord con una salida espantosa<\/h3>\n<\/p>\n<\/section>\n<\/div>\n<div class=\"sc-a7166897-0 eoLsBE\" readability=\"6.5\">\n<section readability=\"3\"><picture><img alt=\"Retegui, imparable: goleador de la Serie A y su primer doblete en Champions\" loading=\"lazy\" width=\"290\" height=\"290\" decoding=\"async\" data-nimg=\"1\" src=\"http:\/\/hoycordobaweb.com\/wp-content\/uploads\/2024\/11\/julian-alvarez-mvp-en-la-goleada-del-atletico-que-dijo-de-su-gol-de-tiro-libre-y-el-elogio-de-simeone-3.jpg\"><\/picture>\n<p><span>Mir\u00e1 tambi\u00e9n<\/span><\/p>\n<hr>\n<h3>Retegui, imparable: goleador de la Serie A y su primer doblete en Champions<\/h3>\n<\/p>\n<\/section>\n<\/div>\n<div class=\"sc-a7166897-0 eoLsBE\" readability=\"7\">\n<section readability=\"4\"><picture><img alt=\"Quinta fecha de Champions: resultados, posiciones y qu\u00e9 partidos se juegan este mi\u00e9rcoles\" loading=\"lazy\" width=\"290\" height=\"290\" decoding=\"async\" data-nimg=\"1\" src=\"http:\/\/hoycordobaweb.com\/wp-content\/uploads\/2024\/11\/julian-alvarez-mvp-en-la-goleada-del-atletico-que-dijo-de-su-gol-de-tiro-libre-y-el-elogio-de-simeone-4.jpg\"><\/picture>\n<p><span>Mir\u00e1 tambi\u00e9n<\/span><\/p>\n<hr>\n<h3>Quinta fecha de Champions: resultados, posiciones y qu\u00e9 partidos se juegan este mi\u00e9rcoles<\/h3>\n<\/p>\n<\/section>\n<\/div>\n<div class=\"sc-a7166897-0 eoLsBE\" readability=\"6.5\">\n<section readability=\"3\"><picture><img alt=\"Con Lautaro, el Inter le gan\u00f3 al Leipzig y es el \u00fanico l\u00edder de la Champions \" loading=\"lazy\" width=\"290\" height=\"290\" decoding=\"async\" data-nimg=\"1\" src=\"http:\/\/hoycordobaweb.com\/wp-content\/uploads\/2024\/11\/julian-alvarez-mvp-en-la-goleada-del-atletico-que-dijo-de-su-gol-de-tiro-libre-y-el-elogio-de-simeone-5.jpg\"><\/picture>\n<p><span>Mir\u00e1 tambi\u00e9n<\/span><\/p>\n<hr>\n<h3>Con Lautaro, el Inter le gan\u00f3 al Leipzig y es el \u00fanico l\u00edder de la Champions<br \/>\n<\/h3>\n<\/p>\n<\/section>\n<\/div>\n<\/div>\n","protected":false},"excerpt":{"rendered":"<p>26\/11\/2024 19:43hs. Juli\u00e1n \u00c1lvarez fue la gran figura del Atl\u00e9tico de Madrid en la goleada por 6-0 ante Sparta Praga. Marc\u00f3 un doblete. El primero de sus dos goles fue de tiro libre y el segundo luego de una jugada que inici\u00f3 y combin\u00f3 con Giuliano Simeone, definiendo de buena manera. As\u00ed, por su aporte, [&hellip;]<\/p>\n","protected":false},"author":1,"featured_media":89715,"comment_status":"open","ping_status":"closed","sticky":false,"template":"","format":"standard","meta":[],"categories":[16],"tags":[],"_links":{"self":[{"href":"http:\/\/hoycordobaweb.com\/index.php\/wp-json\/wp\/v2\/posts\/89714"}],"collection":[{"href":"http:\/\/hoycordobaweb.com\/index.php\/wp-json\/wp\/v2\/posts"}],"about":[{"href":"http:\/\/hoycordobaweb.com\/index.php\/wp-json\/wp\/v2\/types\/post"}],"author":[{"embeddable":true,"href":"http:\/\/hoycordobaweb.com\/index.php\/wp-json\/wp\/v2\/users\/1"}],"replies":[{"embeddable":true,"href":"http:\/\/hoycordobaweb.com\/index.php\/wp-json\/wp\/v2\/comments?post=89714"}],"version-history":[{"count":0,"href":"http:\/\/hoycordobaweb.com\/index.php\/wp-json\/wp\/v2\/posts\/89714\/revisions"}],"wp:featuredmedia":[{"embeddable":true,"href":"http:\/\/hoycordobaweb.com\/index.php\/wp-json\/wp\/v2\/media\/89715"}],"wp:attachment":[{"href":"http:\/\/hoycordobaweb.com\/index.php\/wp-json\/wp\/v2\/media?parent=89714"}],"wp:term":[{"taxonomy":"category","embeddable":true,"href":"http:\/\/hoycordobaweb.com\/index.php\/wp-json\/wp\/v2\/categories?post=89714"},{"taxonomy":"post_tag","embeddable":true,"href":"http:\/\/hoycordobaweb.com\/index.php\/wp-json\/wp\/v2\/tags?post=89714"}],"curies":[{"name":"wp","href":"https:\/\/api.w.org\/{rel}","templated":true}]}}