{"id":89712,"date":"2024-11-26T23:34:28","date_gmt":"2024-11-26T23:34:28","guid":{"rendered":"https:\/\/www.ole.com.ar\/internacional\/champions\/guardiola-lastimado-rasgunos-city-feyenoord-champions_0_NXuyfGqAsG.html"},"modified":"2024-11-26T23:34:28","modified_gmt":"2024-11-26T23:34:28","slug":"increible-tras-el-3-3-del-city-guardiola-aparecio-rasgunado-en-la-conferencia-de-prensa-que-le-paso","status":"publish","type":"post","link":"http:\/\/hoycordobaweb.com\/index.php\/2024\/11\/26\/increible-tras-el-3-3-del-city-guardiola-aparecio-rasgunado-en-la-conferencia-de-prensa-que-le-paso\/","title":{"rendered":"Incre\u00edble: tras el 3-3 del City, Guardiola apareci\u00f3 rasgu\u00f1ado en la conferencia de prensa, \u00bfqu\u00e9 le pas\u00f3?"},"content":{"rendered":"<p><img src=\"http:\/\/hoycordobaweb.com\/wp-content\/uploads\/2024\/11\/increible-tras-el-3-3-del-city-guardiola-aparecio-rasgunado-en-la-conferencia-de-prensa-que-le-paso.jpg\"><\/p>\n<p><span class=\"createDate\">26\/11\/2024 20:34hs.<\/span><time class=\"modificatedDate\" datetime=\"2024-11-26T20:47:33-03:00\"> Actualizado al 26\/11\/2024 20:47hs.<\/time><\/p>\n<div id=\"storyBody\">\n<div class=\"custom-text \" readability=\"31.418994413408\">\n<p>Incre\u00edble todo. Primero, que el City est\u00e9 atravesando una llamativa racha negativa. Luego, la apariencia de Pep Guardiola en conferencia de prensa <a href=\"https:\/\/www.ole.com.ar\/internacional\/champions\/video-ederson-regalo-empate-feyenoord-salida-espantosa_0_fM7Yg7eE1b.html\" target=\"_self\" title=\"tras el 3-3 contra Feyenoord de local por la Champions\" alt=\"tras el 3-3 contra Feyenoord de local por la Champions\" rel=\"noopener noreferrer\">tras el 3-3 contra Feyenoord de local por la Champions<\/a>. El DT se sent\u00f3 ante los micr\u00f3fonos con rayas en su cabeza y un corte en su nariz (eso ya se hab\u00eda visto en la propia cancha). <strong>\u00bfQu\u00e9 dijo al respecto?<\/strong><\/p>\n<\/div>\n<div class=\"custom-text \" readability=\"39\">\n<p>Indudablemente, a Pep, m\u00e1s all\u00e1 de lo futbol\u00edstico, le preguntaron qu\u00e9 le hab\u00eda pasado. Y no esquiv\u00f3 la respuesta: <strong>\u00abS\u00ed, me lo hice con mi dedos, mis u\u00f1as. No pasa nada. Quiero hacerme da\u00f1o. Buenas noches. Todo ir\u00e1 bien\u00bb. \u00a1Se da\u00f1\u00f3 a s\u00ed mismo!<\/strong><\/p>\n<\/div>\n<div class=\"sc-e7b891c4-0 ifHnQL image-embed\"><img alt=\"Guardiola, lastimado.\" loading=\"lazy\" width=\"720\" height=\"100\" decoding=\"async\" data-nimg=\"1\" src=\"http:\/\/hoycordobaweb.com\/wp-content\/uploads\/2024\/11\/increible-tras-el-3-3-del-city-guardiola-aparecio-rasgunado-en-la-conferencia-de-prensa-que-le-paso-2.jpg\"><span class=\"epigraphe\">Guardiola, lastimado.<\/span><\/div>\n<div class=\"custom-text \" readability=\"49\">\n<p><strong>El City lleva seis partidos sin ganar (cinco derrotas y un empate) entre Champions League, Premier y Copa de la Liga.<\/strong> Respecto a este triunfo que se les escap\u00f3 de las manos (ganaba 3-0), Guardiola manifest\u00f3: \u00abEl partido estaba bien, con 3-0, jug\u00e1bamos bien, despu\u00e9s concedemos muchos goles porque en estos momentos no somos estables.<strong> Regalamos el primero y los dem\u00e1s y por eso es dif\u00edcil. Hemos perdido muchos partidos \u00faltimamente, somos fr\u00e1giles, necesitas una victoria, el partido era bueno para nuestra confianza, jugando a un gran nivel, pero algo pasa y estamos en problemas. <\/strong>No s\u00e9 si es un problema mental. El primer gol no puede pasar, el segundo tampoco. Despu\u00e9s <strong>de eso no sabemos qu\u00e9 pasa, estamos desesperados por ganar, por hacerlo bien, pero no\u00bb.<\/strong><\/p>\n<\/div>\n<div class=\"sc-e7b891c4-0 ifHnQL image-embed\"><img alt=\"Guardiola, lastimado.\" loading=\"lazy\" width=\"720\" height=\"100\" decoding=\"async\" data-nimg=\"1\" src=\"http:\/\/hoycordobaweb.com\/wp-content\/uploads\/2024\/11\/increible-tras-el-3-3-del-city-guardiola-aparecio-rasgunado-en-la-conferencia-de-prensa-que-le-paso-3.jpg\"><span class=\"epigraphe\">Guardiola, lastimado.<\/span><\/div>\n<div class=\"custom-text \" readability=\"40\">\n<p><strong>El domingo visitar\u00e1 a Liverpool, l\u00edder de la Premier. Los Reds ostentan 31 puntos, a ocho del City. <\/strong>Y la cuenta puede achicarse a cinco o alargarse a 12. \u00abTenemos que recuperarnos y prepararnos para el pr\u00f3ximo partido.<strong> Si no somos capaces de ganar partidos como lo hicimos hoy, es dif\u00edcil hacerlo\u00bb<\/strong>, culmin\u00f3 el catal\u00e1n, que hace poco renov\u00f3 hasta 2027.<\/p>\n<\/div>\n<p><h2><strong>GUARDIOLA Y LOS RASGU\u00d1OS EN SU CABEZA<\/strong><\/h2>\n<\/p>\n<div class=\"sc-734b4696-1 kFfZtB\">\n<div class=\"sc-d00d9e74-0 hnHYbk vertical\" type=\"embed\">\n<div class=\"sc-d00d9e74-1 iKVbz videoText\" id=\"contentTitleembedqShljNYU\" type=\"embed\"><svg fill=\"#ffffff\"><symbol id=\"play\" viewBox=\"0 0 512 512\"><path d=\"M512 256C512 397.4 397.4 512 256 512C114.6 512 0 397.4 0 256C0 114.6 114.6 0 256 0C397.4 0 512 114.6 512 256zM176 168V344C176 352.7 180.7 360.7 188.3 364.9C195.8 369.2 205.1 369 212.5 364.5L356.5 276.5C363.6 272.1 368 264.4 368 256C368 247.6 363.6 239.9 356.5 235.5L212.5 147.5C205.1 142.1 195.8 142.8 188.3 147.1C180.7 151.3 176 159.3 176 168V168z\" \/><\/symbol><use xlink:href=\"#play\" \/><\/svg><\/p>\n<div class=\"right\">\n<p>Pep Guardiola<!-- --> &#8211; <span>&nbsp;<\/span><\/p>\n<h2 class=\"title-vid\">Guardiola explic\u00f3 c\u00f3mo se lastim\u00f3 la cara con sus u\u00f1as<\/h2>\n<\/div>\n<\/div>\n<p><span class=\"back\" id=\"spanBackembedqShljNYU\"><\/span><\/div>\n<p>Video: Twitter<\/p>\n<\/div>\n<div class=\"sc-a7166897-0 eoLsBE\" readability=\"6\">\n<section readability=\"2\"><picture><img alt=\"Video: Ederson le regal\u00f3 el empate al Feyenoord con una salida espantosa\" loading=\"lazy\" width=\"290\" height=\"290\" decoding=\"async\" data-nimg=\"1\" src=\"http:\/\/hoycordobaweb.com\/wp-content\/uploads\/2024\/11\/increible-tras-el-3-3-del-city-guardiola-aparecio-rasgunado-en-la-conferencia-de-prensa-que-le-paso-4.jpg\"><\/picture>\n<p><span>Mir\u00e1 tambi\u00e9n<\/span><\/p>\n<hr>\n<h3>Video: Ederson le regal\u00f3 el empate al Feyenoord con una salida espantosa<\/h3>\n<\/p>\n<\/section>\n<\/div>\n<div class=\"sc-a7166897-0 eoLsBE\" readability=\"7\">\n<section readability=\"4\"><picture><img alt=\"Quinta fecha de Champions: resultados, posiciones y qu\u00e9 partidos se juegan este mi\u00e9rcoles\" loading=\"lazy\" width=\"290\" height=\"290\" decoding=\"async\" data-nimg=\"1\" src=\"http:\/\/hoycordobaweb.com\/wp-content\/uploads\/2024\/11\/increible-tras-el-3-3-del-city-guardiola-aparecio-rasgunado-en-la-conferencia-de-prensa-que-le-paso-5.jpg\"><\/picture>\n<p><span>Mir\u00e1 tambi\u00e9n<\/span><\/p>\n<hr>\n<h3>Quinta fecha de Champions: resultados, posiciones y qu\u00e9 partidos se juegan este mi\u00e9rcoles<\/h3>\n<\/p>\n<\/section>\n<\/div>\n<\/div>\n","protected":false},"excerpt":{"rendered":"<p>26\/11\/2024 20:34hs. Actualizado al 26\/11\/2024 20:47hs. Incre\u00edble todo. Primero, que el City est\u00e9 atravesando una llamativa racha negativa. Luego, la apariencia de Pep Guardiola en conferencia de prensa tras el 3-3 contra Feyenoord de local por la Champions. El DT se sent\u00f3 ante los micr\u00f3fonos con rayas en su cabeza y un corte en su [&hellip;]<\/p>\n","protected":false},"author":1,"featured_media":89713,"comment_status":"open","ping_status":"closed","sticky":false,"template":"","format":"standard","meta":[],"categories":[16],"tags":[],"_links":{"self":[{"href":"http:\/\/hoycordobaweb.com\/index.php\/wp-json\/wp\/v2\/posts\/89712"}],"collection":[{"href":"http:\/\/hoycordobaweb.com\/index.php\/wp-json\/wp\/v2\/posts"}],"about":[{"href":"http:\/\/hoycordobaweb.com\/index.php\/wp-json\/wp\/v2\/types\/post"}],"author":[{"embeddable":true,"href":"http:\/\/hoycordobaweb.com\/index.php\/wp-json\/wp\/v2\/users\/1"}],"replies":[{"embeddable":true,"href":"http:\/\/hoycordobaweb.com\/index.php\/wp-json\/wp\/v2\/comments?post=89712"}],"version-history":[{"count":0,"href":"http:\/\/hoycordobaweb.com\/index.php\/wp-json\/wp\/v2\/posts\/89712\/revisions"}],"wp:featuredmedia":[{"embeddable":true,"href":"http:\/\/hoycordobaweb.com\/index.php\/wp-json\/wp\/v2\/media\/89713"}],"wp:attachment":[{"href":"http:\/\/hoycordobaweb.com\/index.php\/wp-json\/wp\/v2\/media?parent=89712"}],"wp:term":[{"taxonomy":"category","embeddable":true,"href":"http:\/\/hoycordobaweb.com\/index.php\/wp-json\/wp\/v2\/categories?post=89712"},{"taxonomy":"post_tag","embeddable":true,"href":"http:\/\/hoycordobaweb.com\/index.php\/wp-json\/wp\/v2\/tags?post=89712"}],"curies":[{"name":"wp","href":"https:\/\/api.w.org\/{rel}","templated":true}]}}