{"id":89705,"date":"2024-11-26T15:51:05","date_gmt":"2024-11-26T15:51:05","guid":{"rendered":"https:\/\/ladecimaweb.com\/?p=30195"},"modified":"2024-11-26T15:51:05","modified_gmt":"2024-11-26T15:51:05","slug":"autorizan-la-vacunacion-compulsiva-de-un-recien-nacido","status":"publish","type":"post","link":"http:\/\/hoycordobaweb.com\/index.php\/2024\/11\/26\/autorizan-la-vacunacion-compulsiva-de-un-recien-nacido\/","title":{"rendered":"Autorizan la vacunaci\u00f3n compulsiva de un reci\u00e9n nacido"},"content":{"rendered":"<div class=\"boldgrid-section\">\n<div class=\"container\">\n<div class=\"row\">\n<div class=\"col-md-12 col-xs-12 col-sm-12\">\n<div><em>(Justicia Cba)<\/em> <strong>El juez Andr\u00e9s Peretti autoriz\u00f3 la vacunaci\u00f3n compulsiva de un beb\u00e9<\/strong> que naci\u00f3 en el Cl\u00ednica San Justo, de la ciudad de San Francisco. <strong>Los padres del ni\u00f1o se negaron a colocarle las dosis correspondientes al calendario de vacunaci\u00f3n obligatorio<\/strong>. Frente a esta situaci\u00f3n, el pediatra de guardia de la instituci\u00f3n puso en conocimiento de la negativa a la Unidad de Desarrollo Regional de la Secretar\u00eda de la Ni\u00f1ez, Adolescencia y Familia.<\/div>\n<div><\/div>\n<div>Atento a la urgencia del caso, puesto que el ni\u00f1o debe recibir las vacunas dentro de las primeras 12 horas de vida, <strong>intervino en forma inmediata el Juzgado de Ni\u00f1ez,<\/strong> Adolescencia, Violencia Familiar y de G\u00e9nero y Penal Juvenil San Francisco.<\/div>\n<div><\/div>\n<div>En su resoluci\u00f3n, el tribunal se\u00f1al\u00f3 que <strong>los padres del beb\u00e9 estaban incumpliendo la Ley n.\u00b0 27.491, que indica el car\u00e1cter de obligatoriedad de las vacunas del calendario nacional<\/strong> y la responsabilidad de quien represente legalmente al ni\u00f1o, adolescente o persona incapaz de cumplir con su vacunaci\u00f3n. Asimismo, consider\u00f3 que la negativa afect\u00f3 ostensiblemente el inter\u00e9s superior del ni\u00f1o.<\/div>\n<div><\/div>\n<div>\u201cSin desconocer el principio de autonom\u00eda de la voluntad (art. 19 de la Constituci\u00f3n Nacional), en todo momento debo guiarme por <strong>el inter\u00e9s superior del ni\u00f1o, el cual prevalece sobre cualquier otro inter\u00e9s<\/strong>, atento que el ni\u00f1o reci\u00e9n nacido es el m\u00e1s vulnerable y necesitado de protecci\u00f3n\u201d, enfatiz\u00f3 el magistrado.<\/div>\n<div><\/div>\n<div>Adem\u00e1s, remarc\u00f3 que <strong>no colocar a su hijo las vacunas \u201cafecta no s\u00f3lo al ni\u00f1o reci\u00e9n nacido, sino que, adem\u00e1s, implica un riesgo para toda la comunidad<\/strong> y compromete la eficacia del r\u00e9gimen de vacunaci\u00f3n oficial\u201d.<\/div>\n<div><\/div>\n<div>\u201cLas vacunas incluidas en el Calendario Nacional de Vacunaci\u00f3n no alcanzan s\u00f3lo al individuo que la recibe, sino que, adem\u00e1s, incide directamente en la salud p\u00fablica cuyo objetivo principal es reducir y\/o erradicar los contagios en la poblaci\u00f3n\u201d, agreg\u00f3 el juez Peretti.&nbsp;<\/div>\n<div><\/div>\n<div>Por estas razones, autoriz\u00f3 a las autoridades de la Cl\u00ednica San Justo a proceder a la vacunaci\u00f3n compulsiva del ni\u00f1o reci\u00e9n nacido y emplazar a sus padres para que cumplan con el calendario nacional de vacunaci\u00f3n obligatorio, bajo apercibimiento de ley.<\/div>\n<div><\/div>\n<div><\/div>\n<div><em>Causa: 13264044 &#8211; Medidas urgentes.<\/em><\/div>\n<div><em>Fecha: 15 de octubre de 2024.<\/em><\/div>\n<div><em>Resoluci\u00f3n: Decreto de fecha 15\/10\/24.<\/em><\/div>\n<\/div>\n<\/div>\n<\/div>\n<\/div>\n<div><\/div>\n<div><\/div>\n<div>\n<div class=\"ubm_banner\"><a href=\"https:\/\/www.cba.gov.ar\/dengue\/\" target=\"_blank\" rel=\"dofollow noopener noreferrer\"><img src=\"http:\/\/hoycordobaweb.com\/wp-content\/uploads\/2024\/11\/autorizan-la-vacunacion-compulsiva-de-un-recien-nacido.gif\" alt=\"\"><\/a><\/div>\n<\/div>\n<p>La entrada <a rel=\"nofollow\" href=\"https:\/\/ladecimaweb.com\/autorizan-la-vacunacion-compulsiva-de-un-recien-nacido\/\">Autorizan la vacunaci\u00f3n compulsiva de un reci\u00e9n nacido<\/a> se public\u00f3 primero en <a rel=\"nofollow\" href=\"https:\/\/ladecimaweb.com\">LaDecima<\/a>.<\/p>\n","protected":false},"excerpt":{"rendered":"<p>(Justicia Cba) El juez Andr\u00e9s Peretti autoriz\u00f3 la vacunaci\u00f3n compulsiva de un beb\u00e9 que naci\u00f3 en el Cl\u00ednica San Justo, de la ciudad de San Francisco. Los padres del ni\u00f1o se negaron a colocarle las dosis correspondientes al calendario de vacunaci\u00f3n obligatorio. Frente a esta situaci\u00f3n, el pediatra de guardia de la instituci\u00f3n puso en [&hellip;]<\/p>\n","protected":false},"author":1,"featured_media":0,"comment_status":"closed","ping_status":"closed","sticky":false,"template":"","format":"standard","meta":[],"categories":[32],"tags":[],"_links":{"self":[{"href":"http:\/\/hoycordobaweb.com\/index.php\/wp-json\/wp\/v2\/posts\/89705"}],"collection":[{"href":"http:\/\/hoycordobaweb.com\/index.php\/wp-json\/wp\/v2\/posts"}],"about":[{"href":"http:\/\/hoycordobaweb.com\/index.php\/wp-json\/wp\/v2\/types\/post"}],"author":[{"embeddable":true,"href":"http:\/\/hoycordobaweb.com\/index.php\/wp-json\/wp\/v2\/users\/1"}],"replies":[{"embeddable":true,"href":"http:\/\/hoycordobaweb.com\/index.php\/wp-json\/wp\/v2\/comments?post=89705"}],"version-history":[{"count":0,"href":"http:\/\/hoycordobaweb.com\/index.php\/wp-json\/wp\/v2\/posts\/89705\/revisions"}],"wp:attachment":[{"href":"http:\/\/hoycordobaweb.com\/index.php\/wp-json\/wp\/v2\/media?parent=89705"}],"wp:term":[{"taxonomy":"category","embeddable":true,"href":"http:\/\/hoycordobaweb.com\/index.php\/wp-json\/wp\/v2\/categories?post=89705"},{"taxonomy":"post_tag","embeddable":true,"href":"http:\/\/hoycordobaweb.com\/index.php\/wp-json\/wp\/v2\/tags?post=89705"}],"curies":[{"name":"wp","href":"https:\/\/api.w.org\/{rel}","templated":true}]}}