{"id":8967,"date":"2020-12-31T09:11:00","date_gmt":"2020-12-31T09:11:00","guid":{"rendered":"https:\/\/fm-comunicar.com.ar\/contenido\/16843\/asi-funcionaran-los-servicios-municipales-y-el-transporte-publico-durante-ano-nu"},"modified":"2020-12-31T09:11:00","modified_gmt":"2020-12-31T09:11:00","slug":"asi-funcionaran-los-servicios-municipales-y-el-transporte-publico-durante-ano-nuevo","status":"publish","type":"post","link":"http:\/\/hoycordobaweb.com\/index.php\/2020\/12\/31\/asi-funcionaran-los-servicios-municipales-y-el-transporte-publico-durante-ano-nuevo\/","title":{"rendered":"As\u00ed funcionar\u00e1n los servicios municipales y el transporte p\u00fablico durante A\u00f1o Nuevo"},"content":{"rendered":"<p>El detalle de c\u00f3mo ser\u00e1 la recolecci\u00f3n de residuos y los horarios de taxis, remises y colectivos en la zona.<img src=\"http:\/\/hoycordobaweb.com\/wp-content\/uploads\/2021\/01\/asi-funcionaran-los-servicios-municipales-y-el-transporte-publico-durante-ano-nuevo.jpg\"><\/p>\n","protected":false},"excerpt":{"rendered":"<p>El detalle de c\u00f3mo ser\u00e1 la recolecci\u00f3n de residuos y los horarios de taxis, remises y colectivos en la zona.<\/p>\n","protected":false},"author":1,"featured_media":8968,"comment_status":"closed","ping_status":"closed","sticky":false,"template":"","format":"standard","meta":[],"categories":[18],"tags":[],"_links":{"self":[{"href":"http:\/\/hoycordobaweb.com\/index.php\/wp-json\/wp\/v2\/posts\/8967"}],"collection":[{"href":"http:\/\/hoycordobaweb.com\/index.php\/wp-json\/wp\/v2\/posts"}],"about":[{"href":"http:\/\/hoycordobaweb.com\/index.php\/wp-json\/wp\/v2\/types\/post"}],"author":[{"embeddable":true,"href":"http:\/\/hoycordobaweb.com\/index.php\/wp-json\/wp\/v2\/users\/1"}],"replies":[{"embeddable":true,"href":"http:\/\/hoycordobaweb.com\/index.php\/wp-json\/wp\/v2\/comments?post=8967"}],"version-history":[{"count":0,"href":"http:\/\/hoycordobaweb.com\/index.php\/wp-json\/wp\/v2\/posts\/8967\/revisions"}],"wp:featuredmedia":[{"embeddable":true,"href":"http:\/\/hoycordobaweb.com\/index.php\/wp-json\/wp\/v2\/media\/8968"}],"wp:attachment":[{"href":"http:\/\/hoycordobaweb.com\/index.php\/wp-json\/wp\/v2\/media?parent=8967"}],"wp:term":[{"taxonomy":"category","embeddable":true,"href":"http:\/\/hoycordobaweb.com\/index.php\/wp-json\/wp\/v2\/categories?post=8967"},{"taxonomy":"post_tag","embeddable":true,"href":"http:\/\/hoycordobaweb.com\/index.php\/wp-json\/wp\/v2\/tags?post=8967"}],"curies":[{"name":"wp","href":"https:\/\/api.w.org\/{rel}","templated":true}]}}