{"id":8965,"date":"2020-12-31T11:52:00","date_gmt":"2020-12-31T11:52:00","guid":{"rendered":"https:\/\/fm-comunicar.com.ar\/contenido\/16844\/extienden-hasta-el-8-de-enero-la-adhesion-al-contribuyente-cumplidor"},"modified":"2020-12-31T11:52:00","modified_gmt":"2020-12-31T11:52:00","slug":"extienden-hasta-el-8-de-enero-la-adhesion-al-contribuyente-cumplidor","status":"publish","type":"post","link":"http:\/\/hoycordobaweb.com\/index.php\/2020\/12\/31\/extienden-hasta-el-8-de-enero-la-adhesion-al-contribuyente-cumplidor\/","title":{"rendered":"Extienden hasta el 8 de enero la adhesi\u00f3n al \u00abContribuyente Cumplidor\u00bb"},"content":{"rendered":"<p>El plan de regularizaci\u00f3n de deudas otorga descuentos en las tasas municipales del pr\u00f3ximo a\u00f1o. Para acceder hay que estar al d\u00eda con el pago de las tasas 2020.<img src=\"http:\/\/hoycordobaweb.com\/wp-content\/uploads\/2021\/01\/extienden-hasta-el-8-de-enero-la-adhesion-al-contribuyente-cumplidor.png\"><\/p>\n","protected":false},"excerpt":{"rendered":"<p>El plan de regularizaci\u00f3n de deudas otorga descuentos en las tasas municipales del pr\u00f3ximo a\u00f1o. Para acceder hay que estar al d\u00eda con el pago de las tasas 2020.<\/p>\n","protected":false},"author":1,"featured_media":8966,"comment_status":"closed","ping_status":"closed","sticky":false,"template":"","format":"standard","meta":[],"categories":[18],"tags":[],"_links":{"self":[{"href":"http:\/\/hoycordobaweb.com\/index.php\/wp-json\/wp\/v2\/posts\/8965"}],"collection":[{"href":"http:\/\/hoycordobaweb.com\/index.php\/wp-json\/wp\/v2\/posts"}],"about":[{"href":"http:\/\/hoycordobaweb.com\/index.php\/wp-json\/wp\/v2\/types\/post"}],"author":[{"embeddable":true,"href":"http:\/\/hoycordobaweb.com\/index.php\/wp-json\/wp\/v2\/users\/1"}],"replies":[{"embeddable":true,"href":"http:\/\/hoycordobaweb.com\/index.php\/wp-json\/wp\/v2\/comments?post=8965"}],"version-history":[{"count":0,"href":"http:\/\/hoycordobaweb.com\/index.php\/wp-json\/wp\/v2\/posts\/8965\/revisions"}],"wp:featuredmedia":[{"embeddable":true,"href":"http:\/\/hoycordobaweb.com\/index.php\/wp-json\/wp\/v2\/media\/8966"}],"wp:attachment":[{"href":"http:\/\/hoycordobaweb.com\/index.php\/wp-json\/wp\/v2\/media?parent=8965"}],"wp:term":[{"taxonomy":"category","embeddable":true,"href":"http:\/\/hoycordobaweb.com\/index.php\/wp-json\/wp\/v2\/categories?post=8965"},{"taxonomy":"post_tag","embeddable":true,"href":"http:\/\/hoycordobaweb.com\/index.php\/wp-json\/wp\/v2\/tags?post=8965"}],"curies":[{"name":"wp","href":"https:\/\/api.w.org\/{rel}","templated":true}]}}