{"id":89617,"date":"2024-11-25T23:19:48","date_gmt":"2024-11-25T23:19:48","guid":{"rendered":"https:\/\/www.ole.com.ar\/internacional\/tremenda-final-juega-botafogo-copa-libertadores-vs-mineiro_0_FHZ4Ajsr4u.html"},"modified":"2024-11-25T23:19:48","modified_gmt":"2024-11-25T23:19:48","slug":"la-tremenda-final-que-se-juega-el-botafogo-antes-de-la-libertadores","status":"publish","type":"post","link":"http:\/\/hoycordobaweb.com\/index.php\/2024\/11\/25\/la-tremenda-final-que-se-juega-el-botafogo-antes-de-la-libertadores\/","title":{"rendered":"La tremenda final que se juega el Botafogo antes de la Libertadores"},"content":{"rendered":"<p><img src=\"http:\/\/hoycordobaweb.com\/wp-content\/uploads\/2024\/11\/la-tremenda-final-que-se-juega-el-botafogo-antes-de-la-libertadores.jpg\"><\/p>\n<p><time class=\"createDate\" datetime=\"2024-11-25T20:19:48-03:00\">25\/11\/2024 20:19hs.<\/time><\/p>\n<div id=\"storyBody\">\n<div class=\"custom-text \" readability=\"33.370786516854\">\n<p>El pr\u00f3ximo s\u00e1bado en el Monumental estar\u00e1 frente el sue\u00f1o de su vida. <strong>El Botafogo disputar\u00e1 su primera <a href=\"https:\/\/www.ole.com.ar\/internacional\/libertadores\/copa-libertadores-botafogo-atletico-mineiro-ver-final-horario_0_oBspXGmmgu.html\" target=\"_blank\" title=\"final de Copa Libertadores\" alt=\"final de Copa Libertadores\" rel=\"noopener noreferrer\">final de Copa Libertadores<\/a> cuando se mida al Atl\u00e9tico Mineiro<\/strong> de Gabriel Milito. Pero antes de imaginar ese tremendo partido, el equipo de R\u00edo de Janeiro no podr\u00e1 cuidar a sus figuras porque <strong>este martes se juega pr\u00e1cticamente medio Brasileirao.<\/strong><\/p>\n<\/div>\n<div class=\"custom-text \" readability=\"36\">\n<p><strong>A las 21.30 visita al Palmeiras con el que comparte el liderato con 70 puntos disputadas 35 fechas de 38.<\/strong> De ganar se encaminar\u00eda rumbo al t\u00edtulo pero si pierde quedar\u00eda casi sin chances porque despu\u00e9s hay solamente dos encuentros m\u00e1s y con un detalle: <strong>si finalizan igualados en puntos el primer criterio de desempate son los partidos ganados.<\/strong> Y en ese rubro el Verdao suma 21 contra los 20 del Botafogo. S\u00ed, es prohibido perder.<\/p>\n<\/div>\n<div class=\"custom-text \" readability=\"37\">\n<p><strong>Thiago Almada y Alexander Barboza, los argentinos del plantel<\/strong>, ser\u00e1n titulares en este duelo con pinta de final y ante un rival que eliminaron en la Copa en una vibrante serie de octavos de final. Pero <strong>llegan en baja porque empataron sus \u00faltimos tres partidos por el campeonato<\/strong> y dos de ellos ante rivales que pelean por no descender. Mientras que el Palmeiras gan\u00f3 todo y los alcanz\u00f3. <\/p>\n<\/div>\n<div class=\"sc-e7b891c4-0 ifHnQL image-embed\"><img alt=\"En agosto el Botafogo elimin\u00f3 al Palmeiras en octavos de la Libertadores (REUTERS).\" loading=\"lazy\" width=\"720\" height=\"100\" decoding=\"async\" data-nimg=\"1\" src=\"http:\/\/hoycordobaweb.com\/wp-content\/uploads\/2024\/11\/la-tremenda-final-que-se-juega-el-botafogo-antes-de-la-libertadores-2.jpg\"><span class=\"epigraphe\">En agosto el Botafogo elimin\u00f3 al Palmeiras en octavos de la Libertadores (REUTERS).<\/span><\/div>\n<div class=\"custom-text \" readability=\"38\">\n<p><strong>Una realidad que lleva a pensar en lo que ocurri\u00f3 en 2023<\/strong>, cuando el Fogo fue l\u00edder durante 30 fechas y hasta con 10 puntos de ventaja pero tuvo un p\u00e9simo final y fueron los paulistas los que se quedaron con el t\u00edtulo local. Eso es que lo que <strong>todo el Botafogo, con ilusi\u00f3n renovada y nombres diferentes, quiere evitar.<\/strong><\/p>\n<\/div>\n<div class=\"custom-text \" readability=\"39\">\n<p>Este lunes despu\u00e9s del entrenamiento en el estadio Nilton Santos, los hinchas del Botafogo se autoconvocaron para darle su apoyo a este plantel. <strong>\u201cEs la primera final y estamos en igualdad de condiciones en la recta final del campeonato. El Botafogo est\u00e1 muy bien\u201d, dijo el entrenador Artur Jorge<\/strong>, el portugu\u00e9s que llev\u00f3 a este equipo a pelear por todo y con sus figuras como Almada, Luiz Henrique o Igor Jesus hoy tienen la primera prueba a superar antes de desear cumplir ese sue\u00f1o de llevarse la primera Libertadores de su historia. Dos finales imperdibles&#8230;<\/p>\n<\/div>\n<div class=\"sc-e7b891c4-0 ifHnQL image-embed\"><img alt=\"Thiago Almada encabeza la ilusi\u00f3n del Botafogo junto con Luiz Henrique, Jefferson Savarino e Igor Jesus (EFE).\" loading=\"lazy\" width=\"720\" height=\"100\" decoding=\"async\" data-nimg=\"1\" src=\"http:\/\/hoycordobaweb.com\/wp-content\/uploads\/2024\/11\/la-tremenda-final-que-se-juega-el-botafogo-antes-de-la-libertadores-3.jpg\"><span class=\"epigraphe\">Thiago Almada encabeza la ilusi\u00f3n del Botafogo junto con Luiz Henrique, Jefferson Savarino e Igor Jesus (EFE).<\/span><\/div>\n<p><h2><strong>Lo que le queda al Botafogo buscando los dos t\u00edtulos<\/strong><\/h2>\n<\/p>\n<div class=\"custom-text \">\n<ul>\n<li>26\/11 &#8211; Palmeiras (V) &#8211; 36\u00b0 fecha Brasileirao<\/li>\n<li>30\/11 &#8211; Atl\u00e9tico Mineiro (N) &#8211; Final Copa Libertadores<\/li>\n<li>3\/12 &#8211; Internacional (V) &#8211; 37\u00b0 fecha<\/li>\n<li>7\/12 &#8211; Sao Paulo (L) &#8211; 3\u00b0 fecha<\/li>\n<\/ul>\n<\/div>\n<p><h2><strong>El Atl\u00e9tico Mineiro tambi\u00e9n juega para levantar<\/strong><\/h2>\n<\/p>\n<div class=\"custom-text \" readability=\"35\">\n<p><strong>Este martes el equipo que conduce Gabriel Milito recibe a Juventude con el objetivo de mejorar el andar.<\/strong> Porque si bien el s\u00e1bado ir\u00e1 por la Copa Libertadores hasta el momento <strong>gan\u00f3 un partido de los \u00faltimos 12 <\/strong>que disput\u00f3 y que precisamente fue el 3-0 a River en la ida de las semifinales hace m\u00e1s de un mes. <\/p>\n<\/div>\n<div class=\"sc-e7b891c4-0 ifHnQL image-embed\"><img alt=\"Gabriel Milito, metido en el Galo (EFE).\" loading=\"lazy\" width=\"720\" height=\"100\" decoding=\"async\" data-nimg=\"1\" src=\"http:\/\/hoycordobaweb.com\/wp-content\/uploads\/2024\/11\/la-tremenda-final-que-se-juega-el-botafogo-antes-de-la-libertadores-4.jpg\"><span class=\"epigraphe\">Gabriel Milito, metido en el Galo (EFE).<\/span><\/div>\n<div class=\"custom-text \" readability=\"29.892105263158\">\n<p>El Galo no puede resignar m\u00e1s puntos porque en caso de perder la final <strong>marcha 10\u00b0 en el Brasileirao y no est\u00e1 en zona de clasificaci\u00f3n a la Libertadores 2025<\/strong>. Objetivo para Milito, quien recibi\u00f3 la mala noticia de la <a href=\"https:\/\/www.ole.com.ar\/internacional\/libertadores\/zaracho-lesion-llanto-final-libertadores_0_yYXar9WXqg.html\" target=\"_blank\" title=\"lesi\u00f3n muscular de Mat\u00edas Zaracho quien se perder\u00e1 la final de la Copa\" alt=\"lesi\u00f3n muscular de Mat\u00edas Zaracho quien se perder\u00e1 la final de la Copa\" rel=\"noopener noreferrer\">lesi\u00f3n muscular de Mat\u00edas Zaracho quien se perder\u00e1 la final de la Copa<\/a>. Renzo Saravia, Rodrigo Battaglia y Fausto Vera son los otros argentinos del equipo.<\/p>\n<\/div>\n<p><h2><strong>Los \u00faltimos 12 partidos del Mineiro<\/strong><\/h2>\n<\/p>\n<div class=\"custom-text \">\n<ul>\n<li>1-1 vs. Fortaleza (V) &#8211; Brasileirao<\/li>\n<li>1-1 vs. Vasco da Gama (V) &#8211; Semi vuelta Copa de Brasil<\/li>\n<li><strong>3-0 vs. River (L) &#8211; Semi ida Copa Libertadores<\/strong><\/li>\n<li>1-3 vs. Internacional (L) &#8211; Brasileirao<\/li>\n<li>0-0 vs. River (V) &#8211; Semi vuelta Copa Libertadores<\/li>\n<li>1-3 vs. Flamengo (V) &#8211; Final ida Copa Brasil<\/li>\n<li>0-1 vs. Atl\u00e9tico Goianiense (V) &#8211; Brasileirao<\/li>\n<li>0-1 vs. Flamengo (L) &#8211; Final vuelta Copa Brasil<\/li>\n<li>0-0 vs. Flamengo (V) &#8211; Brasileirao<\/li>\n<li>0-1 vs. Athletico Paranaense (V) &#8211; Brasileirao<\/li>\n<li>0-0 vs. Botafogo (L)- Brasileirao<\/li>\n<li>2-2 vs. Sao Paulo (V) &#8211; Brasileirao<\/li>\n<\/ul>\n<\/div>\n<div class=\"sc-a7166897-0 eoLsBE\" readability=\"6.5\">\n<section readability=\"3\"><picture><img alt=\"Cu\u00e1ndo juegan y c\u00f3mo ver Atl\u00e9tico Mineiro vs. Botafogo por la final de la Copa Libertadores\" loading=\"lazy\" width=\"290\" height=\"290\" decoding=\"async\" data-nimg=\"1\" src=\"http:\/\/hoycordobaweb.com\/wp-content\/uploads\/2024\/11\/la-tremenda-final-que-se-juega-el-botafogo-antes-de-la-libertadores-5.jpg\"><\/picture>\n<p><span>Mir\u00e1 tambi\u00e9n<\/span><\/p>\n<hr>\n<h3>Cu\u00e1ndo juegan y c\u00f3mo ver Atl\u00e9tico Mineiro vs. Botafogo por la final de la Copa Libertadores<\/h3>\n<\/p>\n<\/section>\n<\/div>\n<div class=\"sc-a7166897-0 eoLsBE\" readability=\"6.5\">\n<section readability=\"3\"><picture><img alt=\"Zaracho: lesi\u00f3n, llanto y fuera de la final de la Libertadores\" loading=\"lazy\" width=\"290\" height=\"290\" decoding=\"async\" data-nimg=\"1\" src=\"http:\/\/hoycordobaweb.com\/wp-content\/uploads\/2024\/11\/la-tremenda-final-que-se-juega-el-botafogo-antes-de-la-libertadores-6.jpg\"><\/picture>\n<p><span>Mir\u00e1 tambi\u00e9n<\/span><\/p>\n<hr>\n<h3>Zaracho: lesi\u00f3n, llanto y fuera de la final de la Libertadores<\/h3>\n<\/p>\n<\/section>\n<\/div>\n<div class=\"sc-a7166897-0 eoLsBE\" readability=\"6\">\n<section readability=\"2\"><picture><img alt=\"Arbitros argentinos para la final de la Libertadores en el Monumental\" loading=\"lazy\" width=\"290\" height=\"290\" decoding=\"async\" data-nimg=\"1\" src=\"http:\/\/hoycordobaweb.com\/wp-content\/uploads\/2024\/11\/la-tremenda-final-que-se-juega-el-botafogo-antes-de-la-libertadores-7.jpg\"><\/picture>\n<p><span>Mir\u00e1 tambi\u00e9n<\/span><\/p>\n<hr>\n<h3>Arbitros argentinos para la final de la Libertadores en el Monumental<\/h3>\n<\/p>\n<\/section>\n<\/div>\n<div class=\"sc-a7166897-0 eoLsBE\" readability=\"7.5\">\n<section readability=\"5\"><picture><img alt=\"Libertadores 2025: con Racing, V\u00e9lez y Estudiantes, qui\u00e9nes son los 34 equipos ya clasificados\" loading=\"lazy\" width=\"290\" height=\"290\" decoding=\"async\" data-nimg=\"1\" src=\"http:\/\/hoycordobaweb.com\/wp-content\/uploads\/2024\/11\/la-tremenda-final-que-se-juega-el-botafogo-antes-de-la-libertadores-8.jpg\"><\/picture>\n<p><span>Mir\u00e1 tambi\u00e9n<\/span><\/p>\n<hr>\n<h3>Libertadores 2025: con Racing, V\u00e9lez y Estudiantes, qui\u00e9nes son los 34 equipos ya clasificados<\/h3>\n<\/p>\n<\/section>\n<\/div>\n<\/div>\n","protected":false},"excerpt":{"rendered":"<p>25\/11\/2024 20:19hs. El pr\u00f3ximo s\u00e1bado en el Monumental estar\u00e1 frente el sue\u00f1o de su vida. El Botafogo disputar\u00e1 su primera final de Copa Libertadores cuando se mida al Atl\u00e9tico Mineiro de Gabriel Milito. Pero antes de imaginar ese tremendo partido, el equipo de R\u00edo de Janeiro no podr\u00e1 cuidar a sus figuras porque este martes [&hellip;]<\/p>\n","protected":false},"author":1,"featured_media":89618,"comment_status":"open","ping_status":"closed","sticky":false,"template":"","format":"standard","meta":[],"categories":[16],"tags":[],"_links":{"self":[{"href":"http:\/\/hoycordobaweb.com\/index.php\/wp-json\/wp\/v2\/posts\/89617"}],"collection":[{"href":"http:\/\/hoycordobaweb.com\/index.php\/wp-json\/wp\/v2\/posts"}],"about":[{"href":"http:\/\/hoycordobaweb.com\/index.php\/wp-json\/wp\/v2\/types\/post"}],"author":[{"embeddable":true,"href":"http:\/\/hoycordobaweb.com\/index.php\/wp-json\/wp\/v2\/users\/1"}],"replies":[{"embeddable":true,"href":"http:\/\/hoycordobaweb.com\/index.php\/wp-json\/wp\/v2\/comments?post=89617"}],"version-history":[{"count":0,"href":"http:\/\/hoycordobaweb.com\/index.php\/wp-json\/wp\/v2\/posts\/89617\/revisions"}],"wp:featuredmedia":[{"embeddable":true,"href":"http:\/\/hoycordobaweb.com\/index.php\/wp-json\/wp\/v2\/media\/89618"}],"wp:attachment":[{"href":"http:\/\/hoycordobaweb.com\/index.php\/wp-json\/wp\/v2\/media?parent=89617"}],"wp:term":[{"taxonomy":"category","embeddable":true,"href":"http:\/\/hoycordobaweb.com\/index.php\/wp-json\/wp\/v2\/categories?post=89617"},{"taxonomy":"post_tag","embeddable":true,"href":"http:\/\/hoycordobaweb.com\/index.php\/wp-json\/wp\/v2\/tags?post=89617"}],"curies":[{"name":"wp","href":"https:\/\/api.w.org\/{rel}","templated":true}]}}