{"id":89607,"date":"2024-11-25T23:04:21","date_gmt":"2024-11-25T23:04:21","guid":{"rendered":"http:\/\/hoycordobaweb.com\/index.php\/2024\/11\/25\/argentina-recuerda-a-maradona-a-cuatro-anos-de-su-muerte-agencia-efe\/"},"modified":"2024-11-25T23:04:21","modified_gmt":"2024-11-25T23:04:21","slug":"argentina-recuerda-a-maradona-a-cuatro-anos-de-su-muerte-agencia-efe","status":"publish","type":"post","link":"http:\/\/hoycordobaweb.com\/index.php\/2024\/11\/25\/argentina-recuerda-a-maradona-a-cuatro-anos-de-su-muerte-agencia-efe\/","title":{"rendered":"<b>Argentina<\/b> recuerda a Maradona a cuatro a\u00f1os de su muerte &#8211; Agencia EFE"},"content":{"rendered":"<p>Buenos Aires (EFE).- El <b>f\u00fatbol argentino<\/b> record\u00f3 a Diego Armando Maradona en el cuarto aniversario de su fallecimiento, uno m\u00e1s sin respuestas&nbsp;&#8230; <\/p>\n","protected":false},"excerpt":{"rendered":"<p>Buenos Aires (EFE).- El f\u00fatbol argentino record\u00f3 a Diego Armando Maradona en el cuarto aniversario de su fallecimiento, uno m\u00e1s sin respuestas&nbsp;&#8230;<\/p>\n","protected":false},"author":1,"featured_media":0,"comment_status":"closed","ping_status":"closed","sticky":false,"template":"","format":"standard","meta":[],"categories":[22],"tags":[],"_links":{"self":[{"href":"http:\/\/hoycordobaweb.com\/index.php\/wp-json\/wp\/v2\/posts\/89607"}],"collection":[{"href":"http:\/\/hoycordobaweb.com\/index.php\/wp-json\/wp\/v2\/posts"}],"about":[{"href":"http:\/\/hoycordobaweb.com\/index.php\/wp-json\/wp\/v2\/types\/post"}],"author":[{"embeddable":true,"href":"http:\/\/hoycordobaweb.com\/index.php\/wp-json\/wp\/v2\/users\/1"}],"replies":[{"embeddable":true,"href":"http:\/\/hoycordobaweb.com\/index.php\/wp-json\/wp\/v2\/comments?post=89607"}],"version-history":[{"count":0,"href":"http:\/\/hoycordobaweb.com\/index.php\/wp-json\/wp\/v2\/posts\/89607\/revisions"}],"wp:attachment":[{"href":"http:\/\/hoycordobaweb.com\/index.php\/wp-json\/wp\/v2\/media?parent=89607"}],"wp:term":[{"taxonomy":"category","embeddable":true,"href":"http:\/\/hoycordobaweb.com\/index.php\/wp-json\/wp\/v2\/categories?post=89607"},{"taxonomy":"post_tag","embeddable":true,"href":"http:\/\/hoycordobaweb.com\/index.php\/wp-json\/wp\/v2\/tags?post=89607"}],"curies":[{"name":"wp","href":"https:\/\/api.w.org\/{rel}","templated":true}]}}