{"id":89540,"date":"2024-11-25T10:02:58","date_gmt":"2024-11-25T10:02:58","guid":{"rendered":"https:\/\/fono.fcm.unc.edu.ar\/?p=12988"},"modified":"2024-11-25T10:02:58","modified_gmt":"2024-11-25T10:02:58","slug":"25-de-noviembre-asueto-administrativo-por-el-dia-del-nodocente","status":"publish","type":"post","link":"http:\/\/hoycordobaweb.com\/index.php\/2024\/11\/25\/25-de-noviembre-asueto-administrativo-por-el-dia-del-nodocente\/","title":{"rendered":"25 de noviembre: Asueto administrativo por el D\u00eda del Nodocente"},"content":{"rendered":"<h2 class=\"fusion-post-title\">25 de noviembre: Asueto administrativo por el D\u00eda del Nodocente<\/h2>\n<div class=\"post-content\" readability=\"38.75884244373\">\n<p><img loading=\"lazy\" fetchpriority=\"high\" decoding=\"async\" class=\"alignright size-fusion-400 wp-image-12991\" src=\"https:\/\/fono.fcm.unc.edu.ar\/wp-content\/uploads\/sites\/14\/2024\/11\/asuetonodocetne-400x500.jpg\" alt width=\"400\" height=\"500\" srcset=\"https:\/\/fono.fcm.unc.edu.ar\/wp-content\/uploads\/sites\/14\/2024\/11\/asuetonodocetne-200x250.jpg 200w, https:\/\/fono.fcm.unc.edu.ar\/wp-content\/uploads\/sites\/14\/2024\/11\/asuetonodocetne-240x300.jpg 240w, https:\/\/fono.fcm.unc.edu.ar\/wp-content\/uploads\/sites\/14\/2024\/11\/asuetonodocetne-400x500.jpg 400w, https:\/\/fono.fcm.unc.edu.ar\/wp-content\/uploads\/sites\/14\/2024\/11\/asuetonodocetne-600x750.jpg 600w, https:\/\/fono.fcm.unc.edu.ar\/wp-content\/uploads\/sites\/14\/2024\/11\/asuetonodocetne-768x960.jpg 768w, https:\/\/fono.fcm.unc.edu.ar\/wp-content\/uploads\/sites\/14\/2024\/11\/asuetonodocetne-800x1000.jpg 800w, https:\/\/fono.fcm.unc.edu.ar\/wp-content\/uploads\/sites\/14\/2024\/11\/asuetonodocetne-819x1024.jpg 819w, https:\/\/fono.fcm.unc.edu.ar\/wp-content\/uploads\/sites\/14\/2024\/11\/asuetonodocetne.jpg 1080w\" sizes=\"(max-width: 400px) 100vw, 400px\">El 26 de noviembre de cada a\u00f1o se conmemora el D\u00eda del Trabajador Nodocente de las Universidades Nacionales, teniendo en cuenta lo dispuesto por el Art. 112 del Convenio Colectivo de Trabajo homologado por el Decreto PEN N\u00ba 366\/06.<\/p>\n<p>Seg\u00fan <a href=\"https:\/\/fono.fcm.unc.edu.ar\/wp-content\/uploads\/sites\/14\/2024\/11\/RR-2024-2264-UNC-REC.pdf\" target=\"_blank\" rel=\"noopener noreferrer\">Resoluci\u00f3n Rectoral N\u00b0 2264-2024<\/a> &nbsp;La Universidad Nacional de C\u00f3rdoba adhiere al D\u00eda del Trabajador Nodocente de las Universidades Nacionales resolviendo otorgar asueto administrativo en el \u00e1mbito de esta Casa el d\u00eda 25 de noviembre de 2024, debi\u00e9ndose tomar las medidas necesarias para no afectar la recepci\u00f3n de ex\u00e1menes previstos en las distintas Unidades Acad\u00e9micas.<\/p>\n<\/p><\/div>\n","protected":false},"excerpt":{"rendered":"<p>25 de noviembre: Asueto administrativo por el D\u00eda del Nodocente El 26 de noviembre de cada a\u00f1o se conmemora el D\u00eda del Trabajador Nodocente de las Universidades Nacionales, teniendo en cuenta lo dispuesto por el Art. 112 del Convenio Colectivo de Trabajo homologado por el Decreto PEN N\u00ba 366\/06. Seg\u00fan Resoluci\u00f3n Rectoral N\u00b0 2264-2024 &nbsp;La [&hellip;]<\/p>\n","protected":false},"author":1,"featured_media":0,"comment_status":"closed","ping_status":"closed","sticky":false,"template":"","format":"standard","meta":[],"categories":[1],"tags":[],"_links":{"self":[{"href":"http:\/\/hoycordobaweb.com\/index.php\/wp-json\/wp\/v2\/posts\/89540"}],"collection":[{"href":"http:\/\/hoycordobaweb.com\/index.php\/wp-json\/wp\/v2\/posts"}],"about":[{"href":"http:\/\/hoycordobaweb.com\/index.php\/wp-json\/wp\/v2\/types\/post"}],"author":[{"embeddable":true,"href":"http:\/\/hoycordobaweb.com\/index.php\/wp-json\/wp\/v2\/users\/1"}],"replies":[{"embeddable":true,"href":"http:\/\/hoycordobaweb.com\/index.php\/wp-json\/wp\/v2\/comments?post=89540"}],"version-history":[{"count":0,"href":"http:\/\/hoycordobaweb.com\/index.php\/wp-json\/wp\/v2\/posts\/89540\/revisions"}],"wp:attachment":[{"href":"http:\/\/hoycordobaweb.com\/index.php\/wp-json\/wp\/v2\/media?parent=89540"}],"wp:term":[{"taxonomy":"category","embeddable":true,"href":"http:\/\/hoycordobaweb.com\/index.php\/wp-json\/wp\/v2\/categories?post=89540"},{"taxonomy":"post_tag","embeddable":true,"href":"http:\/\/hoycordobaweb.com\/index.php\/wp-json\/wp\/v2\/tags?post=89540"}],"curies":[{"name":"wp","href":"https:\/\/api.w.org\/{rel}","templated":true}]}}