{"id":89524,"date":"2024-11-25T12:31:38","date_gmt":"2024-11-25T12:31:38","guid":{"rendered":"https:\/\/www.mujerhoy.com\/moda\/no-te-pierdas\/kate-moss-zara-coleccion-capsula-fiesta-looks-navidad-debut-supermodelo-disenadora-20241125132917-nt.html"},"modified":"2024-11-25T12:31:38","modified_gmt":"2024-11-25T12:31:38","slug":"nuestros-favoritos-de-la-coleccion-de-kate-moss-para-zara-de-la-chaqueta-tendencia-al-vestido-que-va-a-salvar-los-looks-de-navidad","status":"publish","type":"post","link":"http:\/\/hoycordobaweb.com\/index.php\/2024\/11\/25\/nuestros-favoritos-de-la-coleccion-de-kate-moss-para-zara-de-la-chaqueta-tendencia-al-vestido-que-va-a-salvar-los-looks-de-navidad\/","title":{"rendered":"Nuestros favoritos de la colecci\u00f3n de Kate Moss para Zara: de la chaqueta tendencia al vestido que va a salvar los looks de Navidad"},"content":{"rendered":"<p><!-- AUTHOR --> <\/p>\n<div class=\"voc-author-timesocial \"> <!-- AUTHOR --> <\/p>\n<div class=\"voc-author-timesocial__signature \">\n<div class=\"voc-author-timesocial__img-c\"> <!-- IMAGE AUTHOR --> <picture class=\"voc-image-signature\"> <img class=\"voc-image-signature__img\" src=\"http:\/\/hoycordobaweb.com\/wp-content\/uploads\/2024\/11\/nuestros-favoritos-de-la-coleccion-de-kate-moss-para-zara-de-la-chaqueta-tendencia-al-vestido-que-va-a-salvar-los-looks-de-navidad.jpg\" alt=\"Elena Romero Vargas\"> <\/picture> <\/div>\n<p> <!-- INFO AUTHOR --> <\/div><\/div>\n<p> <!-- COMPONENTS --> <\/p>\n<p class=\"voc-paragraph\" data-mrf-recirculation=\"Link art\u00edculo\">No importan los a\u00f1os que pasen o las caras nuevas que la sucedan que, si hablamos del Olimpo de los iconos de la moda, hay un nombre que perdura generaci\u00f3n tras generaci\u00f3n. Nos referimos, c\u00f3mo no, a <strong>Kate Moss<\/strong>, la supermodelo que <a data-voc-vtm-id=\"in-text-traffic\" href=\"https:\/\/www.mujerhoy.com\/moda\/no-te-pierdas\/kate-moss-cumple-50-anos-vestido-encaje-versionlow-cost-20240118084805-nt.html\" data-mrf-link=\"https:\/\/www.mujerhoy.com\/moda\/no-te-pierdas\/kate-moss-cumple-50-anos-vestido-encaje-versionlow-cost-20240118084805-nt.html\">sigue manteniendo su estatus de referente de estilo<\/a> y que no se cansa de seguir explorando nuevas facetas del mundo fashion.\n<\/p>\n<p class=\"voc-paragraph\" data-mrf-recirculation=\"Link art\u00edculo\">Su \u00faltima aventura <strong>viene de la mano de Zara<\/strong>. La supermodelo y y la estilista Katy England se \u00fanen al buque insignia de Inditex para lanzar la que es la primera colaboraci\u00f3n de Kate Moss para la marca. En esta ocasi\u00f3n, su debut es una<br \/>\n<strong> colecci\u00f3n c\u00e1psula de fiesta<\/strong> con prendas que no pueden recoger mejor la esencia \u00fanica de Moss y que estamos convencidas de que somos muchas las que no tardaremos en hacernos con una de sus prendas para sumar a <a data-voc-vtm-id=\"in-text-traffic\" href=\"https:\/\/www.mujerhoy.com\/moda\/no-te-pierdas\/look-fiesta-eventos-coleccion-zara-elegante-tendencia-20241115073859-nt.html\" data-mrf-link=\"https:\/\/www.mujerhoy.com\/moda\/no-te-pierdas\/look-fiesta-eventos-coleccion-zara-elegante-tendencia-20241115073859-nt.html\">nuestros pr\u00f3ximos looks de fiesta<\/a><br \/>\n.\n<\/p>\n<p class=\"voc-paragraph\" data-mrf-recirculation=\"Link art\u00edculo\">Es bien conocido el idilio de Kate Moss con Zara, que en alguna ocasi\u00f3n <a data-voc-vtm-id=\"in-text-traffic\" href=\"https:\/\/www.mujerhoy.com\/moda\/no-te-pierdas\/bolso-leopardo-comparten-kate-moss-marta-ortega-zara-20240929100245-nt.html\" data-mrf-link=\"https:\/\/www.mujerhoy.com\/moda\/no-te-pierdas\/bolso-leopardo-comparten-kate-moss-marta-ortega-zara-20240929100245-nt.html\">se ha dejado ver con prendas de la firma<\/a><br \/>\n, aunque esta vez la relaci\u00f3n va un paso m\u00e1s all\u00e1. En esta colecci\u00f3n c\u00e1psula <strong>inspirada en looks ic\u00f3nicos de la propia supermodelo<\/strong> y en la esencia que ella misma ha transmitido con su imagen a lo largo de d\u00e9cadas, Kate Moss hace alarde de su experiencia en el mundo de la moda y de todo lo asimilado con el tiempo en una selecci\u00f3n de prendas con las que cualquiera puede sentirse tan sexy y sofisticada como ella pero haci\u00e9ndola parte de su propio armario y estilo personal.\n<\/p>\n<p class=\"voc-paragraph\" data-mrf-recirculation=\"Link art\u00edculo\">La colaboraci\u00f3n de Kate Moss con Zara estar\u00e1 disponible <strong>a partir del d\u00eda 30 de noviembre<\/strong> en la web de Zara y en tiendas seleccionadas de todo el mundo. Nosotras ya hemos echado un vistazo a lo que nos vamos a encontrar y hemos hecho una selecci\u00f3n de nuestros favoritos para llevar tanto en ocasiones especiales como, a ejemplo de la misma actriz, tambi\u00e9n para llenar de estilo el d\u00eda a d\u00eda.\n<\/p>\n<p><h3 class=\"voc-detail__title\"> Los favoritos de la colecci\u00f3n de Kate Moss x Zara<br \/>\n<\/h3>\n<\/p>\n<div class=\"voc-detail-photo-zoom\"> <picture data-toggle=\"modal\" data-target=\"#photoZoomModal-58\" target=\"modal\">\n<div class=\"voc-img-icon-link\"> <img loading=\"lazy\" src=\"http:\/\/hoycordobaweb.com\/wp-content\/uploads\/2024\/11\/nuestros-favoritos-de-la-coleccion-de-kate-moss-para-zara-de-la-chaqueta-tendencia-al-vestido-que-va-a-salvar-los-looks-de-navidad-1.jpg\" width=\"650\" height=\"900\" alt=\"Cortes\u00eda de Zara\"> <noscript> <img src=\"http:\/\/hoycordobaweb.com\/wp-content\/uploads\/2024\/11\/nuestros-favoritos-de-la-coleccion-de-kate-moss-para-zara-de-la-chaqueta-tendencia-al-vestido-que-va-a-salvar-los-looks-de-navidad-1.jpg\" alt=\"Cortes\u00eda de Zara\"> <\/noscript> <i class=\"voc-icons zoom voc-multimedia-box voc-ico-l\"><\/i> <\/div><figcaption class=\"figure-caption\">Cortes\u00eda de Zara<\/figcaption><\/picture>\n<\/div>\n<div id=\"photoZoomModal-58\" class=\"voc-lightbox modal fade voc-lightbox--photo-zoom\" role=\"dialog\" data-voc-photozoom-lightbox>\n<div class=\"voc-lightbox__dialog\" role=\"document\">\n<div class=\"voc-lightbox__content\"> <!-- Modal header --> <!-- Modal content --> <\/p>\n<div class=\"voc-lightbox__photo-container\"> <picture class> <img loading=\"lazy\" src=\"http:\/\/hoycordobaweb.com\/wp-content\/uploads\/2024\/11\/nuestros-favoritos-de-la-coleccion-de-kate-moss-para-zara-de-la-chaqueta-tendencia-al-vestido-que-va-a-salvar-los-looks-de-navidad-1.jpg\" alt=\"Cortes\u00eda de Zara\"> <noscript> <img src=\"http:\/\/hoycordobaweb.com\/wp-content\/uploads\/2024\/11\/nuestros-favoritos-de-la-coleccion-de-kate-moss-para-zara-de-la-chaqueta-tendencia-al-vestido-que-va-a-salvar-los-looks-de-navidad-1.jpg\" alt=\"Cortes\u00eda de Zara\"> <\/noscript> <\/picture> <\/div><\/div><\/div>\n<\/div>\n<p class=\"voc-paragraph\" data-mrf-recirculation=\"Link art\u00edculo\">Este <strong>vestidazo camisero mini efecto piel<\/strong> lo tiene todo para posicionarse en el podio de nuestra selecci\u00f3n. Sexy sin perder la elegancia, ponible en cualquier ocasi\u00f3n y, adem\u00e1s, fiel a lo que promete la colecci\u00f3n al ser una prenda con la podemos imaginar f\u00e1cilmente a la supermodelo. Aprovecha todo su potencial combin\u00e1ndolo con <a data-voc-vtm-id=\"in-text-traffic\" href=\"https:\/\/www.mujerhoy.com\/moda\/tendencias\/guia-estilo-medias-rojas-ideas-looks-20240106115331-nt.html\" data-mrf-link=\"https:\/\/www.mujerhoy.com\/moda\/tendencias\/guia-estilo-medias-rojas-ideas-looks-20240106115331-nt.html\">unas medias rojas <\/a><br \/>\ny unas merceditas de tac\u00f3n que le pongan el punto chic y sugerente al outfit.\n<\/p>\n<div class=\"voc-detail-photo-zoom\"> <picture data-toggle=\"modal\" data-target=\"#photoZoomModal-801\" target=\"modal\">\n<div class=\"voc-img-icon-link\"> <img loading=\"lazy\" src=\"http:\/\/hoycordobaweb.com\/wp-content\/uploads\/2024\/11\/nuestros-favoritos-de-la-coleccion-de-kate-moss-para-zara-de-la-chaqueta-tendencia-al-vestido-que-va-a-salvar-los-looks-de-navidad-2.jpg\" width=\"650\" height=\"900\" alt=\"Cortes\u00eda de Zara\"> <noscript> <img src=\"http:\/\/hoycordobaweb.com\/wp-content\/uploads\/2024\/11\/nuestros-favoritos-de-la-coleccion-de-kate-moss-para-zara-de-la-chaqueta-tendencia-al-vestido-que-va-a-salvar-los-looks-de-navidad-2.jpg\" alt=\"Cortes\u00eda de Zara\"> <\/noscript> <i class=\"voc-icons zoom voc-multimedia-box voc-ico-l\"><\/i> <\/div><figcaption class=\"figure-caption\">Cortes\u00eda de Zara<\/figcaption><\/picture>\n<\/div>\n<div id=\"photoZoomModal-801\" class=\"voc-lightbox modal fade voc-lightbox--photo-zoom\" role=\"dialog\" data-voc-photozoom-lightbox>\n<div class=\"voc-lightbox__dialog\" role=\"document\">\n<div class=\"voc-lightbox__content\"> <!-- Modal header --> <!-- Modal content --> <\/p>\n<div class=\"voc-lightbox__photo-container\"> <picture class> <img loading=\"lazy\" src=\"http:\/\/hoycordobaweb.com\/wp-content\/uploads\/2024\/11\/nuestros-favoritos-de-la-coleccion-de-kate-moss-para-zara-de-la-chaqueta-tendencia-al-vestido-que-va-a-salvar-los-looks-de-navidad-2.jpg\" alt=\"Cortes\u00eda de Zara\"> <noscript> <img src=\"http:\/\/hoycordobaweb.com\/wp-content\/uploads\/2024\/11\/nuestros-favoritos-de-la-coleccion-de-kate-moss-para-zara-de-la-chaqueta-tendencia-al-vestido-que-va-a-salvar-los-looks-de-navidad-2.jpg\" alt=\"Cortes\u00eda de Zara\"> <\/noscript> <\/picture> <\/div><\/div><\/div>\n<\/div>\n<p class=\"voc-paragraph\" data-mrf-recirculation=\"Link art\u00edculo\">No puede haber una colecci\u00f3n de Kate Moss sin la<br \/>\n<strong> presencia del estampado de leopardo<\/strong>, <a data-voc-vtm-id=\"in-text-traffic\" href=\"https:\/\/www.mujerhoy.com\/moda\/tendencias\/como-llevar-estampado-leopardo-abrigo-truco-mujeres-50-anos-20241008172811-nt.html\" data-mrf-link=\"https:\/\/www.mujerhoy.com\/moda\/tendencias\/como-llevar-estampado-leopardo-abrigo-truco-mujeres-50-anos-20241008172811-nt.html\">uno de los m\u00e1s ic\u00f3nicos en su trayectoria estil\u00edstica<\/a><br \/>\n. Entre las prendas que cuentan con este print encontramos este abrigo cortito con cuello solapa ideal para elevar estilismos b\u00e1sicos de invierno o para sumar a looks m\u00e1s especiales.\n<\/p>\n<div class=\"voc-detail-photo-zoom\"> <picture data-toggle=\"modal\" data-target=\"#photoZoomModal-264\" target=\"modal\">\n<div class=\"voc-img-icon-link\"> <img loading=\"lazy\" src=\"http:\/\/hoycordobaweb.com\/wp-content\/uploads\/2024\/11\/nuestros-favoritos-de-la-coleccion-de-kate-moss-para-zara-de-la-chaqueta-tendencia-al-vestido-que-va-a-salvar-los-looks-de-navidad-3.jpg\" width=\"650\" height=\"900\" alt=\"Cortes\u00eda de Zara\"> <noscript> <img src=\"http:\/\/hoycordobaweb.com\/wp-content\/uploads\/2024\/11\/nuestros-favoritos-de-la-coleccion-de-kate-moss-para-zara-de-la-chaqueta-tendencia-al-vestido-que-va-a-salvar-los-looks-de-navidad-3.jpg\" alt=\"Cortes\u00eda de Zara\"> <\/noscript> <i class=\"voc-icons zoom voc-multimedia-box voc-ico-l\"><\/i> <\/div><figcaption class=\"figure-caption\">Cortes\u00eda de Zara<\/figcaption><\/picture>\n<\/div>\n<div id=\"photoZoomModal-264\" class=\"voc-lightbox modal fade voc-lightbox--photo-zoom\" role=\"dialog\" data-voc-photozoom-lightbox>\n<div class=\"voc-lightbox__dialog\" role=\"document\">\n<div class=\"voc-lightbox__content\"> <!-- Modal header --> <!-- Modal content --> <\/p>\n<div class=\"voc-lightbox__photo-container\"> <picture class> <img loading=\"lazy\" src=\"http:\/\/hoycordobaweb.com\/wp-content\/uploads\/2024\/11\/nuestros-favoritos-de-la-coleccion-de-kate-moss-para-zara-de-la-chaqueta-tendencia-al-vestido-que-va-a-salvar-los-looks-de-navidad-3.jpg\" alt=\"Cortes\u00eda de Zara\"> <noscript> <img src=\"http:\/\/hoycordobaweb.com\/wp-content\/uploads\/2024\/11\/nuestros-favoritos-de-la-coleccion-de-kate-moss-para-zara-de-la-chaqueta-tendencia-al-vestido-que-va-a-salvar-los-looks-de-navidad-3.jpg\" alt=\"Cortes\u00eda de Zara\"> <\/noscript> <\/picture> <\/div><\/div><\/div>\n<\/div>\n<p class=\"voc-paragraph\" data-mrf-recirculation=\"Link art\u00edculo\">Ideal para alegrar un look casual, este <strong>vestido mini en color gris<\/strong> lo tiene todo para convertirse en un fondo de armario esencial para este invierno. Comb\u00ednalo con botas altas negras (si tienen tac\u00f3n, te har\u00e1n ver mucho m\u00e1s estilizada) y con una cazadora metalizada para un estilismo de invierno juvenil y acertado.\n<\/p>\n<div class=\"voc-detail-photo-zoom\"> <picture data-toggle=\"modal\" data-target=\"#photoZoomModal-960\" target=\"modal\">\n<div class=\"voc-img-icon-link\"> <img loading=\"lazy\" src=\"http:\/\/hoycordobaweb.com\/wp-content\/uploads\/2024\/11\/nuestros-favoritos-de-la-coleccion-de-kate-moss-para-zara-de-la-chaqueta-tendencia-al-vestido-que-va-a-salvar-los-looks-de-navidad.webp\" width=\"650\" height=\"900\" alt=\"Cortes\u00eda de Zara\"> <noscript> <img src=\"http:\/\/hoycordobaweb.com\/wp-content\/uploads\/2024\/11\/nuestros-favoritos-de-la-coleccion-de-kate-moss-para-zara-de-la-chaqueta-tendencia-al-vestido-que-va-a-salvar-los-looks-de-navidad.webp\" alt=\"Cortes\u00eda de Zara\"> <\/noscript> <i class=\"voc-icons zoom voc-multimedia-box voc-ico-l\"><\/i> <\/div><figcaption class=\"figure-caption\">Cortes\u00eda de Zara<\/figcaption><\/picture>\n<\/div>\n<div id=\"photoZoomModal-960\" class=\"voc-lightbox modal fade voc-lightbox--photo-zoom\" role=\"dialog\" data-voc-photozoom-lightbox>\n<div class=\"voc-lightbox__dialog\" role=\"document\">\n<div class=\"voc-lightbox__content\"> <!-- Modal header --> <!-- Modal content --> <\/p>\n<div class=\"voc-lightbox__photo-container\"> <picture class> <img loading=\"lazy\" src=\"http:\/\/hoycordobaweb.com\/wp-content\/uploads\/2024\/11\/nuestros-favoritos-de-la-coleccion-de-kate-moss-para-zara-de-la-chaqueta-tendencia-al-vestido-que-va-a-salvar-los-looks-de-navidad.webp\" alt=\"Cortes\u00eda de Zara\"> <noscript> <img src=\"http:\/\/hoycordobaweb.com\/wp-content\/uploads\/2024\/11\/nuestros-favoritos-de-la-coleccion-de-kate-moss-para-zara-de-la-chaqueta-tendencia-al-vestido-que-va-a-salvar-los-looks-de-navidad.webp\" alt=\"Cortes\u00eda de Zara\"> <\/noscript> <\/picture> <\/div><\/div><\/div>\n<\/div>\n<p class=\"voc-paragraph\" data-mrf-recirculation=\"Link art\u00edculo\">No busques m\u00e1s: hemos encontrado el <strong>vestido perfecto para esta Nochevieja<\/strong>. Un vestido negro, ajustado y de bajo asim\u00e9trico, con detalle de pedrer\u00eda en los tirantes, es original en el dise\u00f1o sin dejar de ser una prenda sencilla y tremendamente agradecido a la hora de lucirlo. En pocas palabras, todo lo que se le pide al vestido so\u00f1ado para despedir el a\u00f1o.\n<\/p>\n<div class=\"voc-detail-photo-zoom\"> <picture data-toggle=\"modal\" data-target=\"#photoZoomModal-874\" target=\"modal\">\n<div class=\"voc-img-icon-link\"> <img loading=\"lazy\" src=\"http:\/\/hoycordobaweb.com\/wp-content\/uploads\/2024\/11\/nuestros-favoritos-de-la-coleccion-de-kate-moss-para-zara-de-la-chaqueta-tendencia-al-vestido-que-va-a-salvar-los-looks-de-navidad-1.webp\" width=\"650\" height=\"900\" alt=\"Cortes\u00eda de Zara\"> <noscript> <img src=\"http:\/\/hoycordobaweb.com\/wp-content\/uploads\/2024\/11\/nuestros-favoritos-de-la-coleccion-de-kate-moss-para-zara-de-la-chaqueta-tendencia-al-vestido-que-va-a-salvar-los-looks-de-navidad-1.webp\" alt=\"Cortes\u00eda de Zara\"> <\/noscript> <i class=\"voc-icons zoom voc-multimedia-box voc-ico-l\"><\/i> <\/div><figcaption class=\"figure-caption\">Cortes\u00eda de Zara<\/figcaption><\/picture>\n<\/div>\n<div id=\"photoZoomModal-874\" class=\"voc-lightbox modal fade voc-lightbox--photo-zoom\" role=\"dialog\" data-voc-photozoom-lightbox>\n<div class=\"voc-lightbox__dialog\" role=\"document\">\n<div class=\"voc-lightbox__content\"> <!-- Modal header --> <!-- Modal content --> <\/p>\n<div class=\"voc-lightbox__photo-container\"> <picture class> <img loading=\"lazy\" src=\"http:\/\/hoycordobaweb.com\/wp-content\/uploads\/2024\/11\/nuestros-favoritos-de-la-coleccion-de-kate-moss-para-zara-de-la-chaqueta-tendencia-al-vestido-que-va-a-salvar-los-looks-de-navidad-1.webp\" alt=\"Cortes\u00eda de Zara\"> <noscript> <img src=\"http:\/\/hoycordobaweb.com\/wp-content\/uploads\/2024\/11\/nuestros-favoritos-de-la-coleccion-de-kate-moss-para-zara-de-la-chaqueta-tendencia-al-vestido-que-va-a-salvar-los-looks-de-navidad-1.webp\" alt=\"Cortes\u00eda de Zara\"> <\/noscript> <\/picture> <\/div><\/div><\/div>\n<\/div>\n<p class=\"voc-paragraph\" data-mrf-recirculation=\"Link art\u00edculo\">Aunque sea una colecci\u00f3n enfocada a looks de fiesta, la realidad es que hay prendas perfectamente aptas para el d\u00eda a d\u00eda e incluso <strong>para llevar como look de oficina<\/strong>. Prueba de ello es este conjunto de falfa larga satinada y camisa con manga midi ligeramente abullonada y escote de pico. Si eres de las que prefieren arreglarse para ir a trabajar, este conjunto combinado con unas bailarinas especiales o unos botines de ante con tac\u00f3n va a ser tu salvaci\u00f3n m\u00e1s de un d\u00eda.\n<\/p>\n<div class=\"voc-detail-photo-zoom\"> <picture data-toggle=\"modal\" data-target=\"#photoZoomModal-194\" target=\"modal\">\n<div class=\"voc-img-icon-link\"> <img loading=\"lazy\" src=\"http:\/\/hoycordobaweb.com\/wp-content\/uploads\/2024\/11\/nuestros-favoritos-de-la-coleccion-de-kate-moss-para-zara-de-la-chaqueta-tendencia-al-vestido-que-va-a-salvar-los-looks-de-navidad-4.jpg\" width=\"650\" height=\"900\" alt=\"Cortes\u00eda de Zara\"> <noscript> <img src=\"http:\/\/hoycordobaweb.com\/wp-content\/uploads\/2024\/11\/nuestros-favoritos-de-la-coleccion-de-kate-moss-para-zara-de-la-chaqueta-tendencia-al-vestido-que-va-a-salvar-los-looks-de-navidad-4.jpg\" alt=\"Cortes\u00eda de Zara\"> <\/noscript> <i class=\"voc-icons zoom voc-multimedia-box voc-ico-l\"><\/i> <\/div><figcaption class=\"figure-caption\">Cortes\u00eda de Zara<\/figcaption><\/picture>\n<\/div>\n<div id=\"photoZoomModal-194\" class=\"voc-lightbox modal fade voc-lightbox--photo-zoom\" role=\"dialog\" data-voc-photozoom-lightbox>\n<div class=\"voc-lightbox__dialog\" role=\"document\">\n<div class=\"voc-lightbox__content\"> <!-- Modal header --> <!-- Modal content --> <\/p>\n<div class=\"voc-lightbox__photo-container\"> <picture class> <img loading=\"lazy\" src=\"http:\/\/hoycordobaweb.com\/wp-content\/uploads\/2024\/11\/nuestros-favoritos-de-la-coleccion-de-kate-moss-para-zara-de-la-chaqueta-tendencia-al-vestido-que-va-a-salvar-los-looks-de-navidad-4.jpg\" alt=\"Cortes\u00eda de Zara\"> <noscript> <img src=\"http:\/\/hoycordobaweb.com\/wp-content\/uploads\/2024\/11\/nuestros-favoritos-de-la-coleccion-de-kate-moss-para-zara-de-la-chaqueta-tendencia-al-vestido-que-va-a-salvar-los-looks-de-navidad-4.jpg\" alt=\"Cortes\u00eda de Zara\"> <\/noscript> <\/picture> <\/div><\/div><\/div>\n<\/div>\n<p class=\"voc-paragraph\" data-mrf-recirculation=\"Link art\u00edculo\">Otra de esas prendas que destacan por su versatilidad es esta <strong>chaqueta en color burdeos<\/strong>. Calentita y tremendamente elegante, esta prenda puede darle un toque juvenil y rockero a tu look de fiesta m\u00e1s sofisticado o poner la guinda a un look casual que marque la diferencia.\n<\/p>\n<p> <!-- TOPICS --> <\/p>\n","protected":false},"excerpt":{"rendered":"<p>No importan los a\u00f1os que pasen o las caras nuevas que la sucedan que, si hablamos del Olimpo de los iconos de la moda, hay un nombre que perdura generaci\u00f3n tras generaci\u00f3n. Nos referimos, c\u00f3mo no, a Kate Moss, la supermodelo que sigue manteniendo su estatus de referente de estilo y que no se cansa [&hellip;]<\/p>\n","protected":false},"author":1,"featured_media":89525,"comment_status":"closed","ping_status":"closed","sticky":false,"template":"","format":"standard","meta":[],"categories":[],"tags":[],"_links":{"self":[{"href":"http:\/\/hoycordobaweb.com\/index.php\/wp-json\/wp\/v2\/posts\/89524"}],"collection":[{"href":"http:\/\/hoycordobaweb.com\/index.php\/wp-json\/wp\/v2\/posts"}],"about":[{"href":"http:\/\/hoycordobaweb.com\/index.php\/wp-json\/wp\/v2\/types\/post"}],"author":[{"embeddable":true,"href":"http:\/\/hoycordobaweb.com\/index.php\/wp-json\/wp\/v2\/users\/1"}],"replies":[{"embeddable":true,"href":"http:\/\/hoycordobaweb.com\/index.php\/wp-json\/wp\/v2\/comments?post=89524"}],"version-history":[{"count":0,"href":"http:\/\/hoycordobaweb.com\/index.php\/wp-json\/wp\/v2\/posts\/89524\/revisions"}],"wp:featuredmedia":[{"embeddable":true,"href":"http:\/\/hoycordobaweb.com\/index.php\/wp-json\/wp\/v2\/media\/89525"}],"wp:attachment":[{"href":"http:\/\/hoycordobaweb.com\/index.php\/wp-json\/wp\/v2\/media?parent=89524"}],"wp:term":[{"taxonomy":"category","embeddable":true,"href":"http:\/\/hoycordobaweb.com\/index.php\/wp-json\/wp\/v2\/categories?post=89524"},{"taxonomy":"post_tag","embeddable":true,"href":"http:\/\/hoycordobaweb.com\/index.php\/wp-json\/wp\/v2\/tags?post=89524"}],"curies":[{"name":"wp","href":"https:\/\/api.w.org\/{rel}","templated":true}]}}