{"id":89422,"date":"2024-11-23T23:10:21","date_gmt":"2024-11-23T23:10:21","guid":{"rendered":"https:\/\/www.ole.com.ar\/equipos\/racing\/fiesta-campeon-racing-quedo-copa-sudamericana_0_e9xxSf92M1.html"},"modified":"2024-11-23T23:10:21","modified_gmt":"2024-11-23T23:10:21","slug":"la-fiesta-del-campeon-racing-se-quedo-con-la-copa-sudamericana","status":"publish","type":"post","link":"http:\/\/hoycordobaweb.com\/index.php\/2024\/11\/23\/la-fiesta-del-campeon-racing-se-quedo-con-la-copa-sudamericana\/","title":{"rendered":"La fiesta del campe\u00f3n: Racing se qued\u00f3 con la Copa Sudamericana"},"content":{"rendered":"<p><img src=\"http:\/\/hoycordobaweb.com\/wp-content\/uploads\/2024\/11\/la-fiesta-del-campeon-racing-se-quedo-con-la-copa-sudamericana.jpg\"><\/p>\n<p><time class=\"createDate\" datetime=\"2024-11-23T20:10:21-03:00\">23\/11\/2024 20:10hs.<\/time><\/p>\n<div id=\"storyBody\">\n<div class=\"custom-text \" readability=\"34.338747099768\">\n<p><strong>La Nueva Olla se ti\u00f1\u00f3 de celeste y blanco en una tarde que <a href=\"https:\/\/www.ole.com.ar\/tema\/racing.html\" title=\"Racing\" alt=\"Racing\" class=\"slug\">Racing<\/a> jam\u00e1s olvidar\u00e1<\/strong>. Luego de imponerse ante <a href=\"https:\/\/www.ole.com.ar\/tema\/cruzeiro.html\" title=\"Cruzeiro\" alt=\"Cruzeiro\" class=\"slug\">Cruzeiro <\/a>en la final de la <strong><a href=\"https:\/\/www.ole.com.ar\/tema\/copa-sudamericana.html\" title=\"Copa Sudamericana\" alt=\"Copa Sudamericana\" class=\"slug\">Copa Sudamericana<\/a><\/strong>, la Academia celebr\u00f3 su conquista con un despliegue de emoci\u00f3n y alegr\u00eda que envolvi\u00f3 tanto a jugadores como a hinchas. Desde los primeros abrazos en el campo hasta los c\u00e1nticos que resonaron en cada rinc\u00f3n del estadio, <strong>la fiesta de Racing fue tan intensa como merecida<\/strong>.<\/p>\n<\/div>\n<p><h2><strong><em>Los festejos de Racing: la alegr\u00eda de Costas, la presencia de Blanco y el recuerdo del Rojo<\/em><\/strong><\/h2>\n<\/p>\n<div class=\"custom-text \" readability=\"43\">\n<p>El primero en protagonizar los festejos fue <strong>Gustavo Costas, quien, fiel a su estilo apasionado, recorri\u00f3 el campo de juego abrazando a cada uno de sus jugadores<\/strong>. Los momentos m\u00e1s emotivos llegaron con Gabriel Arias y Leonardo Sigali, los capitanes y referentes del equipo, con quienes Costas comparti\u00f3 abrazos cargados de significado. Pero el t\u00e9cnico no solo dirigi\u00f3, tambi\u00e9n <strong>se sum\u00f3 a las canciones, empuj\u00f3 en broma a sus dirigidos y celebr\u00f3 como si fuera uno m\u00e1s del plantel<\/strong>, dejando en claro su conexi\u00f3n con el grupo.<\/p>\n<\/div>\n<div class=\"custom-text \" readability=\"43\">\n<p>Las canciones t\u00edpicas, que se entonan todos las fechas en el Cilindro, marcaron el ritmo de la celebraci\u00f3n. Minutos despu\u00e9s de haber sonado el silbatazo final,<strong> los jugadores y la hinchada se unieron en un potente \u00abMuchachos, traigan vino, juega la Acad\u00e9\u00bb<\/strong>. De cara a la Guardia Imperial, los protagonistas entonaron el canto que ya es un cl\u00e1sico del f\u00fatbol nacional, mientras m\u00e1s de la mitad del estadio se sumaba a coro. La comuni\u00f3n entre jugadores e hinchas fue total, consolidando una fiesta que parec\u00eda no tener fin.<\/p>\n<\/div>\n<div class=\"custom-text \" readability=\"40\">\n<p><strong>La presencia de V\u00edctor Blanco, presidente de Racing, aport\u00f3 otro toque emotivo a la celebraci\u00f3n<\/strong>. Apenas terminado el partido, Blanco ingres\u00f3 al campo de juego para saludar uno a uno a los jugadores, compartiendo con ellos un momento que refleja el trabajo y la dedicaci\u00f3n de todo el club. <strong>Tambi\u00e9n estuvo presente El Pepo, que hab\u00eda animado la previa del partido<\/strong> para los hinchas racinguistas y no quiso perderse la oportunidad de celebrar junto al plantel en el terreno de juego.<\/p>\n<\/div>\n<div class=\"sc-e7b891c4-0 ifHnQL image-embed\"><img alt=\"Zuculini, en lo m\u00e1s alto de Asunci\u00f3n. (Foto: Emmanuel Fern\u00e1ndez)\" loading=\"lazy\" width=\"1290\" height=\"760\" decoding=\"async\" data-nimg=\"1\" src=\"http:\/\/hoycordobaweb.com\/wp-content\/uploads\/2024\/11\/la-fiesta-del-campeon-racing-se-quedo-con-la-copa-sudamericana-2.jpg\"><span class=\"epigraphe\">Zuculini, en lo m\u00e1s alto de Asunci\u00f3n. (Foto: Emmanuel Fern\u00e1ndez)<\/span><\/div>\n<div class=\"custom-text \" readability=\"45\">\n<p>Pero los festejos no estuvieron exentos de las tradicionales dedicatorias. Despu\u00e9s de que Racing levantara el trofeo, <strong>el DJ del estadio decidi\u00f3 musicalizar el momento con \u00abComadre compadre\u00bb, de Los Fatales, una clara invitaci\u00f3n para que la hinchada dedicara el t\u00edtulo a su cl\u00e1sico rival, Independiente<\/strong>. Como era de esperarse, los c\u00e1nticos resonaron en la Nueva Olla: \u00abRojo, la con***, la con***, la con***, la con*** de tu madre\u00bb, marcando una de las postales m\u00e1s pintorescas de la noche.<\/p>\n<\/div>\n<div class=\"custom-text \" readability=\"39\">\n<p>Racing vivi\u00f3 una fiesta que quedar\u00e1 en la historia del club. Con m\u00fasica, emoci\u00f3n y una comuni\u00f3n \u00fanica entre jugadores e hinchas, la Academia celebr\u00f3 un t\u00edtulo que no solo engrosa su palmar\u00e9s, sino que reafirma su identidad y pasi\u00f3n. <strong>Desde el coraz\u00f3n de Paraguay, Racing desat\u00f3 una alegr\u00eda que ya forma parte del alma de su gente<\/strong> y que ser\u00e1 recordada por un largo largo tiempo.<\/p>\n<\/div>\n<div class=\"sc-e7b891c4-0 ifHnQL image-embed\"><img alt=\"El abrazo de Costas con Juanfer.(EFE)\" loading=\"lazy\" width=\"1290\" height=\"760\" decoding=\"async\" data-nimg=\"1\" src=\"http:\/\/hoycordobaweb.com\/wp-content\/uploads\/2024\/11\/la-fiesta-del-campeon-racing-se-quedo-con-la-copa-sudamericana-3.jpg\"><span class=\"epigraphe\">El abrazo de Costas con Juanfer.(EFE)<\/span><\/div>\n<p><h2><strong><em>El resumen de Racing campe\u00f3n de la Copa Sudamericana<\/em><\/strong><\/h2>\n<\/p>\n<div type=\"embed\" class=\"sc-3f46f5ae-0 djVTgz\">\n<div class=\"sc-3f46f5ae-1 fTjZec videoText\" id=\"contentTitleembed7UeEWTT6\" type=\"embed\"><svg fill=\"#ffffff\"><symbol id=\"play\" viewBox=\"0 0 512 512\"><path d=\"M512 256C512 397.4 397.4 512 256 512C114.6 512 0 397.4 0 256C0 114.6 114.6 0 256 0C397.4 0 512 114.6 512 256zM176 168V344C176 352.7 180.7 360.7 188.3 364.9C195.8 369.2 205.1 369 212.5 364.5L356.5 276.5C363.6 272.1 368 264.4 368 256C368 247.6 363.6 239.9 356.5 235.5L212.5 147.5C205.1 142.1 195.8 142.8 188.3 147.1C180.7 151.3 176 159.3 176 168V168z\" \/><\/symbol><use xlink:href=\"#play\" \/><\/svg><\/p>\n<div class=\"right\">\n<p>Copa Sudamericana<!-- --> &#8211;<!-- --> <span>&nbsp;<\/span><\/p>\n<h2 class=\"title-vid\">El resumen de la victoria de Racing para obtener la Copa Sudamericana<\/h2>\n<\/div>\n<\/div>\n<p><span class=\"back\" id=\"spanBackembed7UeEWTT6\"><\/span><\/div>\n<div class=\"sc-a7166897-0 eoLsBE\" readability=\"6.5\">\n<section readability=\"3\"><picture><img alt=\"\u00a1Racing le gan\u00f3 3-1 a Cruzeiro y se consagr\u00f3 campe\u00f3n de la Copa Sudamericana 2024!\" loading=\"lazy\" width=\"290\" height=\"290\" decoding=\"async\" data-nimg=\"1\" src=\"http:\/\/hoycordobaweb.com\/wp-content\/uploads\/2024\/11\/la-fiesta-del-campeon-racing-se-quedo-con-la-copa-sudamericana-4.jpg\"><\/picture>\n<p><span>Mir\u00e1 tambi\u00e9n<\/span><\/p>\n<hr>\n<h3>\u00a1Racing le gan\u00f3 3-1 a Cruzeiro y se consagr\u00f3 campe\u00f3n de la Copa Sudamericana 2024!<\/h3>\n<\/p>\n<\/section>\n<\/div>\n<div class=\"sc-a7166897-0 eoLsBE\" readability=\"6.5\">\n<section readability=\"3\"><picture><img alt=\"Con Racing campe\u00f3n, la tabla de t\u00edtulos internacionales de equipos argentinos\" loading=\"lazy\" width=\"290\" height=\"290\" decoding=\"async\" data-nimg=\"1\" src=\"http:\/\/hoycordobaweb.com\/wp-content\/uploads\/2024\/11\/la-fiesta-del-campeon-racing-se-quedo-con-la-copa-sudamericana-5.jpg\"><\/picture>\n<p><span>Mir\u00e1 tambi\u00e9n<\/span><\/p>\n<hr>\n<h3>Con Racing campe\u00f3n, la tabla de t\u00edtulos internacionales de equipos argentinos<\/h3>\n<\/p>\n<\/section>\n<\/div>\n<div class=\"sc-a7166897-0 eoLsBE\" readability=\"6.5\">\n<section readability=\"3\"><picture><img alt=\"Costas: su amor por Racing, el paso como mascota y bicampe\u00f3n\" loading=\"lazy\" width=\"290\" height=\"290\" decoding=\"async\" data-nimg=\"1\" src=\"http:\/\/hoycordobaweb.com\/wp-content\/uploads\/2024\/11\/la-fiesta-del-campeon-racing-se-quedo-con-la-copa-sudamericana-6.jpg\"><\/picture>\n<p><span>Mir\u00e1 tambi\u00e9n<\/span><\/p>\n<hr>\n<h3>Costas: su amor por Racing, el paso como mascota y bicampe\u00f3n<\/h3>\n<\/p>\n<\/section>\n<\/div>\n<\/div>\n","protected":false},"excerpt":{"rendered":"<p>23\/11\/2024 20:10hs. La Nueva Olla se ti\u00f1\u00f3 de celeste y blanco en una tarde que Racing jam\u00e1s olvidar\u00e1. Luego de imponerse ante Cruzeiro en la final de la Copa Sudamericana, la Academia celebr\u00f3 su conquista con un despliegue de emoci\u00f3n y alegr\u00eda que envolvi\u00f3 tanto a jugadores como a hinchas. Desde los primeros abrazos en [&hellip;]<\/p>\n","protected":false},"author":1,"featured_media":89423,"comment_status":"open","ping_status":"closed","sticky":false,"template":"","format":"standard","meta":[],"categories":[16],"tags":[],"_links":{"self":[{"href":"http:\/\/hoycordobaweb.com\/index.php\/wp-json\/wp\/v2\/posts\/89422"}],"collection":[{"href":"http:\/\/hoycordobaweb.com\/index.php\/wp-json\/wp\/v2\/posts"}],"about":[{"href":"http:\/\/hoycordobaweb.com\/index.php\/wp-json\/wp\/v2\/types\/post"}],"author":[{"embeddable":true,"href":"http:\/\/hoycordobaweb.com\/index.php\/wp-json\/wp\/v2\/users\/1"}],"replies":[{"embeddable":true,"href":"http:\/\/hoycordobaweb.com\/index.php\/wp-json\/wp\/v2\/comments?post=89422"}],"version-history":[{"count":0,"href":"http:\/\/hoycordobaweb.com\/index.php\/wp-json\/wp\/v2\/posts\/89422\/revisions"}],"wp:featuredmedia":[{"embeddable":true,"href":"http:\/\/hoycordobaweb.com\/index.php\/wp-json\/wp\/v2\/media\/89423"}],"wp:attachment":[{"href":"http:\/\/hoycordobaweb.com\/index.php\/wp-json\/wp\/v2\/media?parent=89422"}],"wp:term":[{"taxonomy":"category","embeddable":true,"href":"http:\/\/hoycordobaweb.com\/index.php\/wp-json\/wp\/v2\/categories?post=89422"},{"taxonomy":"post_tag","embeddable":true,"href":"http:\/\/hoycordobaweb.com\/index.php\/wp-json\/wp\/v2\/tags?post=89422"}],"curies":[{"name":"wp","href":"https:\/\/api.w.org\/{rel}","templated":true}]}}