{"id":89420,"date":"2024-11-23T23:30:34","date_gmt":"2024-11-23T23:30:34","guid":{"rendered":"https:\/\/www.ole.com.ar\/equipos\/racing\/racing_0_f5R5TJzJjO.html"},"modified":"2024-11-23T23:30:34","modified_gmt":"2024-11-23T23:30:34","slug":"costas-no-somos-ni-millonarios-ni-la-mitad-mas-uno-somos-distintos","status":"publish","type":"post","link":"http:\/\/hoycordobaweb.com\/index.php\/2024\/11\/23\/costas-no-somos-ni-millonarios-ni-la-mitad-mas-uno-somos-distintos\/","title":{"rendered":"Costas: \u00abNo somos ni millonarios, ni la mitad m\u00e1s uno,\u00a0somos\u00a0distintos\u00bb"},"content":{"rendered":"<p><img src=\"http:\/\/hoycordobaweb.com\/wp-content\/uploads\/2024\/11\/costas-no-somos-ni-millonarios-ni-la-mitad-mas-uno-somos-distintos.jpg\"><\/p>\n<p><span class=\"createDate\">23\/11\/2024 20:30hs.<\/span><time class=\"modificatedDate\" datetime=\"2024-11-23T20:59:15-03:00\"> Actualizado al 23\/11\/2024 20:59hs.<\/time><\/p>\n<div id=\"storyBody\">\n<div class=\"custom-text \" readability=\"36.244845360825\">\n<p>Es un hinchas m\u00e1s, es el hincha N\u00b0 1. <strong><a href=\"https:\/\/www.ole.com.ar\/tema\/gustavo-costas.html\" title=\"Gustavo Costas\" alt=\"Gustavo Costas\" class=\"slug\">Gustavo Costas<\/a> vive esta consagraci\u00f3n de una manera especial, una manera diferente. <\/strong>Porque as\u00ed es \u00e9l. Porque as\u00ed es <a href=\"https:\/\/www.ole.com.ar\/tema\/racing.html\" title=\"Racing\" alt=\"Racing\" class=\"slug\">Racing<\/a>. Y lo sabe muy bien. <strong>\u00abNo somos ni millonarios, ni la mitad m\u00e1s uno,&nbsp;somos&nbsp;distintos\u00bb<\/strong>, remarc\u00f3 en plena conferencia de prensa, luego de la obtenci\u00f3n de la <a href=\"https:\/\/www.ole.com.ar\/tema\/copa-sudamericana.html\" title=\"Copa Sudamericana\" alt=\"Copa Sudamericana\" class=\"slug\">Copa Sudamericana<\/a> tras vencer por 2-1 a <a href=\"https:\/\/www.ole.com.ar\/tema\/cruzeiro.html\" title=\"Cruzeiro\" alt=\"Cruzeiro\" class=\"slug\">Cruzeiro<\/a> en Asunci\u00f3n.<\/p>\n<\/div>\n<div type=\"embed\" class=\"sc-3f46f5ae-0 djVTgz\">\n<div class=\"sc-3f46f5ae-1 fTjZec videoText\" id=\"contentTitleembed7UeEWTT6\" type=\"embed\"><svg fill=\"#ffffff\"><symbol id=\"play\" viewBox=\"0 0 512 512\"><path d=\"M512 256C512 397.4 397.4 512 256 512C114.6 512 0 397.4 0 256C0 114.6 114.6 0 256 0C397.4 0 512 114.6 512 256zM176 168V344C176 352.7 180.7 360.7 188.3 364.9C195.8 369.2 205.1 369 212.5 364.5L356.5 276.5C363.6 272.1 368 264.4 368 256C368 247.6 363.6 239.9 356.5 235.5L212.5 147.5C205.1 142.1 195.8 142.8 188.3 147.1C180.7 151.3 176 159.3 176 168V168z\" \/><\/symbol><use xlink:href=\"#play\" \/><\/svg><\/p>\n<div class=\"right\">\n<p>Copa Sudamericana<!-- --> &#8211;<!-- --> <span>&nbsp;<\/span><\/p>\n<h2 class=\"title-vid\">El resumen de la victoria de Racing para obtener la Copa Sudamericana<\/h2>\n<\/div>\n<\/div>\n<p><span class=\"back\" id=\"spanBackembed7UeEWTT6\"><\/span><\/div>\n<div class=\"custom-text \" readability=\"40.221518987342\">\n<p>El amor y la devoci\u00f3n del entrenador con la Academia est\u00e1 siempre. Estuvo desde que naci\u00f3, estuvo cuando fue jugador y se profundiz\u00f3 en la Nueva Olla. Festeja, grita, canta, se abraza. Es un fan\u00e1tico m\u00e1s pero con el buzo de DT puesto desde comienzos de este 2024. <strong>\u00abTen\u00edamos que sufrir, somos <a href=\"https:\/\/www.ole.com.ar\/tema\/racing.html\" title=\"Racing\" alt=\"Racing\" class=\"slug\">Racing<\/a>\u00ab, afirm\u00f3.<\/strong><\/p>\n<\/div>\n<div class=\"custom-text \" readability=\"39.398496240602\">\n<p><strong>\u00abEste grupo se lo merece. Lo que hizo la gente de <a href=\"https:\/\/www.ole.com.ar\/tema\/racing.html\" title=\"Racing\" alt=\"Racing\" class=\"slug\">Racing <\/a>es extraordinario. No somos millonarios, ni la mitad m\u00e1s uno, pero somos distintos a todos\u00bb<\/strong>, remarc\u00f3 el padre de la criatura, al mismo tiempo que destac\u00f3 que est\u00e1 \u00abcontento\u00bb y \u00aborgulloso\u00bb por lo logrado por sus futbolistas, quienes \u00abrecibieron palazos\u00bb durante el a\u00f1o y le dieron una \u00abalegr\u00eda\u00bb a los hinchas luego de 36 a\u00f1os de espera.<\/p>\n<\/div>\n<div type=\"embed\" class=\"sc-3f46f5ae-0 djVTgz\">\n<div class=\"sc-3f46f5ae-1 fTjZec videoText\" id=\"contentTitleembedNfwzW0nC\" type=\"embed\"><svg fill=\"#ffffff\"><symbol id=\"play\" viewBox=\"0 0 512 512\"><path d=\"M512 256C512 397.4 397.4 512 256 512C114.6 512 0 397.4 0 256C0 114.6 114.6 0 256 0C397.4 0 512 114.6 512 256zM176 168V344C176 352.7 180.7 360.7 188.3 364.9C195.8 369.2 205.1 369 212.5 364.5L356.5 276.5C363.6 272.1 368 264.4 368 256C368 247.6 363.6 239.9 356.5 235.5L212.5 147.5C205.1 142.1 195.8 142.8 188.3 147.1C180.7 151.3 176 159.3 176 168V168z\" \/><\/symbol><use xlink:href=\"#play\" \/><\/svg><\/p>\n<div class=\"right\">\n<p>Racing<!-- --> &#8211;<!-- --> <span>&nbsp;<\/span><\/p>\n<h2 class=\"title-vid\">El festejo de los hinchas de Racing en Asunci\u00f3n<\/h2>\n<\/div>\n<\/div>\n<p><span class=\"back\" id=\"spanBackembedNfwzW0nC\"><\/span><\/div>\n<div class=\"custom-text \" readability=\"40\">\n<p>En un momento especial, en el que logr\u00f3 su primer t\u00edtulo con la Academia como DT, Gustavo se emocion\u00f3 al recordar a \u00abtodos los que te hicieron hinchas de Racing\u00bb. <strong>\u00abPienso en mi viejo, mi abuelo, mis t\u00edos. La mitad no est\u00e1n. Te acord\u00e1s de todos ellos. Fueron ellos los que nos llevaron a la cancha de chicos y nos metieron esa droga en la sangre\u00bb<\/strong>, dijo.<\/p>\n<\/div>\n<div class=\"custom-text \" readability=\"43\">\n<p><strong>De chiquito fue la mascota del equipo, como jugador fue el que m\u00e1s presencia tuvo en la historia de la Acad\u00e9<\/strong> (337 encuentros y nueve goles) <strong>y hoy, como t\u00e9cnico, escribi\u00f3 una nueva p\u00e1gina dorada en la vida de la instituci\u00f3n. <\/strong>A Gustavo nadie le tiene que explicar lo que significa dar la cara en las malas y aportar su granito en las buenas. Claro, si debut\u00f3 en 1981, se banc\u00f3 el descenso, tuvo revancha siendo el capit\u00e1n en la vuelta a Primera y, como si fuera poco, fue campe\u00f3n de la Supercopa Sudamericana e Interamericana del 88.<\/p>\n<\/div>\n<div type=\"embed\" class=\"sc-3f46f5ae-0 djVTgz\">\n<div class=\"sc-3f46f5ae-1 fTjZec videoText\" id=\"contentTitleembedGcb9Ld3S\" type=\"embed\"><svg fill=\"#ffffff\"><symbol id=\"play\" viewBox=\"0 0 512 512\"><path d=\"M512 256C512 397.4 397.4 512 256 512C114.6 512 0 397.4 0 256C0 114.6 114.6 0 256 0C397.4 0 512 114.6 512 256zM176 168V344C176 352.7 180.7 360.7 188.3 364.9C195.8 369.2 205.1 369 212.5 364.5L356.5 276.5C363.6 272.1 368 264.4 368 256C368 247.6 363.6 239.9 356.5 235.5L212.5 147.5C205.1 142.1 195.8 142.8 188.3 147.1C180.7 151.3 176 159.3 176 168V168z\" \/><\/symbol><use xlink:href=\"#play\" \/><\/svg><\/p>\n<div class=\"right\">\n<p>Racing<!-- --> &#8211;<!-- --> <span>&nbsp;<\/span><\/p>\n<h2 class=\"title-vid\">Festejos de Racing campe\u00f3n en la Olla <\/h2>\n<\/div>\n<\/div>\n<p><span class=\"back\" id=\"spanBackembedGcb9Ld3S\"><\/span><\/div>\n<div class=\"custom-text \" readability=\"39\">\n<p><strong>Gustavo se rindi\u00f3 a los pies de los jugadores, indic\u00f3 que fueron los que lo \u00abhicieron creer\u00bb y volvi\u00f3 a hacer referencia a las duras cr\u00edticas que sufrieron durante toda la temporada.<\/strong> \u00abNos estaban moviendo el piso para que nos fu\u00e9ramos. La confianza la dieron ellos, no se quejaron nunca. El grupo se fue haciendo a palazos, eso nos dio m\u00e1s fuerzas. Lo que m\u00e1s me molesta es la falta de respeto que hay en Argentina\u00bb, dispar\u00f3.<\/p>\n<\/div>\n<p><h2>M\u00e1s frases de Costas<\/h2>\n<\/p>\n<div class=\"custom-text \" readability=\"34\">\n<p>-\u00abNo podemos ni festejar el d\u00eda que salimos campeones. No tengo verso. Seguro que vamos a pensar en el campeonato, porque ellos lo van a querer. Hay que disfrutar\u00bb.<\/p>\n<\/div>\n<div class=\"custom-text \" readability=\"36\">\n<p>-\u00abEste grupo logr\u00f3 algo incre\u00edble, nunca se vio algo igual. La gente se dio cuenta que lo m\u00e1s importante es Racing, no el t\u00e9cnico, el presidente\u00bb.<\/p>\n<\/div>\n<div class=\"custom-text \" readability=\"32\">\n<p>-\u00abNo hay que tarda treinta y pico de a\u00f1os de espera para que Racing llegue a otra final\u00bb.<\/p>\n<\/div>\n<div class=\"custom-text \" readability=\"34\">\n<p>-\u00abA la gente de Racing que disfrute. Este grupo uni\u00f3 a las generaciones. Este grupo dio un paso que todav\u00eda no nos dimos cuenta, m\u00e1s all\u00e1 de ganar la copa. Hay gente que nos quiere dividir\u00bb.<\/p>\n<\/div>\n<div class=\"sc-a7166897-0 eoLsBE\" readability=\"6\">\n<section readability=\"2\"><picture><img alt=\"Los 40 t\u00edtulos del Racing campe\u00f3n de la Sudamericana\" loading=\"lazy\" width=\"290\" height=\"290\" decoding=\"async\" data-nimg=\"1\" src=\"http:\/\/hoycordobaweb.com\/wp-content\/uploads\/2024\/11\/costas-no-somos-ni-millonarios-ni-la-mitad-mas-uno-somos-distintos-2.jpg\"><\/picture>\n<p><span>Mir\u00e1 tambi\u00e9n<\/span><\/p>\n<hr>\n<h3>Los 40 t\u00edtulos del Racing campe\u00f3n de la Sudamericana<\/h3>\n<\/p>\n<\/section>\n<\/div>\n<div class=\"sc-a7166897-0 eoLsBE\" readability=\"6\">\n<section readability=\"2\"><picture><img alt=\"Video: lo mejor de Racing campe\u00f3n de la Sudamericana 2024\" loading=\"lazy\" width=\"290\" height=\"290\" decoding=\"async\" data-nimg=\"1\" src=\"http:\/\/hoycordobaweb.com\/wp-content\/uploads\/2024\/11\/costas-no-somos-ni-millonarios-ni-la-mitad-mas-uno-somos-distintos-3.jpg\"><\/picture>\n<p><span>Mir\u00e1 tambi\u00e9n<\/span><\/p>\n<hr>\n<h3>Video: lo mejor de Racing campe\u00f3n de la Sudamericana 2024<\/h3>\n<\/p>\n<\/section>\n<\/div>\n<div class=\"sc-a7166897-0 eoLsBE\" readability=\"7\">\n<section readability=\"4\"><picture><img alt=\"Con Racing campe\u00f3n de la Sudamericana, as\u00ed qued\u00f3 el ranking t\u00edtulos en el f\u00fatbol argentino\" loading=\"lazy\" width=\"290\" height=\"290\" decoding=\"async\" data-nimg=\"1\" src=\"http:\/\/hoycordobaweb.com\/wp-content\/uploads\/2024\/11\/costas-no-somos-ni-millonarios-ni-la-mitad-mas-uno-somos-distintos-4.jpg\"><\/picture>\n<p><span>Mir\u00e1 tambi\u00e9n<\/span><\/p>\n<hr>\n<h3>Con Racing campe\u00f3n de la Sudamericana, as\u00ed qued\u00f3 el ranking t\u00edtulos en el f\u00fatbol argentino<\/h3>\n<\/p>\n<\/section>\n<\/div>\n<div class=\"sc-a7166897-0 eoLsBE\" readability=\"6\">\n<section readability=\"2\"><picture><img alt=\"Racing para la historia: campe\u00f3n de la Sudamericana\" loading=\"lazy\" width=\"290\" height=\"290\" decoding=\"async\" data-nimg=\"1\" src=\"http:\/\/hoycordobaweb.com\/wp-content\/uploads\/2024\/11\/costas-no-somos-ni-millonarios-ni-la-mitad-mas-uno-somos-distintos-5.jpg\"><\/picture>\n<p><span>Mir\u00e1 tambi\u00e9n<\/span><\/p>\n<hr>\n<h3>Racing para la historia: campe\u00f3n de la Sudamericana<\/h3>\n<\/p>\n<\/section>\n<\/div>\n<div class=\"sc-a7166897-0 eoLsBE\" readability=\"6\">\n<section readability=\"2\"><picture><img alt=\"Se suma Racing: todos los campeones en la historia de la Copa Sudamericana\" loading=\"lazy\" width=\"290\" height=\"290\" decoding=\"async\" data-nimg=\"1\" src=\"http:\/\/hoycordobaweb.com\/wp-content\/uploads\/2024\/11\/costas-no-somos-ni-millonarios-ni-la-mitad-mas-uno-somos-distintos-6.jpg\"><\/picture>\n<p><span>Mir\u00e1 tambi\u00e9n<\/span><\/p>\n<hr>\n<h3>Se suma Racing: todos los campeones en la historia de la Copa Sudamericana<\/h3>\n<\/p>\n<\/section>\n<\/div>\n<\/div>\n","protected":false},"excerpt":{"rendered":"<p>23\/11\/2024 20:30hs. Actualizado al 23\/11\/2024 20:59hs. Es un hinchas m\u00e1s, es el hincha N\u00b0 1. Gustavo Costas vive esta consagraci\u00f3n de una manera especial, una manera diferente. Porque as\u00ed es \u00e9l. Porque as\u00ed es Racing. Y lo sabe muy bien. \u00abNo somos ni millonarios, ni la mitad m\u00e1s uno,&nbsp;somos&nbsp;distintos\u00bb, remarc\u00f3 en plena conferencia de prensa, [&hellip;]<\/p>\n","protected":false},"author":1,"featured_media":89421,"comment_status":"open","ping_status":"closed","sticky":false,"template":"","format":"standard","meta":[],"categories":[16],"tags":[],"_links":{"self":[{"href":"http:\/\/hoycordobaweb.com\/index.php\/wp-json\/wp\/v2\/posts\/89420"}],"collection":[{"href":"http:\/\/hoycordobaweb.com\/index.php\/wp-json\/wp\/v2\/posts"}],"about":[{"href":"http:\/\/hoycordobaweb.com\/index.php\/wp-json\/wp\/v2\/types\/post"}],"author":[{"embeddable":true,"href":"http:\/\/hoycordobaweb.com\/index.php\/wp-json\/wp\/v2\/users\/1"}],"replies":[{"embeddable":true,"href":"http:\/\/hoycordobaweb.com\/index.php\/wp-json\/wp\/v2\/comments?post=89420"}],"version-history":[{"count":0,"href":"http:\/\/hoycordobaweb.com\/index.php\/wp-json\/wp\/v2\/posts\/89420\/revisions"}],"wp:featuredmedia":[{"embeddable":true,"href":"http:\/\/hoycordobaweb.com\/index.php\/wp-json\/wp\/v2\/media\/89421"}],"wp:attachment":[{"href":"http:\/\/hoycordobaweb.com\/index.php\/wp-json\/wp\/v2\/media?parent=89420"}],"wp:term":[{"taxonomy":"category","embeddable":true,"href":"http:\/\/hoycordobaweb.com\/index.php\/wp-json\/wp\/v2\/categories?post=89420"},{"taxonomy":"post_tag","embeddable":true,"href":"http:\/\/hoycordobaweb.com\/index.php\/wp-json\/wp\/v2\/tags?post=89420"}],"curies":[{"name":"wp","href":"https:\/\/api.w.org\/{rel}","templated":true}]}}