{"id":89337,"date":"2024-11-23T19:10:00","date_gmt":"2024-11-23T19:10:00","guid":{"rendered":"http:\/\/hoycordobaweb.com\/index.php\/2024\/11\/23\/despues-del-escandalo-por-el-jefe-anterior-nombran-a-gustavo-valverde-al-frente-de-la-fuerza-aerea\/"},"modified":"2024-11-23T19:10:00","modified_gmt":"2024-11-23T19:10:00","slug":"despues-del-escandalo-por-el-jefe-anterior-nombran-a-gustavo-valverde-al-frente-de-la-fuerza-aerea","status":"publish","type":"post","link":"http:\/\/hoycordobaweb.com\/index.php\/2024\/11\/23\/despues-del-escandalo-por-el-jefe-anterior-nombran-a-gustavo-valverde-al-frente-de-la-fuerza-aerea\/","title":{"rendered":"Despu\u00e9s del esc\u00e1ndalo por el jefe anterior, nombran a Gustavo Valverde al frente de la Fuerza A\u00e9rea"},"content":{"rendered":"<div class=\"media_block\"><\/div>\n<p>El Gobierno resolvi\u00f3 que el brigadier <strong>Gustavo Javier Valverde<\/strong> asuma como nuevo jefe del Estado Mayor General de la Fuerza A\u00e9rea Argentina. Reemplaza&nbsp;al&nbsp;brigadier general <a target=\"_blank\" href=\"https:\/\/www.perfil.com\/noticias\/politica\/quien-es-fernando-mengo-el-jefe-de-la-fuerza-aerea-que-echo-luis-petri-asi-se-gesto-su-salida.phtml\" rel=\"noopener noreferrer\"><strong>Fernando Luis Mengo<\/strong><\/a>, quien fue&nbsp;<strong><a target=\"_blank\" href=\"http:\/\/https:\/\/www.perfil.com\/noticias\/politica\/petri-dijo-que-echo-al-jefe-de-la-fuerza-aerea-porque-hay-tolerancia-cero-y-se-acordo-de-los-diarios-de-cristina.phtml\" rel=\"noopener noreferrer\">echado<\/a><\/strong>&nbsp;al&nbsp;detectarse un uso para fines privados&nbsp;de la flota de la fuerza.<\/p>\n<p>Valverde, un experimentado piloto de caza, se desempe\u00f1aba&nbsp;como jefe del Comando Conjunto Aeroespacial,&nbsp;lugar que ocupa desde enero de 2024 cuando reemplaz\u00f3 al brigadier&nbsp;<strong>Alejandro Jos\u00e9 Bisso<\/strong>.<\/p>\n<p>El brigadier Valverde es <strong>Piloto de caza A-4B, A4-C y A4-R<\/strong> y fue el Jefe del Departamento de Operaciones en Desarrollo del Comando Conjunto Aeroespacial durante el G-20.<\/p>\n<div class=\"subscription\" readability=\"6.683257918552\">\n<p> Esto no les gusta a los autoritarios <\/p>\n<div class=\"subscription__container\" readability=\"6.1467391304348\">\n<div class=\"subscription__text-wrapper\" readability=\"31.20652173913\">\n<p> El ejercicio del periodismo profesional y cr\u00edtico es un pilar fundamental de la democracia. Por eso molesta a quienes creen ser los due\u00f1os de la verdad. <\/p>\n<\/p><\/div><\/div><\/div>\n<p class=\"destacadoNota\"><a target=\"_blank\" href=\"https:\/\/www.perfil.com\/noticias\/politica\/petri-dijo-que-echo-al-jefe-de-la-fuerza-aerea-porque-hay-tolerancia-cero-y-se-acordo-de-los-diarios-de-cristina.phtml\" rel=\"noopener noreferrer\">Petri dijo que ech\u00f3 al jefe de la Fuerza A\u00e9rea porque hay \u00abtolerancia cero\u00bb y se acord\u00f3 de los diarios de Cristina<\/a><\/p>\n<p>En 2020 fue el agregado de Defensa en el Reino de Espa\u00f1a con extensi\u00f3n en el Reino de Marruecos y en el Reino de Paises Bajos. En 2021 fue instructor de vuelo en la Escuela de Cazas en el Reino de Espa\u00f1a, volando sistemas de armas F-5.<\/p>\n<p>En 2022 fue Jefe de Departamento del Comando Conjunto Aeroespacial. En 2023 fue el 2\u00b0 Comandante Operacional del Estado Mayor Conjunto. Y durante este a\u00f1o, se ha desempe\u00f1ado como<strong> Comandante Aeroespacial Conjunto<\/strong>. Es egresado del Liceo Espejo.<\/p>\n<p>\u00abSu significativa trayectoria en el mundo de la aviaci\u00f3n garantizan que, desde su nuevo rol, <strong>va a potenciar a nuestra Fuerza A\u00e9rea<\/strong>, aprovechando la inversi\u00f3n hist\u00f3rica que el gobierno se encuentra realizando para recuperar las capacidades de nuestros pilotos, como la compra de los aviones F16&#8243;, indicaron fuentes del Ministerio de Defensa.<\/p>\n<div>\n<figure class=\"image\"><img alt=\"Petri y Valverde\" src=\"http:\/\/hoycordobaweb.com\/wp-content\/uploads\/2024\/11\/despues-del-escandalo-por-el-jefe-anterior-nombran-a-gustavo-valverde-al-frente-de-la-fuerza-aerea-1.jpg\" loading=\"lazy\"><figcaption>El nuevo jefe de la Fuerza A\u00e9rea, Gustavo Javier Valverde, con el ministro de Defensa, Luis Petri.&nbsp;<\/figcaption><\/figure>\n<\/p><\/div>\n<h2>La destituci\u00f3n de&nbsp;Fernando Mengo como jefe de la Fuerza A\u00e9rea<\/h2>\n<p>El Ministerio de Defensa, encabezado por&nbsp;<a target=\"_blank\" href=\"https:\/\/www.perfil.com\/noticias\/politica\/petri-en-combate-busca-recuperar-nueve-terrenos.phtml\" rel=\"noopener noreferrer\"><strong>Luis Petri<\/strong><\/a>, anunci\u00f3 esta semana la destituci\u00f3n del brigadier <a target=\"_blank\" href=\"https:\/\/www.perfil.com\/noticias\/politica\/quien-es-fernando-mengo-el-jefe-de-la-fuerza-aerea-que-echo-luis-petri-asi-se-gesto-su-salida.phtml\" rel=\"noopener noreferrer\"><strong>Fernando Mengo<\/strong><\/a>, quien ejerc\u00eda como jefe de la Fuerza A\u00e9rea. La medida fue&nbsp;adoptada tras denuncias que se\u00f1alan un <strong>uso indebido de aeronaves oficiales<\/strong> para fines personales y casos de presunto <strong>acoso y abuso<\/strong>.<\/p>\n<p>A trav\u00e9s de un comunicado difundido en redes sociales, el ministro se\u00f1al\u00f3 que&nbsp;la medida busca \u00abgarantizar la transparencia, la \u00e9tica y el respeto a la ley\u00bb dentro de las <a target=\"_blank\" href=\"https:\/\/www.perfil.com\/noticias\/politica\/nuevos-aviones-fuerza-aerea-argentina-hughes-500.phtml\" rel=\"noopener noreferrer\"><strong>Fuerzas Armadas<\/strong><\/a>.&nbsp;Adem\u00e1s, subray\u00f3 que estos incidentes reflejan un <a target=\"_blank\" href=\"https:\/\/www.perfil.com\/noticias\/politica\/luis-petri-acuso-a-alberto-fernandez-de-destrato-persecucion-y-demonizacion-de-a-las-fuerzas-armadas.phtml\" rel=\"noopener noreferrer\"><strong>uso inadecuado de bienes p\u00fablicos<\/strong><\/a>, un comportamiento incompatible con las responsabilidades del cargo.<\/p>\n<p>\u00abEl empleo de aeronaves institucionales para fines particulares<strong> representa una violaci\u00f3n grave<\/strong> de las normativas que regulan el manejo de los recursos estatales\u00bb, se\u00f1al\u00f3. A esto se suman las acusaciones de acoso y abuso que involucran al brigadier, calificadas como <strong>\u00abfaltas grav\u00edsimas e inadmisibles\u00bb <\/strong>por el funcionario.<\/p>\n<p><img alt=\"El comunicado del Ministerio de Defensa\" src=\"http:\/\/hoycordobaweb.com\/wp-content\/uploads\/2024\/11\/despues-del-escandalo-por-el-jefe-anterior-nombran-a-gustavo-valverde-al-frente-de-la-fuerza-aerea-2.jpg\" loading=\"lazy\"><\/p>\n<p>En este sentido, Petri remarc\u00f3 en una entrevista con <em>LN+<\/em>:&nbsp;\u00abHay tolerancia cero para los abusos de poder, las irregularidades, para la utilizaci\u00f3n de bienes p\u00fablicos para cuestiones privadas. A partir de la confirmaci\u00f3n de estos <strong>32 vuelos irregulares<\/strong> decid\u00ed relevar al brigadier Mengo como jefe de la Fuerza A\u00e9rea\u00bb.<\/p>\n<p>La destituci\u00f3n&nbsp;se produjo tras una investigaci\u00f3n llevada a cabo por el periodista Federico Teijeiro, que fue quien revel\u00f3 que el brigadier habr\u00eda utilizado al menos 32 veces, y <strong>para fines personales<\/strong>, diversas aeronaves de la Fuerza A\u00e9rea. Entre los aviones utilizados identificaron&nbsp;los Beechcraft 200, con matr\u00edculas TC-111, TC-112, TC-114, TC-115, TC-117 y TC-119, as\u00ed como el T-10, previamente perteneciente a la flota presidencial.<\/p>\n<p class=\"destacadoNota\"><a target=\"_blank\" href=\"https:\/\/www.perfil.com\/noticias\/politica\/quien-es-fernando-mengo-el-jefe-de-la-fuerza-aerea-que-echo-luis-petri-asi-se-gesto-su-salida.phtml\" rel=\"noopener noreferrer\">Qui\u00e9n es Fernando Mengo el jefe saliente de la Fuerza A\u00e9rea al que apodan \u00abAlberto Fern\u00e1ndez\u00bb<\/a><\/p>\n<p>De acuerdo con los registros de vuelo de la <a target=\"_blank\" href=\"https:\/\/www.perfil.com\/noticias\/politica\/la-fuerza-aerea-de-chile-desplego-aviones-tras-un-alerta-por-supuesta-violacion-de-espacio-aereo-desde-argentina.phtml\" rel=\"noopener noreferrer\"><strong>Aeroestaci\u00f3n Militar A\u00e9rea (AMA)<\/strong><\/a>, los viajes realizados ten\u00edan como destino habitual la ruta<strong> Buenos Aires-Paran\u00e1-Buenos Aires<\/strong>, con pasajeros recurrentes como el brigadier y su pareja, la suboficial <strong>Yanina Torres<\/strong>. Seg\u00fan trascendi\u00f3, Torres tambi\u00e9n podr\u00eda enfrentar sanciones por su presunta participaci\u00f3n en el uso indebido de los recursos estatales.<\/p>\n<p>dMengo hab\u00eda asumido&nbsp;su cargo&nbsp;en enero de 2024, a trav\u00e9s del decreto 121\/2023<strong> <\/strong>firmado por Javier Milei y Luis Petri. Previamente, desempe\u00f1\u00f3 roles destacados como secretario general aeron\u00e1utico y agregado de Defensa en el Reino Unido. En julio de 2024, el Senado aval\u00f3 su ascenso al grado inmediato superior mediante el decreto 627\/2024, consolidando su posici\u00f3n en la <strong>jerarqu\u00eda militar<\/strong>. Sin embargo, estos logros quedaron eclipsados por las recientes denuncias que precipitaron su <strong>destituci\u00f3n<\/strong>.<\/p>\n<p>LT<\/p>\n","protected":false},"excerpt":{"rendered":"<p>El Gobierno resolvi\u00f3 que el brigadier Gustavo Javier Valverde asuma como nuevo jefe del Estado Mayor General de la Fuerza A\u00e9rea Argentina. Reemplaza&nbsp;al&nbsp;brigadier general Fernando Luis Mengo, quien fue&nbsp;echado&nbsp;al&nbsp;detectarse un uso para fines privados&nbsp;de la flota de la fuerza. Valverde, un experimentado piloto de caza, se desempe\u00f1aba&nbsp;como jefe del Comando Conjunto Aeroespacial,&nbsp;lugar que ocupa desde [&hellip;]<\/p>\n","protected":false},"author":1,"featured_media":89338,"comment_status":"closed","ping_status":"closed","sticky":false,"template":"","format":"standard","meta":[],"categories":[19],"tags":[668,667,669],"_links":{"self":[{"href":"http:\/\/hoycordobaweb.com\/index.php\/wp-json\/wp\/v2\/posts\/89337"}],"collection":[{"href":"http:\/\/hoycordobaweb.com\/index.php\/wp-json\/wp\/v2\/posts"}],"about":[{"href":"http:\/\/hoycordobaweb.com\/index.php\/wp-json\/wp\/v2\/types\/post"}],"author":[{"embeddable":true,"href":"http:\/\/hoycordobaweb.com\/index.php\/wp-json\/wp\/v2\/users\/1"}],"replies":[{"embeddable":true,"href":"http:\/\/hoycordobaweb.com\/index.php\/wp-json\/wp\/v2\/comments?post=89337"}],"version-history":[{"count":0,"href":"http:\/\/hoycordobaweb.com\/index.php\/wp-json\/wp\/v2\/posts\/89337\/revisions"}],"wp:featuredmedia":[{"embeddable":true,"href":"http:\/\/hoycordobaweb.com\/index.php\/wp-json\/wp\/v2\/media\/89338"}],"wp:attachment":[{"href":"http:\/\/hoycordobaweb.com\/index.php\/wp-json\/wp\/v2\/media?parent=89337"}],"wp:term":[{"taxonomy":"category","embeddable":true,"href":"http:\/\/hoycordobaweb.com\/index.php\/wp-json\/wp\/v2\/categories?post=89337"},{"taxonomy":"post_tag","embeddable":true,"href":"http:\/\/hoycordobaweb.com\/index.php\/wp-json\/wp\/v2\/tags?post=89337"}],"curies":[{"name":"wp","href":"https:\/\/api.w.org\/{rel}","templated":true}]}}