{"id":89329,"date":"2024-11-23T12:45:01","date_gmt":"2024-11-23T12:45:01","guid":{"rendered":"https:\/\/www.mujerhoy.com\/moda\/tendencias\/tops-asimetricos-tendencia-influencers-zara-20241123134453-nt.html"},"modified":"2024-11-23T12:45:01","modified_gmt":"2024-11-23T12:45:01","slug":"las-influencers-llevan-estos-tops-asimetricos-tendencia-que-necesitas-para-verte-super-estilosa","status":"publish","type":"post","link":"http:\/\/hoycordobaweb.com\/index.php\/2024\/11\/23\/las-influencers-llevan-estos-tops-asimetricos-tendencia-que-necesitas-para-verte-super-estilosa\/","title":{"rendered":"Las influencers\u00a0llevan estos tops asim\u00e9tricos tendencia que necesitas para verte super estilosa"},"content":{"rendered":"<p><!-- AUTHOR --> <\/p>\n<div class=\"voc-author-timesocial \"> <!-- AUTHOR --> <\/p>\n<div class=\"voc-author-timesocial__signature \">\n<div class=\"voc-author-timesocial__img-c\"> <!-- IMAGE AUTHOR --> <picture class=\"voc-image-signature\"> <img class=\"voc-image-signature__img\" src=\"http:\/\/hoycordobaweb.com\/wp-content\/uploads\/2024\/11\/las-influencers-llevan-estos-tops-asimetricos-tendencia-que-necesitas-para-verte-super-estilosa.jpg\" alt=\"Elena Olivero\"> <\/picture> <\/div>\n<p> <!-- INFO AUTHOR --> <\/div><\/div>\n<p> <!-- COMPONENTS --> <\/p>\n<p class=\"voc-paragraph\" data-mrf-recirculation=\"Link art\u00edculo\">El \u00e9xito del <a data-voc-vtm-id=\"in-text-traffic\" href=\"https:\/\/www.mujerhoy.com\/moda\/no-te-pierdas\/camisetas-escote-bardot-basicos-elegantes-otono-stradivarius-pullandbear-20241002124913-nt.html\" data-mrf-link=\"https:\/\/www.mujerhoy.com\/moda\/no-te-pierdas\/camisetas-escote-bardot-basicos-elegantes-otono-stradivarius-pullandbear-20241002124913-nt.html\">escote bardot<\/a> en el street style confirma que los hombros al descubierto son una manera muy favorecedora de vestir, tan sensual como elegante. Si a esto le sumamos la vuelta de las tendencias dosmileras y su est\u00e9tica moderna y transgresora, el resultado que nos da son las <strong>prendas virales asim\u00e9tricas<\/strong>. S\u00ed, ahora se llevan much\u00edsimo las <a data-voc-vtm-id=\"in-text-traffic\" href=\"https:\/\/www.mujerhoy.com\/moda\/tendencias\/faldas-asimetricas-tendencias-dosmilera-instagram-mango-pullandbear-20240722131119-nt.html\" data-mrf-link=\"https:\/\/www.mujerhoy.com\/moda\/tendencias\/faldas-asimetricas-tendencias-dosmilera-instagram-mango-pullandbear-20240722131119-nt.html\">asimetr\u00edas tanto en faldas<\/a><br \/>\n, como en vestidos y cuellos.\n<\/p>\n<p class=\"voc-paragraph\" data-mrf-recirculation=\"Link art\u00edculo\">Por eso, Zara que siempre est\u00e1 al tanto de todo lo que triunfa en moda para asegurarse las mejores ventas, ha incluido este tipo de dise\u00f1os en su nueva colecci\u00f3n y lo cierto es que de cara a tus pr\u00f3ximos eventos o todas esas <a data-voc-vtm-id=\"in-text-traffic\" href=\"https:\/\/www.mujerhoy.com\/moda\/no-te-pierdas\/basicos-hm-cena-de-empresa-navidad-20241117125758-nt.html\" data-mrf-link=\"https:\/\/www.mujerhoy.com\/moda\/no-te-pierdas\/basicos-hm-cena-de-empresa-navidad-20241117125758-nt.html\">quedadas por navidad<\/a> que se aproximan, las vas a querer lucir. As\u00ed que, copia a las influencers para vestir de maravilla con estos <strong>tops asim\u00e9tricos<\/strong> con los que ir a la \u00faltima.\n<\/p>\n<p><h3 class=\"voc-detail__title\"> La tendencia de los tops asim\u00e9tricos de Zara<br \/>\n<\/h3>\n<\/p>\n<div class=\"voc-detail-photo-zoom\"> <picture data-toggle=\"modal\" data-target=\"#photoZoomModal-723\" target=\"modal\">\n<div class=\"voc-img-icon-link\"> <img loading=\"lazy\" src=\"http:\/\/hoycordobaweb.com\/wp-content\/uploads\/2024\/11\/las-influencers-llevan-estos-tops-asimetricos-tendencia-que-necesitas-para-verte-super-estilosa.webp\" width=\"650\" height=\"900\" alt=\"Top asim\u00e9trico de lunares\"> <noscript> <img src=\"http:\/\/hoycordobaweb.com\/wp-content\/uploads\/2024\/11\/las-influencers-llevan-estos-tops-asimetricos-tendencia-que-necesitas-para-verte-super-estilosa.webp\" alt=\"Top asim\u00e9trico de lunares\"> <\/noscript> <i class=\"voc-icons zoom voc-multimedia-box voc-ico-l\"><\/i> <\/div><figcaption class=\"figure-caption\">Top asim\u00e9trico de lunares<\/figcaption><\/picture>\n<\/div>\n<div id=\"photoZoomModal-723\" class=\"voc-lightbox modal fade voc-lightbox--photo-zoom\" role=\"dialog\" data-voc-photozoom-lightbox>\n<div class=\"voc-lightbox__dialog\" role=\"document\">\n<div class=\"voc-lightbox__content\"> <!-- Modal header --> <!-- Modal content --> <\/p>\n<div class=\"voc-lightbox__photo-container\"> <picture class> <img loading=\"lazy\" src=\"http:\/\/hoycordobaweb.com\/wp-content\/uploads\/2024\/11\/las-influencers-llevan-estos-tops-asimetricos-tendencia-que-necesitas-para-verte-super-estilosa.webp\" alt=\"Top asim\u00e9trico de lunares\"> <noscript> <img src=\"http:\/\/hoycordobaweb.com\/wp-content\/uploads\/2024\/11\/las-influencers-llevan-estos-tops-asimetricos-tendencia-que-necesitas-para-verte-super-estilosa.webp\" alt=\"Top asim\u00e9trico de lunares\"> <\/noscript> <\/picture> <\/div><\/div><\/div>\n<\/div>\n<p class=\"voc-paragraph\" data-mrf-recirculation=\"Link art\u00edculo\">El m\u00e1s elegante de todos para lucir con unos <a data-voc-vtm-id=\"in-text-traffic\" href=\"https:\/\/www.mujerhoy.com\/moda\/no-te-pierdas\/mejores-pantalones-pinzas-color-negro-basicos-temporada-20241110104333-nt.html\" data-mrf-link=\"https:\/\/www.mujerhoy.com\/moda\/no-te-pierdas\/mejores-pantalones-pinzas-color-negro-basicos-temporada-20241110104333-nt.html\">pantalones de traje negro<\/a> o una falda midi y zapatos de tac\u00f3n kitten, es este <strong>top satinado con estampado de lunares<\/strong> en blanco y negro. Cuenta con escote asim\u00e9trico. Un hombro queda al descubierto y en el otro lado incorpora una manga abullonada con hombrera. Est\u00e1 fruncido. Y, queda fluido. C\u00f3mpralo a 35,95 euros.\n<\/p>\n<div class=\"voc-detail-photo-zoom\"> <picture data-toggle=\"modal\" data-target=\"#photoZoomModal-540\" target=\"modal\">\n<div class=\"voc-img-icon-link\"> <img loading=\"lazy\" src=\"http:\/\/hoycordobaweb.com\/wp-content\/uploads\/2024\/11\/las-influencers-llevan-estos-tops-asimetricos-tendencia-que-necesitas-para-verte-super-estilosa-1.webp\" width=\"650\" height=\"900\" alt=\"Top asim\u00e9trico de punto con manga abullonada\"> <noscript> <img src=\"http:\/\/hoycordobaweb.com\/wp-content\/uploads\/2024\/11\/las-influencers-llevan-estos-tops-asimetricos-tendencia-que-necesitas-para-verte-super-estilosa-1.webp\" alt=\"Top asim\u00e9trico de punto con manga abullonada\"> <\/noscript> <i class=\"voc-icons zoom voc-multimedia-box voc-ico-l\"><\/i> <\/div><figcaption class=\"figure-caption\">Top asim\u00e9trico de punto con manga abullonada<\/figcaption><\/picture>\n<\/div>\n<div id=\"photoZoomModal-540\" class=\"voc-lightbox modal fade voc-lightbox--photo-zoom\" role=\"dialog\" data-voc-photozoom-lightbox>\n<div class=\"voc-lightbox__dialog\" role=\"document\">\n<div class=\"voc-lightbox__content\"> <!-- Modal header --> <!-- Modal content --> <\/p>\n<div class=\"voc-lightbox__photo-container\"> <picture class> <img loading=\"lazy\" src=\"http:\/\/hoycordobaweb.com\/wp-content\/uploads\/2024\/11\/las-influencers-llevan-estos-tops-asimetricos-tendencia-que-necesitas-para-verte-super-estilosa-1.webp\" alt=\"Top asim\u00e9trico de punto con manga abullonada\"> <noscript> <img src=\"http:\/\/hoycordobaweb.com\/wp-content\/uploads\/2024\/11\/las-influencers-llevan-estos-tops-asimetricos-tendencia-que-necesitas-para-verte-super-estilosa-1.webp\" alt=\"Top asim\u00e9trico de punto con manga abullonada\"> <\/noscript> <\/picture> <\/div><\/div><\/div>\n<\/div>\n<p class=\"voc-paragraph\" data-mrf-recirculation=\"Link art\u00edculo\">Para ponerte con unos leggings flare y unos <a data-voc-vtm-id=\"in-text-traffic\" href=\"https:\/\/www.mujerhoy.com\/moda\/no-te-pierdas\/botines-tacon-zapatos-otono-tendencia-mango-zara-20240921132109-nt.html\" data-mrf-link=\"https:\/\/www.mujerhoy.com\/moda\/no-te-pierdas\/botines-tacon-zapatos-otono-tendencia-mango-zara-20240921132109-nt.html\">botines de tac\u00f3n<\/a> e ir super elegante, en un total look negro, apuesta por este <strong>top asim\u00e9trico de punto liso<\/strong>. Queda ce\u00f1ido a la cintura pero es el\u00e1stico, muy c\u00f3modo. Y, tiene un hombro al descubierto y una manga larga con volumen. Su precio es de 25,95 euros.\n<\/p>\n<div class=\"voc-detail-photo-zoom\"> <picture data-toggle=\"modal\" data-target=\"#photoZoomModal-694\" target=\"modal\">\n<div class=\"voc-img-icon-link\"> <img loading=\"lazy\" src=\"http:\/\/hoycordobaweb.com\/wp-content\/uploads\/2024\/11\/las-influencers-llevan-estos-tops-asimetricos-tendencia-que-necesitas-para-verte-super-estilosa-2.webp\" width=\"650\" height=\"900\" alt=\"Top con escote asim\u00e9trico burdeos\"> <noscript> <img src=\"http:\/\/hoycordobaweb.com\/wp-content\/uploads\/2024\/11\/las-influencers-llevan-estos-tops-asimetricos-tendencia-que-necesitas-para-verte-super-estilosa-2.webp\" alt=\"Top con escote asim\u00e9trico burdeos\"> <\/noscript> <i class=\"voc-icons zoom voc-multimedia-box voc-ico-l\"><\/i> <\/div><figcaption class=\"figure-caption\">Top con escote asim\u00e9trico burdeos<\/figcaption><\/picture>\n<\/div>\n<div id=\"photoZoomModal-694\" class=\"voc-lightbox modal fade voc-lightbox--photo-zoom\" role=\"dialog\" data-voc-photozoom-lightbox>\n<div class=\"voc-lightbox__dialog\" role=\"document\">\n<div class=\"voc-lightbox__content\"> <!-- Modal header --> <!-- Modal content --> <\/p>\n<div class=\"voc-lightbox__photo-container\"> <picture class> <img loading=\"lazy\" src=\"http:\/\/hoycordobaweb.com\/wp-content\/uploads\/2024\/11\/las-influencers-llevan-estos-tops-asimetricos-tendencia-que-necesitas-para-verte-super-estilosa-2.webp\" alt=\"Top con escote asim\u00e9trico burdeos\"> <noscript> <img src=\"http:\/\/hoycordobaweb.com\/wp-content\/uploads\/2024\/11\/las-influencers-llevan-estos-tops-asimetricos-tendencia-que-necesitas-para-verte-super-estilosa-2.webp\" alt=\"Top con escote asim\u00e9trico burdeos\"> <\/noscript> <\/picture> <\/div><\/div><\/div>\n<\/div>\n<p class=\"voc-paragraph\" data-mrf-recirculation=\"Link art\u00edculo\">Perfecto para llevar el color tendencia del oto\u00f1o con unos vaqueros bootcut, un <a data-voc-vtm-id=\"in-text-traffic\" href=\"https:\/\/www.mujerhoy.com\/moda\/tendencias\/cinturones-tendencia-accesorios-virales-influencers-otono-invierno-zara-mango-bershka-20241112081803-nt.html\" data-mrf-link=\"https:\/\/www.mujerhoy.com\/moda\/tendencias\/cinturones-tendencia-accesorios-virales-influencers-otono-invierno-zara-mango-bershka-20241112081803-nt.html\">cintur\u00f3n con tachas<\/a> y unos <a data-voc-vtm-id=\"in-text-traffic\" href=\"https:\/\/www.mujerhoy.com\/moda\/tendencias\/botines-cowboy-zapatos-tendencia-otono-stradivarius-corte-ingles-20241011125134-nt.html\" data-mrf-link=\"https:\/\/www.mujerhoy.com\/moda\/tendencias\/botines-cowboy-zapatos-tendencia-otono-stradivarius-corte-ingles-20241011125134-nt.html\">botines cowboy de serraje<\/a><br \/>\n, es este <strong>top asim\u00e9trico en tono burdeos<\/strong>. Deja uno de los hombros al descubierto. Se entalla al cuerpo con detalles fruncidos. Y, tiene dos mangas largas. Adem\u00e1s, el bajo tambi\u00e9n es asim\u00e9trico. Cuesta 19,95 euros.\n<\/p>\n<div class=\"voc-detail-photo-zoom\"> <picture data-toggle=\"modal\" data-target=\"#photoZoomModal-634\" target=\"modal\">\n<div class=\"voc-img-icon-link\"> <img loading=\"lazy\" src=\"http:\/\/hoycordobaweb.com\/wp-content\/uploads\/2024\/11\/las-influencers-llevan-estos-tops-asimetricos-tendencia-que-necesitas-para-verte-super-estilosa-3.webp\" width=\"650\" height=\"900\" alt=\"Top asim\u00e9trico satinado\"> <noscript> <img src=\"http:\/\/hoycordobaweb.com\/wp-content\/uploads\/2024\/11\/las-influencers-llevan-estos-tops-asimetricos-tendencia-que-necesitas-para-verte-super-estilosa-3.webp\" alt=\"Top asim\u00e9trico satinado\"> <\/noscript> <i class=\"voc-icons zoom voc-multimedia-box voc-ico-l\"><\/i> <\/div><figcaption class=\"figure-caption\">Top asim\u00e9trico satinado<\/figcaption><\/picture>\n<\/div>\n<div id=\"photoZoomModal-634\" class=\"voc-lightbox modal fade voc-lightbox--photo-zoom\" role=\"dialog\" data-voc-photozoom-lightbox>\n<div class=\"voc-lightbox__dialog\" role=\"document\">\n<div class=\"voc-lightbox__content\"> <!-- Modal header --> <!-- Modal content --> <\/p>\n<div class=\"voc-lightbox__photo-container\"> <picture class> <img loading=\"lazy\" src=\"http:\/\/hoycordobaweb.com\/wp-content\/uploads\/2024\/11\/las-influencers-llevan-estos-tops-asimetricos-tendencia-que-necesitas-para-verte-super-estilosa-3.webp\" alt=\"Top asim\u00e9trico satinado\"> <noscript> <img src=\"http:\/\/hoycordobaweb.com\/wp-content\/uploads\/2024\/11\/las-influencers-llevan-estos-tops-asimetricos-tendencia-que-necesitas-para-verte-super-estilosa-3.webp\" alt=\"Top asim\u00e9trico satinado\"> <\/noscript> <\/picture> <\/div><\/div><\/div>\n<\/div>\n<p class=\"voc-paragraph\" data-mrf-recirculation=\"Link art\u00edculo\">Para verte elegant\u00edsima con un <a data-voc-vtm-id=\"in-text-traffic\" href=\"https:\/\/www.mujerhoy.com\/moda\/tendencias\/como-llevar-color-marron-chocolate-tendencia-otono-truco-estilo-mujeres-50-anos-20241025131329-nt.html\" data-mrf-link=\"https:\/\/www.mujerhoy.com\/moda\/tendencias\/como-llevar-color-marron-chocolate-tendencia-otono-truco-estilo-mujeres-50-anos-20241025131329-nt.html\">conjunto en marr\u00f3n chocolate<\/a><br \/>\n, junto a unos pendientes dorados, combina una falda de sat\u00e9n midi con este <strong>top asim\u00e9trico en tejido satinado<\/strong>. Cuenta con mangas largas acabadas en pu\u00f1o. El cuello est\u00e1 enrollado y deja un hombro al descubierto. Y, queda fluido y holgado. Hazte con \u00e9l a 49,95 euros.\n<\/p>\n<div class=\"voc-detail-photo-zoom\"> <picture data-toggle=\"modal\" data-target=\"#photoZoomModal-606\" target=\"modal\">\n<div class=\"voc-img-icon-link\"> <img loading=\"lazy\" src=\"http:\/\/hoycordobaweb.com\/wp-content\/uploads\/2024\/11\/las-influencers-llevan-estos-tops-asimetricos-tendencia-que-necesitas-para-verte-super-estilosa-4.webp\" width=\"650\" height=\"900\" alt=\"Top asim\u00e9trico con detalle de abalorios\"> <noscript> <img src=\"http:\/\/hoycordobaweb.com\/wp-content\/uploads\/2024\/11\/las-influencers-llevan-estos-tops-asimetricos-tendencia-que-necesitas-para-verte-super-estilosa-4.webp\" alt=\"Top asim\u00e9trico con detalle de abalorios\"> <\/noscript> <i class=\"voc-icons zoom voc-multimedia-box voc-ico-l\"><\/i> <\/div><figcaption class=\"figure-caption\">Top asim\u00e9trico con detalle de abalorios<\/figcaption><\/picture>\n<\/div>\n<div id=\"photoZoomModal-606\" class=\"voc-lightbox modal fade voc-lightbox--photo-zoom\" role=\"dialog\" data-voc-photozoom-lightbox>\n<div class=\"voc-lightbox__dialog\" role=\"document\">\n<div class=\"voc-lightbox__content\"> <!-- Modal header --> <!-- Modal content --> <\/p>\n<div class=\"voc-lightbox__photo-container\"> <picture class> <img loading=\"lazy\" src=\"http:\/\/hoycordobaweb.com\/wp-content\/uploads\/2024\/11\/las-influencers-llevan-estos-tops-asimetricos-tendencia-que-necesitas-para-verte-super-estilosa-4.webp\" alt=\"Top asim\u00e9trico con detalle de abalorios\"> <noscript> <img src=\"http:\/\/hoycordobaweb.com\/wp-content\/uploads\/2024\/11\/las-influencers-llevan-estos-tops-asimetricos-tendencia-que-necesitas-para-verte-super-estilosa-4.webp\" alt=\"Top asim\u00e9trico con detalle de abalorios\"> <\/noscript> <\/picture> <\/div><\/div><\/div>\n<\/div>\n<p class=\"voc-paragraph\" data-mrf-recirculation=\"Link art\u00edculo\">De cara a los looks de fiesta de estas navidades, apuesta por conjuntar tus <a data-voc-vtm-id=\"in-text-traffic\" href=\"https:\/\/www.mujerhoy.com\/moda\/no-te-pierdas\/coleccion-fiesta-mango-zara-hm-novedades-prendas-navidad-20241111125615-nt.html\" data-mrf-link=\"https:\/\/www.mujerhoy.com\/moda\/no-te-pierdas\/coleccion-fiesta-mango-zara-hm-novedades-prendas-navidad-20241111125615-nt.html\">faldas de lentejuelas<\/a> con este <strong>top asim\u00e9trico adornado con detalle de abalorios brillantes<\/strong>, en color negro. Queda ajustado al cuerpo. Tiene un tirante ancho y el otro hombro est\u00e1 al descubierto. Y, cuenta con fruncidos en la cintura. Lo conseguir\u00e1s a 39,95 euros.\n<\/p>\n<div class=\"voc-detail-photo-zoom\"> <picture data-toggle=\"modal\" data-target=\"#photoZoomModal-225\" target=\"modal\">\n<div class=\"voc-img-icon-link\"> <img loading=\"lazy\" src=\"http:\/\/hoycordobaweb.com\/wp-content\/uploads\/2024\/11\/las-influencers-llevan-estos-tops-asimetricos-tendencia-que-necesitas-para-verte-super-estilosa-5.webp\" width=\"650\" height=\"900\" alt=\"Top de punto asim\u00e9trico con broche\"> <noscript> <img src=\"http:\/\/hoycordobaweb.com\/wp-content\/uploads\/2024\/11\/las-influencers-llevan-estos-tops-asimetricos-tendencia-que-necesitas-para-verte-super-estilosa-5.webp\" alt=\"Top de punto asim\u00e9trico con broche\"> <\/noscript> <i class=\"voc-icons zoom voc-multimedia-box voc-ico-l\"><\/i> <\/div><figcaption class=\"figure-caption\">Top de punto asim\u00e9trico con broche<\/figcaption><\/picture>\n<\/div>\n<div id=\"photoZoomModal-225\" class=\"voc-lightbox modal fade voc-lightbox--photo-zoom\" role=\"dialog\" data-voc-photozoom-lightbox>\n<div class=\"voc-lightbox__dialog\" role=\"document\">\n<div class=\"voc-lightbox__content\"> <!-- Modal header --> <!-- Modal content --> <\/p>\n<div class=\"voc-lightbox__photo-container\"> <picture class> <img loading=\"lazy\" src=\"http:\/\/hoycordobaweb.com\/wp-content\/uploads\/2024\/11\/las-influencers-llevan-estos-tops-asimetricos-tendencia-que-necesitas-para-verte-super-estilosa-5.webp\" alt=\"Top de punto asim\u00e9trico con broche\"> <noscript> <img src=\"http:\/\/hoycordobaweb.com\/wp-content\/uploads\/2024\/11\/las-influencers-llevan-estos-tops-asimetricos-tendencia-que-necesitas-para-verte-super-estilosa-5.webp\" alt=\"Top de punto asim\u00e9trico con broche\"> <\/noscript> <\/picture> <\/div><\/div><\/div>\n<\/div>\n<p class=\"voc-paragraph\" data-mrf-recirculation=\"Link art\u00edculo\">Para ir a la oficina con una <a data-voc-vtm-id=\"in-text-traffic\" href=\"https:\/\/www.mujerhoy.com\/moda\/no-te-pierdas\/faldas-efecto-piel-basicos-otono-elegantes-mango-hym-20241014130629-nt.html\" data-mrf-link=\"https:\/\/www.mujerhoy.com\/moda\/no-te-pierdas\/faldas-efecto-piel-basicos-otono-elegantes-mango-hym-20241014130629-nt.html\">falda de cuero<\/a> o unos pantalones de vestir, gabardinas cl\u00e1sicas y mocasines, ficha este <strong>top de punto asim\u00e9trico en azul marino<\/strong>. Cuenta con cuello subido. Se amolda al cuerpo. Una de las mangas es corta y la otra sisa, con el hombro al aire. Y, se adorna con broche met\u00e1lico dorado que le da un toque lujoso y sofisticado. Est\u00e1 disponible a 22,95 euros.\n<\/p>\n<div class=\"voc-detail-photo-zoom\"> <picture data-toggle=\"modal\" data-target=\"#photoZoomModal-411\" target=\"modal\">\n<div class=\"voc-img-icon-link\"> <img loading=\"lazy\" src=\"http:\/\/hoycordobaweb.com\/wp-content\/uploads\/2024\/11\/las-influencers-llevan-estos-tops-asimetricos-tendencia-que-necesitas-para-verte-super-estilosa-6.webp\" width=\"650\" height=\"900\" alt=\"Top asim\u00e9trico fruncido en blanco\"> <noscript> <img src=\"http:\/\/hoycordobaweb.com\/wp-content\/uploads\/2024\/11\/las-influencers-llevan-estos-tops-asimetricos-tendencia-que-necesitas-para-verte-super-estilosa-6.webp\" alt=\"Top asim\u00e9trico fruncido en blanco\"> <\/noscript> <i class=\"voc-icons zoom voc-multimedia-box voc-ico-l\"><\/i> <\/div><figcaption class=\"figure-caption\">Top asim\u00e9trico fruncido en blanco<\/figcaption><\/picture>\n<\/div>\n<div id=\"photoZoomModal-411\" class=\"voc-lightbox modal fade voc-lightbox--photo-zoom\" role=\"dialog\" data-voc-photozoom-lightbox>\n<div class=\"voc-lightbox__dialog\" role=\"document\">\n<div class=\"voc-lightbox__content\"> <!-- Modal header --> <!-- Modal content --> <\/p>\n<div class=\"voc-lightbox__photo-container\"> <picture class> <img loading=\"lazy\" src=\"http:\/\/hoycordobaweb.com\/wp-content\/uploads\/2024\/11\/las-influencers-llevan-estos-tops-asimetricos-tendencia-que-necesitas-para-verte-super-estilosa-6.webp\" alt=\"Top asim\u00e9trico fruncido en blanco\"> <noscript> <img src=\"http:\/\/hoycordobaweb.com\/wp-content\/uploads\/2024\/11\/las-influencers-llevan-estos-tops-asimetricos-tendencia-que-necesitas-para-verte-super-estilosa-6.webp\" alt=\"Top asim\u00e9trico fruncido en blanco\"> <\/noscript> <\/picture> <\/div><\/div><\/div>\n<\/div>\n<p class=\"voc-paragraph\" data-mrf-recirculation=\"Link art\u00edculo\">Por \u00faltimo, si est\u00e1s cansada de llevar siempre la cl\u00e1sica camisa blanca, combina tus faldas negras y <a data-voc-vtm-id=\"in-text-traffic\" href=\"https:\/\/www.mujerhoy.com\/moda\/no-te-pierdas\/abrigo-camel-favorito-mujeres-50-anos-elegante-estiloso-20241116130953-nt.html\" data-mrf-link=\"https:\/\/www.mujerhoy.com\/moda\/no-te-pierdas\/abrigo-camel-favorito-mujeres-50-anos-elegante-estiloso-20241116130953-nt.html\">abrigos camel<\/a> para verte elegant\u00edsima y moderna, con este <strong>top de popel\u00edn asim\u00e9trico color blanco<\/strong>. Est\u00e1 drapeado en los laterales. Tiene un hombro al descubierto. Queda entallado a la cintura. Y, cuenta con una manga larga. Puedes encontrarlo por 19,95 euros.\n<\/p>\n<p> <!-- TOPICS --> <\/p>\n","protected":false},"excerpt":{"rendered":"<p>El \u00e9xito del escote bardot en el street style confirma que los hombros al descubierto son una manera muy favorecedora de vestir, tan sensual como elegante. Si a esto le sumamos la vuelta de las tendencias dosmileras y su est\u00e9tica moderna y transgresora, el resultado que nos da son las prendas virales asim\u00e9tricas. S\u00ed, ahora [&hellip;]<\/p>\n","protected":false},"author":1,"featured_media":89330,"comment_status":"closed","ping_status":"closed","sticky":false,"template":"","format":"standard","meta":[],"categories":[],"tags":[],"_links":{"self":[{"href":"http:\/\/hoycordobaweb.com\/index.php\/wp-json\/wp\/v2\/posts\/89329"}],"collection":[{"href":"http:\/\/hoycordobaweb.com\/index.php\/wp-json\/wp\/v2\/posts"}],"about":[{"href":"http:\/\/hoycordobaweb.com\/index.php\/wp-json\/wp\/v2\/types\/post"}],"author":[{"embeddable":true,"href":"http:\/\/hoycordobaweb.com\/index.php\/wp-json\/wp\/v2\/users\/1"}],"replies":[{"embeddable":true,"href":"http:\/\/hoycordobaweb.com\/index.php\/wp-json\/wp\/v2\/comments?post=89329"}],"version-history":[{"count":0,"href":"http:\/\/hoycordobaweb.com\/index.php\/wp-json\/wp\/v2\/posts\/89329\/revisions"}],"wp:featuredmedia":[{"embeddable":true,"href":"http:\/\/hoycordobaweb.com\/index.php\/wp-json\/wp\/v2\/media\/89330"}],"wp:attachment":[{"href":"http:\/\/hoycordobaweb.com\/index.php\/wp-json\/wp\/v2\/media?parent=89329"}],"wp:term":[{"taxonomy":"category","embeddable":true,"href":"http:\/\/hoycordobaweb.com\/index.php\/wp-json\/wp\/v2\/categories?post=89329"},{"taxonomy":"post_tag","embeddable":true,"href":"http:\/\/hoycordobaweb.com\/index.php\/wp-json\/wp\/v2\/tags?post=89329"}],"curies":[{"name":"wp","href":"https:\/\/api.w.org\/{rel}","templated":true}]}}