{"id":89321,"date":"2024-11-23T02:55:49","date_gmt":"2024-11-23T02:55:49","guid":{"rendered":"https:\/\/www.ole.com.ar\/internacional\/espana\/valencia-vs-real-betis-liga-espana-hora-dia-ver-tv_0_Jc9PtIBXpi.html"},"modified":"2024-11-23T02:55:49","modified_gmt":"2024-11-23T02:55:49","slug":"valencia-vs-real-betis-por-la-liga-de-espana-dia-hora-y-como-ver-en-vivo","status":"publish","type":"post","link":"http:\/\/hoycordobaweb.com\/index.php\/2024\/11\/23\/valencia-vs-real-betis-por-la-liga-de-espana-dia-hora-y-como-ver-en-vivo\/","title":{"rendered":"Valencia vs. Real Betis, por la Liga de Espa\u00f1a: d\u00eda, hora y c\u00f3mo ver en vivo"},"content":{"rendered":"<p><img src=\"http:\/\/hoycordobaweb.com\/wp-content\/uploads\/2024\/11\/valencia-vs-real-betis-por-la-liga-de-espana-dia-hora-y-como-ver-en-vivo.jpg\"><\/p>\n<p><time class=\"createDate\" datetime=\"2024-11-22T23:55:49-03:00\">22\/11\/2024 23:55hs.<\/time><\/p>\n<div id=\"storyBody\">\n<div class=\"custom-text \" readability=\"37.055900621118\">\n<p>Este s\u00e1bado 23 de noviembre, el <strong><a href=\"https:\/\/www.ole.com.ar\/tema\/valencia-fc.html\" title=\"Valencia FC\" alt=\"Valencia FC\" class=\"slug\">Valencia<\/a><\/strong>del argentino Enzo Barrenechea vuelve a la competencia tras perderse dos fechas de la liga por la cat\u00e1strofe humanitaria en la zona valenciana. Tras ello, recibe al <strong>Real Betis <\/strong>en el Estadio de Mestalla a las 10:00 hs de Argentina, por la decimotercera fecha de la Liga de Espa\u00f1a.<\/p>\n<\/div>\n<div class=\"custom-text \" readability=\"34\">\n<p>En <strong>Ol\u00e9<\/strong>, te contamos todos los detalles de este partido: horario, transmisi\u00f3n&#8230;<\/p>\n<\/div>\n<p><h2>As\u00ed llega Valencia al partido vs. Real Betis:<\/h2>\n<\/p>\n<div class=\"custom-text \" readability=\"40\">\n<p>El conjunto Che, dirigido por Rub\u00e9n Baraja, se encuentra en la \u00faltima posici\u00f3n con 8 goles a favor y 17 en contra. Con 11 partidos jugados, los locales necesitan sumar de a tres para salir del fondo de la tabla, <strong>donde se encuentran a 26 puntos del l\u00edder FC Barcelona y a cinco de Las Palmas, el decimos\u00e9ptimo.<\/strong><\/p>\n<\/div>\n<div class=\"sc-e7b891c4-0 ifHnQL image-embed\"><img alt=\"El Valencia necesita encarecidamente volver a sumar de a tres para tratar de salir del fondo de la tabla. EFE\" loading=\"lazy\" width=\"720\" height=\"100\" decoding=\"async\" data-nimg=\"1\" src=\"http:\/\/hoycordobaweb.com\/wp-content\/uploads\/2024\/11\/valencia-vs-real-betis-por-la-liga-de-espana-dia-hora-y-como-ver-en-vivo-2.jpg\"><span class=\"epigraphe\">El Valencia necesita encarecidamente volver a sumar de a tres para tratar de salir del fondo de la tabla. EFE<\/span><\/div>\n<p><h3>\u00daltimos partidos de Valencia:<\/h3>\n<\/p>\n<div class=\"custom-text \">\n<ul>\n<li>Getafe 1 &#8211; 1 Valencia, domingo 27 de octubre de 2024, Liga de Espa\u00f1a<\/li>\n<\/ul>\n<\/div>\n<div class=\"custom-text \">\n<ul>\n<li>Valencia 2 &#8211; 3 Las Palmas, lunes 21 de octubre de 2024, Liga de Espa\u00f1a<\/li>\n<\/ul>\n<\/div>\n<div class=\"custom-text \">\n<ul>\n<li>Legan\u00e9s 0 &#8211; 0 Valencia, viernes 4 de octubre de 2024, Liga de Espa\u00f1a<\/li>\n<\/ul>\n<\/div>\n<div class=\"custom-text \">\n<ul>\n<li>Real Sociedad 3 &#8211; 0 Valencia, s\u00e1bado 28 de septiembre de 2024, Liga de Espa\u00f1a<\/li>\n<\/ul>\n<\/div>\n<div class=\"custom-text \">\n<ul>\n<li>Valencia 0 &#8211; 0 Osasuna, martes 24 de septiembre de 2024, Liga de Espa\u00f1a<\/li>\n<\/ul>\n<\/div>\n<div class=\"custom-text \">\n<ul>\n<li>Valencia 2 &#8211; 0 Girona, s\u00e1bado 21 de septiembre de 2024, Liga de Espa\u00f1a<\/li>\n<\/ul>\n<\/div>\n<p><h2>As\u00ed llega Real Betis al partido vs. Valencia:<\/h2>\n<\/p>\n<div class=\"custom-text \" readability=\"38\">\n<p>Por su parte, el equipo comandado por Manuel Pellegrini est\u00e1 en la s\u00e9ptima posici\u00f3n con 13 partidos jugados y a 13 puntos del l\u00edder. El Real Betis acumula 14 goles a favor y 12 en contra, con un promedio de 1.08 por partido.<strong> Buscar\u00e1 acercarse a los puestos de ingreso a la Champions League o Europa League, teniendo en cuenta que est\u00e1 en zona de Conference League.<\/strong><\/p>\n<\/div>\n<div class=\"sc-e7b891c4-0 ifHnQL image-embed\"><img alt=\"Lo Celso una de las figuras de Betis que busca seguir sumando para quedarse en los puestos altos. EFE\/Prensa Betis.\" loading=\"lazy\" width=\"720\" height=\"100\" decoding=\"async\" data-nimg=\"1\" src=\"http:\/\/hoycordobaweb.com\/wp-content\/uploads\/2024\/11\/valencia-vs-real-betis-por-la-liga-de-espana-dia-hora-y-como-ver-en-vivo-3.jpg\"><span class=\"epigraphe\">Lo Celso una de las figuras de Betis que busca seguir sumando para quedarse en los puestos altos. EFE\/Prensa Betis.<\/span><\/div>\n<p><h3>\u00daltimos partidos de Real Betis:<\/h3>\n<\/p>\n<div class=\"custom-text \">\n<ul>\n<li>Real Betis 2 &#8211; 2 Celta de Vigo, domingo 10 de noviembre de 2024, Liga de Espa\u00f1a<\/li>\n<\/ul>\n<\/div>\n<div class=\"custom-text \">\n<ul>\n<li>Real Betis 2 &#8211; 1 Celje, jueves 7 de noviembre de 2024, UEFA Conference League<\/li>\n<\/ul>\n<\/div>\n<div class=\"custom-text \">\n<ul>\n<li>Athletic Club 1 &#8211; 1 Real Betis, domingo 3 de noviembre de 2024, Liga de Espa\u00f1a<\/li>\n<\/ul>\n<\/div>\n<div class=\"custom-text \">\n<ul>\n<li>G\u00e9vora 1 &#8211; 6 Real Betis, jueves 31 de octubre de 2024, 1a. Ronda, Copa del Rey<\/li>\n<\/ul>\n<\/div>\n<div class=\"custom-text \">\n<ul>\n<li>Real Betis 1 &#8211; 0 Atl\u00e9tico Madrid, domingo 27 de octubre de 2024, Liga de Espa\u00f1a<\/li>\n<\/ul>\n<\/div>\n<div class=\"custom-text \">\n<ul>\n<li>Real Betis 1 &#8211; 1 K\u00f8benhavn, jueves 24 de octubre de 2024, UEFA Conference League<\/li>\n<\/ul>\n<\/div>\n<p><h3>\u00daltimos encuentros entre estos equipos:<\/h3>\n<\/p>\n<div class=\"custom-text \">\n<ul>\n<li>Valencia 1 &#8211; 2 Real Betis, s\u00e1bado 20 de abril de 2024, Liga de Espa\u00f1a<\/li>\n<\/ul>\n<\/div>\n<div class=\"custom-text \">\n<ul>\n<li>Real Betis 3 &#8211; 0 Valencia, domingo 1 de octubre de 2023, Liga de Espa\u00f1a<\/li>\n<\/ul>\n<\/div>\n<div class=\"custom-text \">\n<ul>\n<li>Real Betis 1 &#8211; 1 Valencia, domingo 4 de junio de 2023, Liga de Espa\u00f1a<\/li>\n<\/ul>\n<\/div>\n<div class=\"custom-text \">\n<ul>\n<li>Valencia 3 &#8211; 0 Real Betis, jueves 10 de noviembre de 2022, Liga de Espa\u00f1a<\/li>\n<\/ul>\n<\/div>\n<div class=\"custom-text \">\n<ul>\n<li>Valencia 0 &#8211; 3 Real Betis, martes 10 de mayo de 2022, Liga de Espa\u00f1a<\/li>\n<\/ul>\n<\/div>\n<div class=\"custom-text \">\n<ul>\n<li>Real Betis 1 &#8211; 1 Valencia, s\u00e1bado 23 de abril de 2022, Copa del Rey<\/li>\n<\/ul>\n<\/div>\n<p><h3>\u00bfA qu\u00e9 hora juegan Valencia vs. Real Betis?<\/h3>\n<\/p>\n<div class=\"custom-text \" readability=\"36\">\n<p>El partido se disputar\u00e1 el <strong>s\u00e1bado 23 de noviembre de 2024 a las 10:00 de Argentina,<\/strong> en el Estadio de Mestalla, Valencia, Espa\u00f1a<\/p>\n<\/div>\n<p><h3>Horario para Valencia vs Real Betis, seg\u00fan pa\u00eds:<\/h3>\n<\/p>\n<div class=\"custom-text \">\n<ul>\n<li>Argentina, Brasil, Uruguay, Paraguay, Chile : 10:00, s\u00e1bado 23 de noviembre de 2024<\/li>\n<\/ul>\n<\/div>\n<div class=\"custom-text \">\n<ul>\n<li>M\u00e9xico (DF) : 07:00, s\u00e1bado 23 de noviembre de 2024<\/li>\n<\/ul>\n<\/div>\n<div class=\"custom-text \">\n<ul>\n<li>Colombia, Ecuador, Per\u00fa, USA (costa este) : 08:00, s\u00e1bado 23 de noviembre de 2024<\/li>\n<\/ul>\n<\/div>\n<div class=\"custom-text \">\n<ul>\n<li>Venezuela, Bolivia : 09:00, s\u00e1bado 23 de noviembre de 2024<\/li>\n<\/ul>\n<\/div>\n<p><h3>\u00bfPor d\u00f3nde ver en vivo Valencia vs Real Betis?<\/h3>\n<\/p>\n<div class=\"custom-text \" readability=\"33\">\n<p>Vas a poder seguir el minuto a minuto por la web de Ol\u00e9, como siempre.<\/p>\n<\/div>\n<p><h3>Arbitraje:<\/h3>\n<\/p>\n<div class=\"custom-text \">\n<ul>\n<li>\u00c1rbitro: Ricardo De Burgos Bengoetxea<\/li>\n<\/ul>\n<\/div>\n<div class=\"custom-text \">\n<ul>\n<li>\u00c1rbitro asistente 1: Iker De Francisco Grijalba<\/li>\n<\/ul>\n<\/div>\n<div class=\"custom-text \">\n<ul>\n<li>\u00c1rbitro asistente 2: Asier P\u00e9rez de Mendiola Gonz\u00e1lez de Durana<\/li>\n<\/ul>\n<\/div>\n<div class=\"custom-text \">\n<ul>\n<li>Cuarto \u00e1rbitro: Alejandro Morilla Turri\u00f3n<\/li>\n<\/ul>\n<\/div>\n<div class=\"custom-text \">\n<ul>\n<li>VAR: Javier Iglesias Villanueva<\/li>\n<\/ul>\n<\/div>\n<div class=\"custom-text \">\n<ul>\n<li>Asistente VAR: Isidro D\u00edaz de Mera Escuderos<\/li>\n<\/ul>\n<\/div>\n<\/div>\n","protected":false},"excerpt":{"rendered":"<p>22\/11\/2024 23:55hs. Este s\u00e1bado 23 de noviembre, el Valenciadel argentino Enzo Barrenechea vuelve a la competencia tras perderse dos fechas de la liga por la cat\u00e1strofe humanitaria en la zona valenciana. Tras ello, recibe al Real Betis en el Estadio de Mestalla a las 10:00 hs de Argentina, por la decimotercera fecha de la Liga [&hellip;]<\/p>\n","protected":false},"author":1,"featured_media":89322,"comment_status":"open","ping_status":"closed","sticky":false,"template":"","format":"standard","meta":[],"categories":[16],"tags":[],"_links":{"self":[{"href":"http:\/\/hoycordobaweb.com\/index.php\/wp-json\/wp\/v2\/posts\/89321"}],"collection":[{"href":"http:\/\/hoycordobaweb.com\/index.php\/wp-json\/wp\/v2\/posts"}],"about":[{"href":"http:\/\/hoycordobaweb.com\/index.php\/wp-json\/wp\/v2\/types\/post"}],"author":[{"embeddable":true,"href":"http:\/\/hoycordobaweb.com\/index.php\/wp-json\/wp\/v2\/users\/1"}],"replies":[{"embeddable":true,"href":"http:\/\/hoycordobaweb.com\/index.php\/wp-json\/wp\/v2\/comments?post=89321"}],"version-history":[{"count":0,"href":"http:\/\/hoycordobaweb.com\/index.php\/wp-json\/wp\/v2\/posts\/89321\/revisions"}],"wp:featuredmedia":[{"embeddable":true,"href":"http:\/\/hoycordobaweb.com\/index.php\/wp-json\/wp\/v2\/media\/89322"}],"wp:attachment":[{"href":"http:\/\/hoycordobaweb.com\/index.php\/wp-json\/wp\/v2\/media?parent=89321"}],"wp:term":[{"taxonomy":"category","embeddable":true,"href":"http:\/\/hoycordobaweb.com\/index.php\/wp-json\/wp\/v2\/categories?post=89321"},{"taxonomy":"post_tag","embeddable":true,"href":"http:\/\/hoycordobaweb.com\/index.php\/wp-json\/wp\/v2\/tags?post=89321"}],"curies":[{"name":"wp","href":"https:\/\/api.w.org\/{rel}","templated":true}]}}