{"id":89120,"date":"2024-11-21T01:31:13","date_gmt":"2024-11-21T01:31:13","guid":{"rendered":"https:\/\/www.ole.com.ar\/equipos\/velez\/gustavo-quinteros-fernando-echenique-arbitraje-velez-lanus-liga-profesional-lider-campeonato_0_KgfvvQjez4.html"},"modified":"2024-11-21T01:31:13","modified_gmt":"2024-11-21T01:31:13","slug":"uno-piensa-cosas-quinteros-duro-contra-el-arbitro-de-velez-lanus","status":"publish","type":"post","link":"http:\/\/hoycordobaweb.com\/index.php\/2024\/11\/21\/uno-piensa-cosas-quinteros-duro-contra-el-arbitro-de-velez-lanus\/","title":{"rendered":"\u00abUno piensa cosas&#8230;\u00bb: Quinteros, duro contra el \u00e1rbitro de V\u00e9lez-Lan\u00fas"},"content":{"rendered":"<p><img src=\"http:\/\/hoycordobaweb.com\/wp-content\/uploads\/2024\/11\/uno-piensa-cosas-quinteros-duro-contra-el-arbitro-de-velez-lanus.jpg\"><\/p>\n<p><span class=\"createDate\">20\/11\/2024 22:31hs.<\/span><time class=\"modificatedDate\" datetime=\"2024-11-20T22:41:47-03:00\"> Actualizado al 20\/11\/2024 22:41hs.<\/time><\/p>\n<div id=\"storyBody\">\n<div class=\"custom-text \" readability=\"36\">\n<p>\u00abEs la tercera vez que nos perjudica&#8230;\u00bb. <strong>Gustavo Quinteros no pudo evitar la catarsis.<\/strong> El det\u00e9 de <strong>V\u00e9lez <\/strong>qued\u00f3 profundamente \u00abpreocupado\u00bb adem\u00e1s de enojado por el arbitraje de <strong>Fernando Echenique<\/strong>. El mismo juez al que el entrenador apunt\u00f3 por haber influido -a su criterio, negativamente- en el resultado o el devenir de los partidos que el l\u00edder del campeonato disput\u00f3 ante Boca (0-1 en la Bombonera) y Belgrano (1-1 en el Amalfitani).<\/p>\n<\/div>\n<div class=\"custom-text \" readability=\"37\">\n<p>\u00abEl an\u00e1lisis me deja un sabor muy amargo por el esfuerzo que hicieron los futbolistas en inferioridad, por las situaciones claras que volvimos a fallar y <strong>tambi\u00e9n tengo mucha angustia porque es la tercera vez que nos dirige este \u00e1rbitro y la tercera vez que nos perjudica<\/strong>\u00ab, enfatiz\u00f3 <strong>Quinteros <\/strong>luego del empate y antes de hacer un desgloce de las decisiones objetadas a <strong>Echenique<\/strong>.<\/p>\n<\/div>\n<div class=\"custom-text \" readability=\"32.750533049041\">\n<p><strong>\u00abLa primera vez fue con Boca, y no dije nada\u00bb<\/strong>, record\u00f3 GQ, quien hab\u00eda quedado cara a cara con el \u00e1rbitro en pleno campo de juego tras aquella derrota. <strong>\u00abCon Belgrano hubo un penal clar\u00edsimo que no tuvo en cuenta y esta vez, otro clar\u00edsimo a Aquino: lo tocan de atr\u00e1s y ni siquiera la fueron a ver\u00bb<\/strong>, protest\u00f3 el t\u00e9cnico en relaci\u00f3n a la acci\u00f3n que <a href=\"https:\/\/www.ole.com.ar\/futbol-de-primera\/velez-lanus-futbol-primera_0_SOBwmCIa4w.html\" target=\"_self\" title=\"el volante reclam\u00f3 un golpe que lo desestabiliz\u00f3 al entrar al \u00e1rea\" alt=\"el volante reclam\u00f3 un golpe que lo desestabiliz\u00f3 al entrar al \u00e1rea\" rel=\"noopener noreferrer\">el volante reclam\u00f3 un golpe de Felipe Pe\u00f1a que lo desestabiliz\u00f3 al entrar al \u00e1rea<\/a> durante el segundo tiempo.<\/p>\n<\/div>\n<div type=\"embed\" class=\"sc-3f46f5ae-0 djVTgz\">\n<div class=\"sc-3f46f5ae-1 fTjZec videoText\" id=\"contentTitleembed3eMRtP7R\" type=\"embed\"><svg fill=\"#ffffff\"><symbol id=\"play\" viewBox=\"0 0 512 512\"><path d=\"M512 256C512 397.4 397.4 512 256 512C114.6 512 0 397.4 0 256C0 114.6 114.6 0 256 0C397.4 0 512 114.6 512 256zM176 168V344C176 352.7 180.7 360.7 188.3 364.9C195.8 369.2 205.1 369 212.5 364.5L356.5 276.5C363.6 272.1 368 264.4 368 256C368 247.6 363.6 239.9 356.5 235.5L212.5 147.5C205.1 142.1 195.8 142.8 188.3 147.1C180.7 151.3 176 159.3 176 168V168z\" \/><\/symbol><use xlink:href=\"#play\" \/><\/svg><\/p>\n<div class=\"right\">\n<p>Liga Profesional<!-- --> &#8211;<!-- --> <span>&nbsp;<\/span><\/p>\n<h2 class=\"title-vid\">El penal que reclam\u00f3 V\u00e9lez<\/h2>\n<\/div>\n<\/div>\n<p><span class=\"back\" id=\"spanBackembed3eMRtP7R\"><\/span><\/div>\n<div class=\"custom-text \" readability=\"40\">\n<p>\u00ab<strong>Lo llamaron a ver una jugada en la que el futbolista de Lan\u00fas est\u00e1 tres metros adelantado<\/strong> y estuvieron entre cinco y siete minutos observ\u00e1ndola. <strong>Y por un penal claro, en el que hacen trastabillar y caer a Aquino, no lo llaman<\/strong>&#8230; La verdad es que uno piensa cosas que ojal\u00e1 no sean as\u00ed. <strong>Estamos muy preocupados por eso<\/strong>\u00ab, se explay\u00f3 Quinteros, no sin antes advertir que el partido \u00ablo tuvimos que haber ganado nosotros, que fallamos los goles: tuvimos tres o cuatro situaciones muy claras y no fuimos capaces de tener la eficacia para marcar el gol\u00bb.<\/p>\n<\/div>\n<div class=\"custom-text \" readability=\"38\">\n<p> Ahora bien: el entrenador de V\u00e9lez aclar\u00f3 que si est\u00e1 alarmado no es por el rendimiento de los refer\u00ed -de hecho, dijo que los argentinos en ese rubro se destacan a nivel sudamericano por su temperamento y conducci\u00f3n de los partidos- sino por la performance espec\u00edfica de Echenique. <strong>\u00abNo me preocupa el tema arbitral, me preocupa que hayan puesto por tercera vez a un \u00e1rbitro que no dirigi\u00f3 bien contra nosotros\u00bb<\/strong>, machach\u00f3. <\/p>\n<\/div>\n<div class=\"custom-text \" readability=\"37\">\n<p>\u00ab<strong>En este partido que para m\u00ed fue muy en contra en sus decisiones.<\/strong> Y muy evidente. La decisi\u00f3n de no ver una jugada de un penal cuando (a Aquino) lo derriban en el \u00e1rea y s\u00ed mirar una jugada donde el delantero de Lan\u00fas est\u00e1 tres metros adelantado, me preocupa. Antes nunca hab\u00eda hablado sobre ning\u00fan \u00e1rbitro. Espero que no nos dirija en estos partidos que vienen y que haya sido solo una mala actuaci\u00f3n\u00bb, a\u00f1adi\u00f3 en relaci\u00f3n al juez<\/p>\n<\/div>\n<p><h2>\u00bfQu\u00e9 dijo Quinteros sobre el rendimiento de V\u00e9lez?<\/h2>\n<\/p>\n<div class=\"sc-e7b891c4-0 ifHnQL image-embed\"><img alt=\"Fern\u00e1ndez encara a Jara en V\u00e9lez-Lan\u00fas.\" loading=\"lazy\" width=\"720\" height=\"100\" decoding=\"async\" data-nimg=\"1\" src=\"http:\/\/hoycordobaweb.com\/wp-content\/uploads\/2024\/11\/uno-piensa-cosas-quinteros-duro-contra-el-arbitro-de-velez-lanus-2.jpg\"><span class=\"epigraphe\">Fern\u00e1ndez encara a Jara en V\u00e9lez-Lan\u00fas.<\/span><\/div>\n<div class=\"custom-text \" readability=\"35\">\n<p>Quinteros no qued\u00f3 conforme con Echenique. Pero tampoco se fue chocho con el rendimiento de un V\u00e9lez nuevamente falto de tiza al momento del golpe final. <strong>\u00abEstamos fallando situaciones muy claras pero el equipo genera mucho. Aun con uno menos tuvimos tres claras para hacer el gol\u00bb,<\/strong> expres\u00f3 el DT. <\/p>\n<\/div>\n<div class=\"custom-text \" readability=\"43\">\n<p>\u00abTenemos que seguir trabajando definici\u00f3n, estar m\u00e1s tranquilos y eficaces para convertir.<strong> Nos pas\u00f3 contra Riestra: tuvimos un mano a mano, un tiro en el travesa\u00f1o, otra que tap\u00f3 el arquero con el pie.<\/strong> <strong>No estamos ligando, tampoco<\/strong>. Antes en esa seguidilla de partidos que ganamos lleg\u00e1bamos y marc\u00e1bamos. Eso nos daba confianza\u00bb, sintetiz\u00f3 <strong>Quinteros<\/strong>, quien advirti\u00f3 que pr\u00f3ximamente podr\u00eda haber rotaci\u00f3n para paliar el efecto de los traslados consecutivos: jugar\u00e1 en Mendoza ante Godoy Cruz, luego en C\u00f3rdoba por Copa Argentina contra Boca, y despu\u00e9s en Santa Fe ante Uni\u00f3n con un partido en casa como sandwich frente a Sarmiento. <\/p>\n<\/div>\n<div class=\"custom-text \" readability=\"38\">\n<p>\u00abNos la vamos a pasar viajando y jugando cada cuatro d\u00edas. <strong>Tenemos que analizar con el PF y los m\u00e9dicos y la recuperaci\u00f3n que los jugadores necesitan para rendir al 100%. <\/strong>Y si no, tenemos variantes para jugar, que para mi son titulares que por caracter\u00edsticas y entendimiento inician pr\u00e1cticamente los mismos pero hay m\u00e1s jugadores que para m\u00ed son titulares\u00bb, cerr\u00f3.<\/p>\n<\/div>\n<div class=\"sc-a7166897-0 eoLsBE\" readability=\"6\">\n<section readability=\"2\"><picture><img alt=\"Libertadores 2025: qui\u00e9nes son los 29 equipos ya clasificados\" loading=\"lazy\" width=\"290\" height=\"290\" decoding=\"async\" data-nimg=\"1\" src=\"http:\/\/hoycordobaweb.com\/wp-content\/uploads\/2024\/11\/uno-piensa-cosas-quinteros-duro-contra-el-arbitro-de-velez-lanus-3.jpg\"><\/picture>\n<p><span>Mir\u00e1 tambi\u00e9n<\/span><\/p>\n<hr>\n<h3>Libertadores 2025: qui\u00e9nes son los 29 equipos ya clasificados<\/h3>\n<\/p>\n<\/section>\n<\/div>\n<div class=\"sc-a7166897-0 eoLsBE\" readability=\"7\">\n<section readability=\"4\"><picture><img alt=\"Boca vs. Uni\u00f3n, hoy EN VIVO por la Liga Profesional: el Xeneize gana con gol de Gim\u00e9nez\" loading=\"lazy\" width=\"290\" height=\"290\" decoding=\"async\" data-nimg=\"1\" src=\"http:\/\/hoycordobaweb.com\/wp-content\/uploads\/2024\/11\/uno-piensa-cosas-quinteros-duro-contra-el-arbitro-de-velez-lanus-4.jpg\"><\/picture>\n<p><span>Mir\u00e1 tambi\u00e9n<\/span><\/p>\n<hr>\n<h3>Boca vs. Uni\u00f3n, hoy EN VIVO por la Liga Profesional: el Xeneize gana con gol de Gim\u00e9nez<\/h3>\n<\/p>\n<\/section>\n<\/div>\n<\/div>\n","protected":false},"excerpt":{"rendered":"<p>20\/11\/2024 22:31hs. Actualizado al 20\/11\/2024 22:41hs. \u00abEs la tercera vez que nos perjudica&#8230;\u00bb. Gustavo Quinteros no pudo evitar la catarsis. El det\u00e9 de V\u00e9lez qued\u00f3 profundamente \u00abpreocupado\u00bb adem\u00e1s de enojado por el arbitraje de Fernando Echenique. El mismo juez al que el entrenador apunt\u00f3 por haber influido -a su criterio, negativamente- en el resultado o [&hellip;]<\/p>\n","protected":false},"author":1,"featured_media":89121,"comment_status":"open","ping_status":"closed","sticky":false,"template":"","format":"standard","meta":[],"categories":[16],"tags":[],"_links":{"self":[{"href":"http:\/\/hoycordobaweb.com\/index.php\/wp-json\/wp\/v2\/posts\/89120"}],"collection":[{"href":"http:\/\/hoycordobaweb.com\/index.php\/wp-json\/wp\/v2\/posts"}],"about":[{"href":"http:\/\/hoycordobaweb.com\/index.php\/wp-json\/wp\/v2\/types\/post"}],"author":[{"embeddable":true,"href":"http:\/\/hoycordobaweb.com\/index.php\/wp-json\/wp\/v2\/users\/1"}],"replies":[{"embeddable":true,"href":"http:\/\/hoycordobaweb.com\/index.php\/wp-json\/wp\/v2\/comments?post=89120"}],"version-history":[{"count":0,"href":"http:\/\/hoycordobaweb.com\/index.php\/wp-json\/wp\/v2\/posts\/89120\/revisions"}],"wp:featuredmedia":[{"embeddable":true,"href":"http:\/\/hoycordobaweb.com\/index.php\/wp-json\/wp\/v2\/media\/89121"}],"wp:attachment":[{"href":"http:\/\/hoycordobaweb.com\/index.php\/wp-json\/wp\/v2\/media?parent=89120"}],"wp:term":[{"taxonomy":"category","embeddable":true,"href":"http:\/\/hoycordobaweb.com\/index.php\/wp-json\/wp\/v2\/categories?post=89120"},{"taxonomy":"post_tag","embeddable":true,"href":"http:\/\/hoycordobaweb.com\/index.php\/wp-json\/wp\/v2\/tags?post=89120"}],"curies":[{"name":"wp","href":"https:\/\/api.w.org\/{rel}","templated":true}]}}