{"id":89017,"date":"2024-11-19T11:37:57","date_gmt":"2024-11-19T11:37:57","guid":{"rendered":"https:\/\/ladecimaweb.com\/?p=30090"},"modified":"2024-11-19T11:37:57","modified_gmt":"2024-11-19T11:37:57","slug":"passerini-habilito-nueva-celda-de-enterramiento-de-residuos-en-piedras-blancas","status":"publish","type":"post","link":"http:\/\/hoycordobaweb.com\/index.php\/2024\/11\/19\/passerini-habilito-nueva-celda-de-enterramiento-de-residuos-en-piedras-blancas\/","title":{"rendered":"Passerini habilit\u00f3 nueva celda de enterramiento de residuos en Piedras Blancas"},"content":{"rendered":"<div class=\"boldgrid-section\">\n<div class=\"container\">\n<div class=\"row\">\n<div class=\"col-md-12 col-xs-12 col-sm-12\">\n<p class=\"\">Este viernes, la Municipalidad de C\u00f3rdoba comenz\u00f3 a utilizar una <strong>nueva celda de enterramiento de residuos en el Complejo Ambiental Piedras Blancas.<\/strong> Est\u00e1 dise\u00f1ada y monitorizada bajo est\u00e1ndares internacionales, siendo la primera de seis en la ampliaci\u00f3n del predio de 43 hect\u00e1reas.<\/p>\n<p class=\"\"><strong>El intendente Daniel Passerini<\/strong> junto a la presidenta de CORMECOR, Constanza Mias, participaron del acto en Piedras Blancas, sitio que actualmente recibe los Residuos S\u00f3lidos Urbanos (RSU) de C\u00f3rdoba y 33 localidades metropolitanas. Est\u00e1 ubicado a 15 kil\u00f3metros al sudoeste de la ciudad Capital, sobre la Ruta 36.<\/p>\n<p class=\"\"><em><strong>\u201cSiempre vamos a poner por arriba de todo el valor de la vida y el cuidado de nuestra casa com\u00fan.<\/strong> Esto es un motivo de orgullo para la ciudad y para todos los municipios que integran CORMECOR\u201d<\/em>, destac\u00f3 Passerini durante la habilitaci\u00f3n de la primera nueva celda de enterramiento, agradeciendo el esfuerzo de los trabajadores del predio y de los funcionarios presentes.<\/p>\n<p>Respecto a la futura instalaci\u00f3n de una planta de biog\u00e1s junto a EPEC, Passerini expres\u00f3:<span>&nbsp;<\/span><em>\u201cVamos a transformar la basura en energ\u00eda, porque hoy en C\u00f3rdoba queremos poner en valor el trabajo de la gente, que fundamentalmente hace dignas a las personas\u201d<\/em>.<\/p>\n<p><em>\u201cEste es solo el inicio de un camino que nos compromete, no solo con el presente, sino tambi\u00e9n con las generaciones futuras. La ampliaci\u00f3n del Complejo Piedras Blancas nos desaf\u00eda a seguir innovando y buscando soluciones para reducir el impacto ambiental\u201d<\/em>, fundament\u00f3 a su vez Constanza Mias, presidenta de CORMECOR, organismo gerenciador del complejo.<\/p>\n<p>Por su parte, Daniel P\u00e9rez, coordinador de la obra, valor\u00f3 la participaron por primera vez mujeres, operarias de la construcci\u00f3n que trabajaron en el sellado de la membrana de la nueva fosa.<\/p>\n<p>Agradecer a la gente que me ha acompa\u00f1ado que est\u00e1 ac\u00e1, que es lo que hemos puesto la voluntad para hacer esto. no ha sido f\u00e1cil. Agradecerle a la parte femenina que nos ayud\u00f3 por primera vez en una obra de esta clase pusieron todo para aprender y cada vez superarse m\u00e1s.<\/p>\n<p>Del acto particip\u00f3 el padre Mariano Oberlin, que bendijo a los trabajadores y las instalaciones en Piedras Blancas.<em><span>&nbsp;<\/span>\u201cUno ve tambi\u00e9n el tama\u00f1o de la fosa, la magnitud de lo que significa esto. Por ah\u00ed puede parecer cotidiano pero es un trabajo inmenso en el cual hay un mont\u00f3n de personas detr\u00e1s\u201d<\/em>.<\/p>\n<p><strong>10 a\u00f1os de vida \u00fatil<\/strong><\/p>\n<p class=\"\">El Complejo Ambiental Piedras Blancas contiene el Parque Industrial de Econom\u00eda Circular, el viejo predio de enterramiento 66 hect\u00e1reas y la ampliaci\u00f3n sum\u00f3 otras 43 hect\u00e1reas a mediados de 2022, durante la gesti\u00f3n del exintendente Mart\u00edn Llaryora.<\/p>\n<p class=\"\">Esta primera celda de enterramiento se construy\u00f3 mediante una compleja obra de ingenier\u00eda. Contempla el enterramiento seguro de los RSU, as\u00ed como la recolecci\u00f3n separada de los l\u00edquidos lixiviados y del gas metano, ambos producidos por la descomposici\u00f3n de la basura. La segunda celda se encuentra en proceso de excavaci\u00f3n.<\/p>\n<p class=\"\">Las seis celdas tienen una vida \u00fatil de 10 a\u00f1os, considerando en ese c\u00e1lculo las proyecciones de crecimiento poblacional y una mayor generaci\u00f3n de residuos per c\u00e1pita.<\/p>\n<p>El aprovechamiento de metano ser\u00e1 posible mediante una futura planta de biog\u00e1s desarrollada junto a EPEC, que transformar\u00e1 los gases producto de la descomposici\u00f3n de la basura, en energ\u00eda el\u00e9ctrica.<\/p>\n<p>&nbsp;<\/p>\n<p class=\"\">\n<div class=\"ubm_banner\"><a href=\"https:\/\/cordoba.gob.ar\/lanzamiento-del-plan-estrategico-de-abordaje-integral-y-vacunacion\/\" target=\"_blank\" rel=\"dofollow noopener noreferrer\"><img src=\"http:\/\/hoycordobaweb.com\/wp-content\/uploads\/2024\/11\/passerini-habilito-nueva-celda-de-enterramiento-de-residuos-en-piedras-blancas.gif\" alt=\"\"><\/a><\/div>\n<\/div>\n<\/div>\n<\/div>\n<\/div>\n<p>La entrada <a rel=\"nofollow\" href=\"https:\/\/ladecimaweb.com\/passerini-habilito-nueva-celda-de-enterramiento-de-residuos-en-piedras-blancas\/\">Passerini habilit\u00f3 nueva celda de enterramiento de residuos en Piedras Blancas<\/a> se public\u00f3 primero en <a rel=\"nofollow\" href=\"https:\/\/ladecimaweb.com\">LaDecima<\/a>.<\/p>\n","protected":false},"excerpt":{"rendered":"<p>Este viernes, la Municipalidad de C\u00f3rdoba comenz\u00f3 a utilizar una nueva celda de enterramiento de residuos en el Complejo Ambiental Piedras Blancas. Est\u00e1 dise\u00f1ada y monitorizada bajo est\u00e1ndares internacionales, siendo la primera de seis en la ampliaci\u00f3n del predio de 43 hect\u00e1reas. El intendente Daniel Passerini junto a la presidenta de CORMECOR, Constanza Mias, participaron [&hellip;]<\/p>\n","protected":false},"author":1,"featured_media":0,"comment_status":"closed","ping_status":"closed","sticky":false,"template":"","format":"standard","meta":[],"categories":[32],"tags":[],"_links":{"self":[{"href":"http:\/\/hoycordobaweb.com\/index.php\/wp-json\/wp\/v2\/posts\/89017"}],"collection":[{"href":"http:\/\/hoycordobaweb.com\/index.php\/wp-json\/wp\/v2\/posts"}],"about":[{"href":"http:\/\/hoycordobaweb.com\/index.php\/wp-json\/wp\/v2\/types\/post"}],"author":[{"embeddable":true,"href":"http:\/\/hoycordobaweb.com\/index.php\/wp-json\/wp\/v2\/users\/1"}],"replies":[{"embeddable":true,"href":"http:\/\/hoycordobaweb.com\/index.php\/wp-json\/wp\/v2\/comments?post=89017"}],"version-history":[{"count":0,"href":"http:\/\/hoycordobaweb.com\/index.php\/wp-json\/wp\/v2\/posts\/89017\/revisions"}],"wp:attachment":[{"href":"http:\/\/hoycordobaweb.com\/index.php\/wp-json\/wp\/v2\/media?parent=89017"}],"wp:term":[{"taxonomy":"category","embeddable":true,"href":"http:\/\/hoycordobaweb.com\/index.php\/wp-json\/wp\/v2\/categories?post=89017"},{"taxonomy":"post_tag","embeddable":true,"href":"http:\/\/hoycordobaweb.com\/index.php\/wp-json\/wp\/v2\/tags?post=89017"}],"curies":[{"name":"wp","href":"https:\/\/api.w.org\/{rel}","templated":true}]}}