{"id":88927,"date":"2024-11-19T02:13:56","date_gmt":"2024-11-19T02:13:56","guid":{"rendered":"https:\/\/www.ole.com.ar\/ascenso\/disculpo-jugador-echado-andes-lautaro-torres_0_cfNATLSu4R.html"},"modified":"2024-11-19T02:13:56","modified_gmt":"2024-11-19T02:13:56","slug":"se-disculpo-el-jugador-que-fue-echado-de-los-andes","status":"publish","type":"post","link":"http:\/\/hoycordobaweb.com\/index.php\/2024\/11\/19\/se-disculpo-el-jugador-que-fue-echado-de-los-andes\/","title":{"rendered":"Se disculp\u00f3 el jugador que fue echado de Los Andes"},"content":{"rendered":"<p><img src=\"http:\/\/hoycordobaweb.com\/wp-content\/uploads\/2024\/11\/se-disculpo-el-jugador-que-fue-echado-de-los-andes.jpg\"><\/p>\n<p><time class=\"createDate\" datetime=\"2024-11-18T23:13:56-03:00\">18\/11\/2024 23:13hs.<\/time><\/p>\n<div id=\"storyBody\">\n<div class=\"custom-text \" readability=\"32.647887323944\">\n<p><strong>Lautaro Torres<\/strong>, el futbolista que<a href=\"https:\/\/www.ole.com.ar\/ascenso\/andes-echa-futbolista-jugo-copa-potrero_0_Xkxy6upYFi.html\" target=\"_self\" title=\" fue despedido de Los Andes \" alt=\" fue despedido de Los Andes \" rel=\"noopener noreferrer\"> fue despedido de Los Andes <\/a>por participar de la Copa Potrero el d\u00eda anterior a<a href=\"https:\/\/www.ole.com.ar\/ascenso\/primera-b\/insolito-torres-volante-jugo-copa-kun-aguero-titular-final-primera-b_0_0q59SyxqN9.html\" target=\"_self\" title=\" la final ante Colegiales \" alt=\" la final ante Colegiales \" rel=\"noopener noreferrer\"> la final ante Colegiales <\/a>por el ascenso a la PN, se disculp\u00f3 por su actitud. Lo hizo a trav\u00e9s de un mensaje en su cuenta de Instagram.<strong> Acept\u00f3 su responsabilidad y su equivocaci\u00f3n.<\/strong> Adem\u00e1s, asegur\u00f3 que con su familia recibieron amenazas.<\/p>\n<\/div>\n<div class=\"custom-text \" readability=\"34\">\n<p>Torres jug\u00f3 con un nombre cambiado, pero fue r\u00e1pidamente identificado en la transmisi\u00f3n de ESPN del torneo con equipos de siete jugadores que es organizado por Sergio Ag\u00fcero. <\/p>\n<\/div>\n<p><h2><strong>Las disculpas de Lautaro Torres<\/strong><\/h2>\n<\/p>\n<div class=\"custom-text \" readability=\"37\">\n<p>\u00abQuiero expresar mis m\u00e1s sinceras disculpas por mi reciente comportamiento. Soy consciente de que mis acciones no cumplieron con las normas de este club tan grande. Fueron d\u00edas muy dif\u00edciles para m\u00ed y para mi familia ya que hemos recibido amenazas de todo tipo. Nunca fue mi intenci\u00f3n faltarles el respeto a mis compa\u00f1eros, a la instituci\u00f3n, ni a los hinchas que siempre estuvieron con nosotros\u00bb.<\/p>\n<\/div>\n<div class=\"custom-text \" readability=\"33\">\n<p>\u00abPor eso acepto que se tomen las medidas necesarias y vuelvo a disculparme con toda la gente que estuvo afectada\u00bb.<\/p>\n<\/div>\n<div class=\"custom-text \">\n<p>Lautaro Gabriel Torres<\/p>\n<\/div>\n<div class=\"sc-e7b891c4-0 ifHnQL image-embed\"><img alt=\"Las disculpas de Torres en su cuenta de Instagram.\" loading=\"lazy\" width=\"720\" height=\"100\" decoding=\"async\" data-nimg=\"1\" src=\"http:\/\/hoycordobaweb.com\/wp-content\/uploads\/2024\/11\/se-disculpo-el-jugador-que-fue-echado-de-los-andes-2.jpg\"><span class=\"epigraphe\">Las disculpas de Torres en su cuenta de Instagram.<\/span><\/div>\n<p><h2><strong>La postura de Ag\u00fcero<\/strong><\/h2>\n<\/p>\n<div class=\"custom-text \" readability=\"37.523659305994\">\n<p>El Kun habl\u00f3 tras conocerse que ya eran cuatro los futbolistas que hab\u00edan sido desvinculados por sus clubes por participar del torneo que organiza. <a href=\"https:\/\/www.ole.com.ar\/futbol-de-primera\/aguero-reacciono-clubes-echan-juegan-copa-potrero_0_9dAXN8wBkJ.html\" target=\"_self\" title=\"Culp\u00f3 a las dirigencias\" alt=\"Culp\u00f3 a las dirigencias\" rel=\"noopener noreferrer\">Culp\u00f3 a las dirigencias<\/a>. \u00ab\u00bfQu\u00e9 hacen la mayor\u00eda de los equipos del Ascenso? Aprovechan para no pagar el mes de diciembre. Buscan la excusa perfecta, y nadie dice nada. Pero yo no me meto. Entonces, no busquen la excusa. Esto es para divertirse y cada uno puede hacer lo que quiere. Ac\u00e1, todos est\u00e1n invitados. Yo no tengo problema con nadie, yo con todos me llevo bien. Me molesta porque no le hago mal a nadie. Quiero hacer las cosas que a m\u00ed me gustaban cuando yo era chico\u00bb.<\/p>\n<\/div>\n<div class=\"custom-text \" readability=\"38\">\n<p>Torres no es el \u00fanico sin club tras jugar la Copa Potrero, en todos los casos sin permiso. Juan Rom\u00e1n Zarza ser\u00e1 desvinculado de Independiente, antes del final de su pr\u00e9stamo con Excursionistas. San Lorenzo se desprendi\u00f3 de Ian Vera, mientras que Comunicaciones anunci\u00f3 que Agust\u00edn Minnicelli qued\u00f3 desafectado del plantel.<\/p>\n<\/div>\n<div class=\"sc-a7166897-0 eoLsBE\" readability=\"6\">\n<section readability=\"2\"><picture><img alt=\"Video: a Tevez le dieron para firmar una camiseta de River y la rechaz\u00f3 dos veces\" loading=\"lazy\" width=\"290\" height=\"290\" decoding=\"async\" data-nimg=\"1\" src=\"http:\/\/hoycordobaweb.com\/wp-content\/uploads\/2024\/11\/se-disculpo-el-jugador-que-fue-echado-de-los-andes-3.jpg\"><\/picture>\n<p><span>Mir\u00e1 tambi\u00e9n<\/span><\/p>\n<hr>\n<h3>Video: a Tevez le dieron para firmar una camiseta de River y la rechaz\u00f3 dos veces<\/h3>\n<\/p>\n<\/section>\n<\/div>\n<div class=\"sc-a7166897-0 eoLsBE\" readability=\"6\">\n<section readability=\"2\"><picture><img alt=\"Barovero ataj\u00f3 un penal y recre\u00f3 un ic\u00f3nico festejo para el hincha de River\" loading=\"lazy\" width=\"290\" height=\"290\" decoding=\"async\" data-nimg=\"1\" src=\"http:\/\/hoycordobaweb.com\/wp-content\/uploads\/2024\/11\/se-disculpo-el-jugador-que-fue-echado-de-los-andes-4.jpg\"><\/picture>\n<p><span>Mir\u00e1 tambi\u00e9n<\/span><\/p>\n<hr>\n<h3>Barovero ataj\u00f3 un penal y recre\u00f3 un ic\u00f3nico festejo para el hincha de River<\/h3>\n<\/p>\n<\/section>\n<\/div>\n<div class=\"sc-a7166897-0 eoLsBE\" readability=\"6\">\n<section readability=\"2\"><picture><img alt=\"Ag\u00fcero reaccion\u00f3 contra los clubes que echan a los que juegan la Copa Potrero\" loading=\"lazy\" width=\"290\" height=\"290\" decoding=\"async\" data-nimg=\"1\" src=\"http:\/\/hoycordobaweb.com\/wp-content\/uploads\/2024\/11\/se-disculpo-el-jugador-que-fue-echado-de-los-andes-5.jpg\"><\/picture>\n<p><span>Mir\u00e1 tambi\u00e9n<\/span><\/p>\n<hr>\n<h3>Ag\u00fcero reaccion\u00f3 contra los clubes que echan a los que juegan la Copa Potrero<\/h3>\n<\/p>\n<\/section>\n<\/div>\n<\/div>\n","protected":false},"excerpt":{"rendered":"<p>18\/11\/2024 23:13hs. Lautaro Torres, el futbolista que fue despedido de Los Andes por participar de la Copa Potrero el d\u00eda anterior a la final ante Colegiales por el ascenso a la PN, se disculp\u00f3 por su actitud. Lo hizo a trav\u00e9s de un mensaje en su cuenta de Instagram. Acept\u00f3 su responsabilidad y su equivocaci\u00f3n. [&hellip;]<\/p>\n","protected":false},"author":1,"featured_media":88928,"comment_status":"open","ping_status":"closed","sticky":false,"template":"","format":"standard","meta":[],"categories":[16],"tags":[],"_links":{"self":[{"href":"http:\/\/hoycordobaweb.com\/index.php\/wp-json\/wp\/v2\/posts\/88927"}],"collection":[{"href":"http:\/\/hoycordobaweb.com\/index.php\/wp-json\/wp\/v2\/posts"}],"about":[{"href":"http:\/\/hoycordobaweb.com\/index.php\/wp-json\/wp\/v2\/types\/post"}],"author":[{"embeddable":true,"href":"http:\/\/hoycordobaweb.com\/index.php\/wp-json\/wp\/v2\/users\/1"}],"replies":[{"embeddable":true,"href":"http:\/\/hoycordobaweb.com\/index.php\/wp-json\/wp\/v2\/comments?post=88927"}],"version-history":[{"count":0,"href":"http:\/\/hoycordobaweb.com\/index.php\/wp-json\/wp\/v2\/posts\/88927\/revisions"}],"wp:featuredmedia":[{"embeddable":true,"href":"http:\/\/hoycordobaweb.com\/index.php\/wp-json\/wp\/v2\/media\/88928"}],"wp:attachment":[{"href":"http:\/\/hoycordobaweb.com\/index.php\/wp-json\/wp\/v2\/media?parent=88927"}],"wp:term":[{"taxonomy":"category","embeddable":true,"href":"http:\/\/hoycordobaweb.com\/index.php\/wp-json\/wp\/v2\/categories?post=88927"},{"taxonomy":"post_tag","embeddable":true,"href":"http:\/\/hoycordobaweb.com\/index.php\/wp-json\/wp\/v2\/tags?post=88927"}],"curies":[{"name":"wp","href":"https:\/\/api.w.org\/{rel}","templated":true}]}}