{"id":88925,"date":"2024-11-19T02:27:04","date_gmt":"2024-11-19T02:27:04","guid":{"rendered":"https:\/\/www.ole.com.ar\/futbol-de-primera\/alarcon-golazo-huracan-at-tucuman-polemica_0_kdLpPrSlP4.html"},"modified":"2024-11-19T02:27:04","modified_gmt":"2024-11-19T02:27:04","slug":"golazo-de-alarcon-para-huracan-luego-de-la-polemica-con-chile","status":"publish","type":"post","link":"http:\/\/hoycordobaweb.com\/index.php\/2024\/11\/19\/golazo-de-alarcon-para-huracan-luego-de-la-polemica-con-chile\/","title":{"rendered":"Golazo de Alarc\u00f3n para Hurac\u00e1n luego de la pol\u00e9mica con Chile"},"content":{"rendered":"<p><img src=\"http:\/\/hoycordobaweb.com\/wp-content\/uploads\/2024\/11\/golazo-de-alarcon-para-huracan-luego-de-la-polemica-con-chile.jpg\"><\/p>\n<p><time class=\"createDate\" datetime=\"2024-11-18T23:27:04-03:00\">18\/11\/2024 23:27hs.<\/time><\/p>\n<div id=\"storyBody\">\n<div class=\"custom-text \" readability=\"22.409240924092\">\n<p><a href=\"https:\/\/www.ole.com.ar\/futbol-de-primera\/liga-profesional-atletico-tucuman-huracan-decano-globo-partido-futbol_0_nprKrSaL6Q.html\" target=\"_self\" title=\"Hurac\u00e1n hab\u00eda llegado al empate parcial en Tucum\u00e1n gracias a un golazo de Williams Alarc\u00f3n de tiro libre. \" alt=\"Hurac\u00e1n hab\u00eda llegado al empate parcial en Tucum\u00e1n gracias a un golazo de Williams Alarc\u00f3n de tiro libre. \" rel=\"noopener noreferrer\">Hurac\u00e1n hab\u00eda llegado al empate parcial en Tucum\u00e1n gracias a un golazo de Williams Alarc\u00f3n de tiro libre. <\/a>Perfecto derechazo del mediocampista para clavar el 2-2 en el Jos\u00e9 Fierro. Y su tanto no pas\u00f3 inadvertido por <strong>la pol\u00e9mica en la que estuvo envuelto d\u00edas atr\u00e1s con su seleccionado de Chile. <\/strong><\/p>\n<\/div>\n<div class=\"custom-text \" readability=\"39\">\n<p><strong>Alarc\u00f3n ven\u00eda arrastrando una serie de lesiones. <\/strong>Primero, una en el tend\u00f3n rotuliano de una de sus rodillas en plena fecha FIFA de octubre. Como resultado, hab\u00eda sido desafectado (tras el partido con Hurac\u00e1n) para volver a Buenos Aires a recuperarse.<strong> Volvi\u00f3 a jugar para Hurac\u00e1n en el inicio de noviembre ante Gimnasia y Newell&#8217;s (1 y 5), pero tras el encuentro en Rosario, sinti\u00f3 una molestia en uno de sus aductores que deriv\u00f3 en la desafecci\u00f3n de Ricardo Gareca para esta doble fecha de Eliminatorias.<\/strong><\/p>\n<\/div>\n<div class=\"custom-text \" readability=\"39\">\n<p><strong>Llamativamente, en una recuperaci\u00f3n veloz, cuatro d\u00edas m\u00e1s tarde sum\u00f3 minutos contra Independiente (9\/11) <\/strong>y eso desat\u00f3 cr\u00edticas del otro lado de la Cordillera. Lo acusaron de haberse borrado. Sin embargo, el propio<strong> Gareca tuvo que poner pa\u00f1os fr\u00edos y explicar lo sucedido y la decisi\u00f3n que hab\u00eda tomado como cabeza del cuerpo t\u00e9cnico.<\/strong> <strong>A su vez, el propio Alarc\u00f3n tambi\u00e9n sac\u00f3 un comunicado para expresar qu\u00e9 hab\u00eda pasado. <\/strong><\/p>\n<\/div>\n<div class=\"custom-text \" readability=\"36\">\n<p>Este lunes, en medio de la fecha FIFA, Frank Kudelka lo puso como titular ante el Decano y termin\u00f3 clavando ese golazo. <strong>No alcanz\u00f3 por la posterior derrota sobre la hora para el conjunto de Parque Patricios.<\/strong><\/p>\n<\/div>\n<div class=\"sc-e7b891c4-0 ifHnQL image-embed\"><img alt=\"Alarc\u00f3n y la pelota en Tucum\u00e1n.\" loading=\"lazy\" width=\"720\" height=\"100\" decoding=\"async\" data-nimg=\"1\" src=\"http:\/\/hoycordobaweb.com\/wp-content\/uploads\/2024\/11\/golazo-de-alarcon-para-huracan-luego-de-la-polemica-con-chile-2.jpg\"><span class=\"epigraphe\">Alarc\u00f3n y la pelota en Tucum\u00e1n.<\/span><\/div>\n<p><h2><strong>Qu\u00e9 hab\u00eda dicho Gareca del caso Alarc\u00f3n<\/strong><\/h2>\n<\/p>\n<div class=\"custom-text \" readability=\"38\">\n<p>\u201cEl jugador tiene todas las ganas de venir, se sinti\u00f3 c\u00f3modo, notamos que ten\u00eda ganas en todo momento, habr\u00e1 tenido una molestia que no est\u00e1 en lo mejor y con los doctores en forma consensuada optamos\u201d, hab\u00eda dicho el Tigre.<\/p>\n<\/div>\n<div class=\"custom-text \" readability=\"37\">\n<p>La decisi\u00f3n pasa porque para \u201c<strong>estar en la selecci\u00f3n re\u00fane un cien por cien de todo, no solo an\u00edmicamente, futbol\u00edsticamente, en todo aspecto\u201d,<\/strong> agreg\u00f3 el DT.<\/p>\n<\/div>\n<div class=\"custom-text \" readability=\"40\">\n<p>\u201cEl ven\u00eda de una recuperaci\u00f3n, en un primer momento pensamos que pod\u00eda ser, despu\u00e9s medio se resinti\u00f3, <strong>pero no es que no haya querido venir, fue una decisi\u00f3n nuestra en la cual se consensuaron los m\u00e9dicos y optaron por lo mejor<\/strong>\u201d, detall\u00f3, haci\u00e9ndose cargo de la decisi\u00f3n.<\/p>\n<\/div>\n<div class=\"sc-e7b891c4-0 ifHnQL image-embed\"><img alt=\"Bajamich, rodeado de Alarc\u00f3n y Cabral en A. Tucum\u00e1n-Hurac\u00e1n.\" loading=\"lazy\" width=\"720\" height=\"100\" decoding=\"async\" data-nimg=\"1\" src=\"http:\/\/hoycordobaweb.com\/wp-content\/uploads\/2024\/11\/golazo-de-alarcon-para-huracan-luego-de-la-polemica-con-chile-3.jpg\"><span class=\"epigraphe\">Bajamich, rodeado de Alarc\u00f3n y Cabral en A. Tucum\u00e1n-Hurac\u00e1n.<\/span><\/div>\n<div class=\"custom-text \" readability=\"35\">\n<p>\u201cHurac\u00e1n est\u00e1 peleando el campeonato y el t\u00e9cnico lo pone de acuerdo a lo que estime conveniente, pero nosotros lo necesitamos al cien por cien\u201d, finaliz\u00f3 en su momento el Tigre. <\/p>\n<\/div>\n<p><h2><strong>La aclaraci\u00f3n del propio jugador<\/strong><\/h2>\n<\/p>\n<div class=\"custom-text \" readability=\"35\">\n<p>\u00abAnte la duda y especulaciones de algunos\u2026 Quiero darme el tiempo de aclarar los comentarios err\u00f3neos y mal intencionados\u00bb, comenz\u00f3 Alarc\u00f3n en su posteo en Instagram, d\u00edas atr\u00e1s. <\/p>\n<\/div>\n<div class=\"custom-text \" readability=\"37\">\n<p>\u00abEn el transcurso del primer tiempo del partido jugado contra Newell&#8217;s el pasado martes, sent\u00ed una molestia en el aductor lo que provoc\u00f3 que saliera al finalizar los 45 minutos por precauci\u00f3n. Mediante ex\u00e1menes se logr\u00f3 visualizar una distensi\u00f3n en el aductor grado 1\u00bb, continu\u00f3 con su explicaci\u00f3n.<\/p>\n<\/div>\n<div class=\"sc-e7b891c4-0 ifHnQL image-embed\"><img alt=\"El descargo de Williams Alarc\u00f3n.\" loading=\"lazy\" width=\"720\" height=\"100\" decoding=\"async\" data-nimg=\"1\" src=\"http:\/\/hoycordobaweb.com\/wp-content\/uploads\/2024\/11\/golazo-de-alarcon-para-huracan-luego-de-la-polemica-con-chile-4.jpg\"><span class=\"epigraphe\">El descargo de Williams Alarc\u00f3n.<\/span><\/div>\n<div class=\"custom-text \" readability=\"39\">\n<p>Adem\u00e1s, en la misma historia, detall\u00f3: <strong>\u00abEl cuerpo m\u00e9dico y t\u00e9cnico de la selecci\u00f3n estuvo al tanto y me comunicaron que, ante esta situaci\u00f3n, no podr\u00eda estar en esta nueva convocatoria, por lo que decidieron desconvocarme\u00bb.<\/strong><\/p>\n<\/div>\n<div class=\"custom-text \" readability=\"38\">\n<p>Y, afectado por la situaci\u00f3n, cerr\u00f3: \u00ab<strong>Comprendiendo que en este momento se necesita que todos est\u00e9n en su 100% para dar pelea hasta el final. Jam\u00e1s le dir\u00eda que no a mi selecci\u00f3n, ni menos inventar una lesi\u00f3n como he le\u00eddo. <\/strong>Representar a mi pa\u00eds es un sue\u00f1o que he tenido toda la vida por lo que deseo y espero siempre poder estar a la altura que merece.\u00bb<\/p>\n<\/div>\n<div class=\"sc-a7166897-0 eoLsBE\" readability=\"6\">\n<section readability=\"2\"><picture><img alt=\"Video: el penal que pidi\u00f3 todo Hurac\u00e1n\" loading=\"lazy\" width=\"290\" height=\"290\" decoding=\"async\" data-nimg=\"1\" src=\"http:\/\/hoycordobaweb.com\/wp-content\/uploads\/2024\/11\/golazo-de-alarcon-para-huracan-luego-de-la-polemica-con-chile-5.jpg\"><\/picture>\n<p><span>Mir\u00e1 tambi\u00e9n<\/span><\/p>\n<hr>\n<h3>Video: el penal que pidi\u00f3 todo Hurac\u00e1n<\/h3>\n<\/p>\n<\/section>\n<\/div>\n<div class=\"sc-a7166897-0 eoLsBE\" readability=\"6\">\n<section readability=\"2\"><picture><img alt=\"Atl\u00e9tico Tucum\u00e1n golea a Hurac\u00e1n y le impide llegar a la cima\" loading=\"lazy\" width=\"290\" height=\"290\" decoding=\"async\" data-nimg=\"1\" src=\"http:\/\/hoycordobaweb.com\/wp-content\/uploads\/2024\/11\/golazo-de-alarcon-para-huracan-luego-de-la-polemica-con-chile-6.jpg\"><\/picture>\n<p><span>Mir\u00e1 tambi\u00e9n<\/span><\/p>\n<hr>\n<h3>Atl\u00e9tico Tucum\u00e1n golea a Hurac\u00e1n y le impide llegar a la cima<\/h3>\n<\/p>\n<\/section>\n<\/div>\n<\/div>\n","protected":false},"excerpt":{"rendered":"<p>18\/11\/2024 23:27hs. Hurac\u00e1n hab\u00eda llegado al empate parcial en Tucum\u00e1n gracias a un golazo de Williams Alarc\u00f3n de tiro libre. Perfecto derechazo del mediocampista para clavar el 2-2 en el Jos\u00e9 Fierro. Y su tanto no pas\u00f3 inadvertido por la pol\u00e9mica en la que estuvo envuelto d\u00edas atr\u00e1s con su seleccionado de Chile. Alarc\u00f3n ven\u00eda [&hellip;]<\/p>\n","protected":false},"author":1,"featured_media":88926,"comment_status":"open","ping_status":"closed","sticky":false,"template":"","format":"standard","meta":[],"categories":[16],"tags":[],"_links":{"self":[{"href":"http:\/\/hoycordobaweb.com\/index.php\/wp-json\/wp\/v2\/posts\/88925"}],"collection":[{"href":"http:\/\/hoycordobaweb.com\/index.php\/wp-json\/wp\/v2\/posts"}],"about":[{"href":"http:\/\/hoycordobaweb.com\/index.php\/wp-json\/wp\/v2\/types\/post"}],"author":[{"embeddable":true,"href":"http:\/\/hoycordobaweb.com\/index.php\/wp-json\/wp\/v2\/users\/1"}],"replies":[{"embeddable":true,"href":"http:\/\/hoycordobaweb.com\/index.php\/wp-json\/wp\/v2\/comments?post=88925"}],"version-history":[{"count":0,"href":"http:\/\/hoycordobaweb.com\/index.php\/wp-json\/wp\/v2\/posts\/88925\/revisions"}],"wp:featuredmedia":[{"embeddable":true,"href":"http:\/\/hoycordobaweb.com\/index.php\/wp-json\/wp\/v2\/media\/88926"}],"wp:attachment":[{"href":"http:\/\/hoycordobaweb.com\/index.php\/wp-json\/wp\/v2\/media?parent=88925"}],"wp:term":[{"taxonomy":"category","embeddable":true,"href":"http:\/\/hoycordobaweb.com\/index.php\/wp-json\/wp\/v2\/categories?post=88925"},{"taxonomy":"post_tag","embeddable":true,"href":"http:\/\/hoycordobaweb.com\/index.php\/wp-json\/wp\/v2\/tags?post=88925"}],"curies":[{"name":"wp","href":"https:\/\/api.w.org\/{rel}","templated":true}]}}