{"id":88920,"date":"2024-11-17T14:12:39","date_gmt":"2024-11-17T14:12:39","guid":{"rendered":"https:\/\/ladecimaweb.com\/?p=30076"},"modified":"2024-11-17T14:12:39","modified_gmt":"2024-11-17T14:12:39","slug":"asisten-a-una-mujer-y-sus-hijos-tras-ser-embestidos-por-un-automovil-en-nuestro-hogar-3","status":"publish","type":"post","link":"http:\/\/hoycordobaweb.com\/index.php\/2024\/11\/17\/asisten-a-una-mujer-y-sus-hijos-tras-ser-embestidos-por-un-automovil-en-nuestro-hogar-3\/","title":{"rendered":"Asisten a una mujer y sus hijos tras ser embestidos por un autom\u00f3vil en Nuestro Hogar 3"},"content":{"rendered":"<div class=\"boldgrid-section\">\n<div class=\"container\">\n<div class=\"row\">\n<div class=\"col-md-12 col-xs-12 col-sm-12\">\n<p class=\"\">En horas de la tarde de ayer, desde la Manzana 70, <strong>de B\u00b0 Nuestro Hogar III<\/strong> hasta un centro m\u00e9dico, fue trasladada una mujer de 29 a\u00f1os junto a tres menores de edad con lesiones a establecer.<\/p>\n<p class=\"\">Los damnificados fueron embestidos por un autom\u00f3vil conducido, al parecer, por un excu\u00f1ado de la joven, momentos en el que la misma descend\u00eda de otro rodado marca Renault Sandero (Uber) junto a sus hijos.<\/p>\n<p class=\"\">Cabe destacar que, el conductor (exfamiliar) escap\u00f3 del lugar.<\/p>\n<p>&nbsp;<\/p>\n<div class=\"ubm_banner\"><a href=\"https:\/\/www.cba.gov.ar\/dengue\/\" target=\"_blank\" rel=\"dofollow noopener noreferrer\"><img src=\"http:\/\/hoycordobaweb.com\/wp-content\/uploads\/2024\/11\/asisten-a-una-mujer-y-sus-hijos-tras-ser-embestidos-por-un-automovil-en-nuestro-hogar-3.gif\" alt=\"\"><\/a><\/div>\n<\/div>\n<\/div>\n<\/div>\n<\/div>\n<p>La entrada <a rel=\"nofollow\" href=\"https:\/\/ladecimaweb.com\/asisten-a-una-mujer-y-sus-hijos-tras-ser-embestidos-por-un-automovil-en-nuestro-hogar-3\/\">Asisten a una mujer y sus hijos tras ser embestidos por un autom\u00f3vil en Nuestro Hogar 3<\/a> se public\u00f3 primero en <a rel=\"nofollow\" href=\"https:\/\/ladecimaweb.com\">LaDecima<\/a>.<\/p>\n","protected":false},"excerpt":{"rendered":"<p>En horas de la tarde de ayer, desde la Manzana 70, de B\u00b0 Nuestro Hogar III hasta un centro m\u00e9dico, fue trasladada una mujer de 29 a\u00f1os junto a tres menores de edad con lesiones a establecer. Los damnificados fueron embestidos por un autom\u00f3vil conducido, al parecer, por un excu\u00f1ado de la joven, momentos en [&hellip;]<\/p>\n","protected":false},"author":1,"featured_media":0,"comment_status":"closed","ping_status":"closed","sticky":false,"template":"","format":"standard","meta":[],"categories":[32],"tags":[],"_links":{"self":[{"href":"http:\/\/hoycordobaweb.com\/index.php\/wp-json\/wp\/v2\/posts\/88920"}],"collection":[{"href":"http:\/\/hoycordobaweb.com\/index.php\/wp-json\/wp\/v2\/posts"}],"about":[{"href":"http:\/\/hoycordobaweb.com\/index.php\/wp-json\/wp\/v2\/types\/post"}],"author":[{"embeddable":true,"href":"http:\/\/hoycordobaweb.com\/index.php\/wp-json\/wp\/v2\/users\/1"}],"replies":[{"embeddable":true,"href":"http:\/\/hoycordobaweb.com\/index.php\/wp-json\/wp\/v2\/comments?post=88920"}],"version-history":[{"count":0,"href":"http:\/\/hoycordobaweb.com\/index.php\/wp-json\/wp\/v2\/posts\/88920\/revisions"}],"wp:attachment":[{"href":"http:\/\/hoycordobaweb.com\/index.php\/wp-json\/wp\/v2\/media?parent=88920"}],"wp:term":[{"taxonomy":"category","embeddable":true,"href":"http:\/\/hoycordobaweb.com\/index.php\/wp-json\/wp\/v2\/categories?post=88920"},{"taxonomy":"post_tag","embeddable":true,"href":"http:\/\/hoycordobaweb.com\/index.php\/wp-json\/wp\/v2\/tags?post=88920"}],"curies":[{"name":"wp","href":"https:\/\/api.w.org\/{rel}","templated":true}]}}