{"id":88853,"date":"2024-11-18T20:30:12","date_gmt":"2024-11-18T20:30:12","guid":{"rendered":"https:\/\/www.espinof.com\/netflix\/50-premios-dos-oscar-netflix-mexico-estrena-pelicula-llena-corazon-que-relanzo-carrera-brendan-braser"},"modified":"2024-11-18T20:30:12","modified_gmt":"2024-11-18T20:30:12","slug":"con-50-premios-y-dos-oscar-netflix-mexico-estrena-la-pelicula-llena-de-corazon-que-relanzo-la-carrera-de-brendan-braser","status":"publish","type":"post","link":"http:\/\/hoycordobaweb.com\/index.php\/2024\/11\/18\/con-50-premios-y-dos-oscar-netflix-mexico-estrena-la-pelicula-llena-de-corazon-que-relanzo-la-carrera-de-brendan-braser\/","title":{"rendered":"Con 50 premios y dos Oscar, Netflix M\u00e9xico estrena la pel\u00edcula llena de coraz\u00f3n que relanz\u00f3 la carrera de Brendan Braser"},"content":{"rendered":"<p>La carrera de Brendan Fraser ha estado marcada por altibajos, desde su explosi\u00f3n como estrella de cine en los a\u00f1os 90 hasta un periodo de relativa oscuridad en los 2010. Sin embargo, fue en el a\u00f1o 2022 cuando, en una cinta dirigida por <a href=\"https:\/\/www.espinof.com\/proyectos\/darren-aronofsky-producira-primera-pelicula-estudiante-19-anos-despues-que-su-ultimo-cortometraje-se-viralizase-youtube\">Darren Aronofsky<\/a>, <strong>Fraser no solo regres\u00f3 a las grandes ligas de Hollywood<\/strong>, sino que entreg\u00f3 una actuaci\u00f3n que se consagra como uno de los momentos m\u00e1s memorables en su carrera y que ahora podemos disfrutar en una de las cintas que se ha catapultado como <a rel=\"noopener, noreferrer\" href=\"https:\/\/flixpatrol.com\/title\/the-whale-2022\/\">de las m\u00e1s vistas en Netflix M\u00e9xico<\/a>.<\/p>\n<p><!-- BREAK 1 --> <\/p>\n<p>Basada en la obra teatral de Samuel D. Hunter, &#8216;<a href=\"https:\/\/www.espinof.com\/criticas\/the-whale-darren-aronofsky-muestra-poder-teatralidad-cine-extraordinaria-tragedia-condensada-cuatro-paredes\">L<\/a><a href=\"https:\/\/www.espinof.com\/tag\/la-ballena-the-whale\">a ballena<\/a>&#8216; (&#8216;The Whale&#8217;) sigue la historia de Charlie, un profesor de ingl\u00e9s que vive recluido en su apartamento debido a su obesidad m\u00f3rbida <strong>y a un profundo sentimiento de culpa<\/strong> tras la muerte de su pareja. A lo largo de la pel\u00edcula, Charlie intenta reconectar con su hija adolescente, Ellie, interpretada por <strong>Sadie Sink<\/strong>.<\/p>\n<p><!-- BREAK 2 --><\/p>\n<p>La trama no solo explora temas de p\u00e9rdida, amor y redenci\u00f3n, sino que tambi\u00e9n lanza una cr\u00edtica impl\u00edcita sobre los juicios sociales hacia las personas que lidian con trastornos alimenticios y problemas emocionales.<\/p>\n<p><!-- BREAK 3 --> <\/p>\n<h3><strong>Brendan Fraser: una actuaci\u00f3n inmensa en todos los sentidos<\/strong><\/h3>\n<p>Lo que hace que Fraser destaque en &#8216;La ballena&#8217; es su habilidad para humanizar a un personaje que f\u00e1cilmente podr\u00eda haber sido reducido a un estereotipo. Su interpretaci\u00f3n de Charlie <strong>es cruda, emotiva y profundamente emp\u00e1tica<\/strong>. Cada movimiento, cada mirada y cada palabra que pronuncia Fraser parecen cargados con un peso emocional que trasciende la pantalla.<\/p>\n<p><!-- BREAK 4 --><\/p>\n<p>Uno de los aspectos m\u00e1s comentados de su actuaci\u00f3n fue la transformaci\u00f3n f\u00edsica necesaria para interpretar a Charlie. Fraser us\u00f3 una pr\u00f3tesis <strong>de casi 136 kilos<\/strong> que le permiti\u00f3 capturar la inmovilidad y la fragilidad de su personaje, pero nunca permiti\u00f3 que este detalle t\u00e9cnico eclipsara su interpretaci\u00f3n. La manera en que Fraser aborda a Charlie va m\u00e1s all\u00e1 de lo f\u00edsico: su voz temblorosa, <strong>sus ojos llenos de desesperaci\u00f3n y su vulnerabilidad absoluta<\/strong> convierten a Charlie en una figura desgarradora y profundamente humana.<\/p>\n<p><!-- BREAK 5 --><\/p>\n<div class=\"article-asset article-asset-normal article-asset-center\">\n<div class=\"desvio-container\">\n<div class=\"desvio\">\n<div class=\"desvio-figure js-desvio-figure\"> <a href=\"https:\/\/www.xataka.com\/magnet\/durante-anos-se-dijo-que-hay-restos-humanos-esparcidos-parques-disney-que-nunca-imaginamos-cuantos#mrfhud=true\" target=\"_blank\" rel=\"noopener noreferrer\"> <img loading=\"lazy\" alt=\"Hay personas que adem\u00e1s de comida llevan otra cosa a los parques tem\u00e1ticos de Disney: las cenizas de sus difuntos para esparcirlas\" width=\"375\" height=\"142\" src=\"http:\/\/hoycordobaweb.com\/wp-content\/uploads\/2024\/11\/con-50-premios-y-dos-oscar-netflix-mexico-estrena-la-pelicula-llena-de-corazon-que-relanzo-la-carrera-de-brendan-braser.jpg\"> <\/a> <\/div><\/div><\/div>\n<\/div>\n<p>No cabe duda de que la comentada hasta la saciedad labor de Fraser es un claro catalizador de la emoci\u00f3n adem\u00e1s de un f\u00e9rreo pilar que sostiene el largometraje, pero no es, ni por asomo, el \u00fanico; y dejando a un lado al resto del igualmente brillante elenco (menci\u00f3n especial para Hong Chau), la dupla compuesta por Aronofsky y<strong> su director de fotograf\u00eda de cabecera Matthew Libatique<\/strong>, es la que termina elevando el conjunto a niveles inesperados.<\/p>\n<p><!-- BREAK 6 --> <\/p>\n<p>Bajo una la sencillez (que no simplicidad) predominante, derivada de su naturaleza de drama embotellado casi minimalista, &#8216;La ballena&#8217; <strong>esconde un tratamiento formal m\u00e1s sofisticado e intrincado de lo que podr\u00eda parecer<\/strong> a simple vista; lo cual empieza por una puesta en escena tan precisa como austera en la que cada plano y cada movimiento de c\u00e1mara est\u00e1n al servicio de la narrativa y los protagonistas.<\/p>\n<p><!-- BREAK 7 --><\/p>\n<p>Al final, &#8216;La ballena&#8217; s\u00f3lo necesita una casa, seis int\u00e9rpretes y los ojos azules de Brendan Fraser para postularse como una cinta que \u00abes una oda devastadora <strong>a la complejidad de los seres humanos<\/strong> y a la belleza interior que se puede encontrar incluso detr\u00e1s de los sentimientos m\u00e1s destructivos hacia uno mismo y hacia los dem\u00e1s\u00bb como <a rel=\"noopener, noreferrer\" href=\"https:\/\/intheirownleague.com\/2022\/10\/14\/lff2022-review-the-whale\/\">lo afirma el cr\u00edtico Calum Cooper<\/a>.<\/p>\n<p><!-- BREAK 8 --><\/p>\n<p>&#8216;La ballena&#8217; est\u00e1 disponible en <a rel=\"noopener, noreferrer\" href=\"https:\/\/www.netflix.com\/mx\/title\/81630891\">Netflix M\u00e9xico<\/a>.<\/p>\n<p>En Espinof | <a href=\"https:\/\/www.espinof.com\/listas\/mejores-peliculas-netflix-2024\"><u>Las mejores pel\u00edculas en Netflix de 2024<\/u><\/a><\/p>\n<p>En Espinof | <a href=\"https:\/\/www.espinof.com\/actores-y-actrices\/decidi-pedir-ayuda-fui-valiente-brendan-fraser-reflexiona-su-vida-oscar-inteligencia-artificial-ser-bonachon-hollywood\">\u00abDecid\u00ed pedir ayuda, fui valiente\u00bb. Brendan Fraser reflexiona sobre su vida tras el \u00d3scar, la inteligencia artificial y ser un bonach\u00f3n en Hollywood<\/a><\/p>\n<p><!-- BREAK 9 --> <\/p>\n","protected":false},"excerpt":{"rendered":"<p>La carrera de Brendan Fraser ha estado marcada por altibajos, desde su explosi\u00f3n como estrella de cine en los a\u00f1os 90 hasta un periodo de relativa oscuridad en los 2010. Sin embargo, fue en el a\u00f1o 2022 cuando, en una cinta dirigida por Darren Aronofsky, Fraser no solo regres\u00f3 a las grandes ligas de Hollywood, [&hellip;]<\/p>\n","protected":false},"author":1,"featured_media":88854,"comment_status":"open","ping_status":"closed","sticky":false,"template":"","format":"standard","meta":[],"categories":[10],"tags":[],"_links":{"self":[{"href":"http:\/\/hoycordobaweb.com\/index.php\/wp-json\/wp\/v2\/posts\/88853"}],"collection":[{"href":"http:\/\/hoycordobaweb.com\/index.php\/wp-json\/wp\/v2\/posts"}],"about":[{"href":"http:\/\/hoycordobaweb.com\/index.php\/wp-json\/wp\/v2\/types\/post"}],"author":[{"embeddable":true,"href":"http:\/\/hoycordobaweb.com\/index.php\/wp-json\/wp\/v2\/users\/1"}],"replies":[{"embeddable":true,"href":"http:\/\/hoycordobaweb.com\/index.php\/wp-json\/wp\/v2\/comments?post=88853"}],"version-history":[{"count":0,"href":"http:\/\/hoycordobaweb.com\/index.php\/wp-json\/wp\/v2\/posts\/88853\/revisions"}],"wp:featuredmedia":[{"embeddable":true,"href":"http:\/\/hoycordobaweb.com\/index.php\/wp-json\/wp\/v2\/media\/88854"}],"wp:attachment":[{"href":"http:\/\/hoycordobaweb.com\/index.php\/wp-json\/wp\/v2\/media?parent=88853"}],"wp:term":[{"taxonomy":"category","embeddable":true,"href":"http:\/\/hoycordobaweb.com\/index.php\/wp-json\/wp\/v2\/categories?post=88853"},{"taxonomy":"post_tag","embeddable":true,"href":"http:\/\/hoycordobaweb.com\/index.php\/wp-json\/wp\/v2\/tags?post=88853"}],"curies":[{"name":"wp","href":"https:\/\/api.w.org\/{rel}","templated":true}]}}