{"id":88838,"date":"2024-11-18T13:10:10","date_gmt":"2024-11-18T13:10:10","guid":{"rendered":"https:\/\/www.mujerhoy.com\/moda\/no-te-pierdas\/black-friday-cuando-empiezan-descuentos-inditex-zara-sfera-mango-20241118140622-nt.html"},"modified":"2024-11-18T13:10:10","modified_gmt":"2024-11-18T13:10:10","slug":"cuando-es-el-black-friday-2024-en-inditex-zara-el-corte-ingles-mango-hm-y-sfera","status":"publish","type":"post","link":"http:\/\/hoycordobaweb.com\/index.php\/2024\/11\/18\/cuando-es-el-black-friday-2024-en-inditex-zara-el-corte-ingles-mango-hm-y-sfera\/","title":{"rendered":"Cu\u00e1ndo es el Black Friday 2024 en Inditex, Zara, El Corte Ingl\u00e9s, Mango, H&amp;M y Sfera"},"content":{"rendered":"<p><!-- AUTHOR --> <\/p>\n<div class=\"voc-author-timesocial \"> <!-- AUTHOR --> <\/p>\n<div class=\"voc-author-timesocial__signature \">\n<div class=\"voc-author-timesocial__img-c\"> <!-- IMAGE AUTHOR --> <picture class=\"voc-image-signature\"> <img class=\"voc-image-signature__img\" src=\"http:\/\/hoycordobaweb.com\/wp-content\/uploads\/2024\/11\/cuando-es-el-black-friday-2024-en-inditex-zara-el-corte-ingles-mango-hm-y-sfera.jpg\" alt=\"Carla Dom\u00ednguez\"> <\/picture> <\/div>\n<p> <!-- INFO AUTHOR --> <\/div><\/div>\n<p> <!-- COMPONENTS --> <\/p>\n<p class=\"voc-paragraph\" data-mrf-recirculation=\"Link art\u00edculo\"><strong>Noviembre es uno de nuestros meses favoritos<\/strong> por varios motivos. El primero, porque solo queda un mes para la \u00e9poca navide\u00f1a. Y el segundo, porque el \u00faltimo viernes del mes se celebra <a data-voc-vtm-id=\"in-text-traffic\" href=\"https:\/\/www.mujerhoy.com\/moda\/no-te-pierdas\/corte-ingles-pantalones-black-friday-rebajas-favorecen-estilizan-50-anos-20241108103008-nt.html\" data-mrf-link=\"https:\/\/www.mujerhoy.com\/moda\/no-te-pierdas\/corte-ingles-pantalones-black-friday-rebajas-favorecen-estilizan-50-anos-20241108103008-nt.html\">uno de los eventos m\u00e1s populares<\/a><br \/>\n: <strong>el famoso Black Friday<\/strong>.\n<\/p>\n<p class=\"voc-paragraph\" data-mrf-recirculation=\"Link art\u00edculo\">Esto quiere decir que muchas firmas se unen a los descuentos m\u00e1s esperados. Desde <strong>Zara, Mango, H&amp;M, Sfera<\/strong> y m\u00e1s. \u00bfPero cu\u00e1ndo se celebran <a data-voc-vtm-id=\"in-text-traffic\" href=\"https:\/\/www.mujerhoy.com\/moda\/no-te-pierdas\/bolsos-rebajados-black-friday-descuentos-el-corte-ingles-20241104131920-nt.html\" data-mrf-link=\"https:\/\/www.mujerhoy.com\/moda\/no-te-pierdas\/bolsos-rebajados-black-friday-descuentos-el-corte-ingles-20241104131920-nt.html\">estas rebajas<\/a><br \/>\n? \u00bfHasta cu\u00e1ndo son los descuentos? Te resolvemos todas las dudas sobre este d\u00eda lleno de descuentos.\n<\/p>\n<p><h3 class=\"voc-detail__title\"> Inditex da el pistoletazo de salida al Black Friday el jueves 28 en la APP<br \/>\n<\/h3>\n<\/p>\n<p class=\"voc-paragraph\" data-mrf-recirculation=\"Link art\u00edculo\">En Zara se espera que las ofertas comiencen <strong>el jueves 28 de noviembre a las 20:00 horas en su tienda online<\/strong> y aplicaci\u00f3n m\u00f3vil, y a las 22:00 horas en la web. El viernes 29 de noviembre, los descuentos estar\u00e1n disponibles tanto online como en tiendas f\u00edsicas.\n<\/p>\n<div class=\"voc-detail-photo-zoom\"> <picture data-toggle=\"modal\" data-target=\"#photoZoomModal-330\" target=\"modal\">\n<div class=\"voc-img-icon-link\"> <img loading=\"lazy\" src=\"http:\/\/hoycordobaweb.com\/wp-content\/uploads\/2024\/11\/cuando-es-el-black-friday-2024-en-inditex-zara-el-corte-ingles-mango-hm-y-sfera-1.jpg\" width=\"650\" height=\"900\" alt=\"Un look con chaqueta de flecos de Zara. Foto: Zara.\"> <noscript> <img src=\"http:\/\/hoycordobaweb.com\/wp-content\/uploads\/2024\/11\/cuando-es-el-black-friday-2024-en-inditex-zara-el-corte-ingles-mango-hm-y-sfera-1.jpg\" alt=\"Un look con chaqueta de flecos de Zara. Foto: Zara.\"> <\/noscript> <i class=\"voc-icons zoom voc-multimedia-box voc-ico-l\"><\/i> <\/div><figcaption class=\"figure-caption\">Un look con chaqueta de flecos de Zara. Foto: Zara.<\/figcaption><\/picture>\n<\/div>\n<div id=\"photoZoomModal-330\" class=\"voc-lightbox modal fade voc-lightbox--photo-zoom\" role=\"dialog\" data-voc-photozoom-lightbox>\n<div class=\"voc-lightbox__dialog\" role=\"document\">\n<div class=\"voc-lightbox__content\"> <!-- Modal header --> <!-- Modal content --> <\/p>\n<div class=\"voc-lightbox__photo-container\"> <picture class> <img loading=\"lazy\" src=\"http:\/\/hoycordobaweb.com\/wp-content\/uploads\/2024\/11\/cuando-es-el-black-friday-2024-en-inditex-zara-el-corte-ingles-mango-hm-y-sfera-1.jpg\" alt=\"Un look con chaqueta de flecos de Zara. Foto: Zara.\"> <noscript> <img src=\"http:\/\/hoycordobaweb.com\/wp-content\/uploads\/2024\/11\/cuando-es-el-black-friday-2024-en-inditex-zara-el-corte-ingles-mango-hm-y-sfera-1.jpg\" alt=\"Un look con chaqueta de flecos de Zara. Foto: Zara.\"> <\/noscript> <\/picture> <\/div><\/div><\/div>\n<\/div>\n<p class=\"voc-paragraph\" data-mrf-recirculation=\"Link art\u00edculo\">En Massimo Dutti probablemente iniciar\u00e1 sus descuentos el jueves 28 de noviembre a las 20:00 horas en su tienda online y aplicaci\u00f3n m\u00f3vil. All\u00ed encontrar\u00e1s ofertas con <a data-voc-vtm-id=\"in-text-traffic\" href=\"https:\/\/www.mujerhoy.com\/moda\/no-te-pierdas\/mejores-botas-bonitas-elegantes-invierno-vestidos-fiesta-20241108225642-nt.html\" data-mrf-link=\"https:\/\/www.mujerhoy.com\/moda\/no-te-pierdas\/mejores-botas-bonitas-elegantes-invierno-vestidos-fiesta-20241108225642-nt.html\">lo nuevo de oto\u00f1o-invierno.<\/a> Lo mismo ocurrir\u00e1 en <strong>Lefties,<\/strong> una de las marcas m\u00e1s asequibles del gigante gallego.\n<\/p>\n<div class=\"voc-detail-photo-zoom\"> <picture data-toggle=\"modal\" data-target=\"#photoZoomModal-690\" target=\"modal\">\n<div class=\"voc-img-icon-link\"> <img loading=\"lazy\" src=\"http:\/\/hoycordobaweb.com\/wp-content\/uploads\/2024\/11\/cuando-es-el-black-friday-2024-en-inditex-zara-el-corte-ingles-mango-hm-y-sfera.webp\" width=\"650\" height=\"900\" alt=\"Un look de Massimo Dutti con chaqueta de ante y pantalones largos. Foto: Massimo Dutti.\"> <noscript> <img src=\"http:\/\/hoycordobaweb.com\/wp-content\/uploads\/2024\/11\/cuando-es-el-black-friday-2024-en-inditex-zara-el-corte-ingles-mango-hm-y-sfera.webp\" alt=\"Un look de Massimo Dutti con chaqueta de ante y pantalones largos. Foto: Massimo Dutti.\"> <\/noscript> <i class=\"voc-icons zoom voc-multimedia-box voc-ico-l\"><\/i> <\/div><figcaption class=\"figure-caption\">Un look de Massimo Dutti con chaqueta de ante y pantalones largos. Foto: Massimo Dutti.<\/figcaption><\/picture>\n<\/div>\n<div id=\"photoZoomModal-690\" class=\"voc-lightbox modal fade voc-lightbox--photo-zoom\" role=\"dialog\" data-voc-photozoom-lightbox>\n<div class=\"voc-lightbox__dialog\" role=\"document\">\n<div class=\"voc-lightbox__content\"> <!-- Modal header --> <!-- Modal content --> <\/p>\n<div class=\"voc-lightbox__photo-container\"> <picture class> <img loading=\"lazy\" src=\"http:\/\/hoycordobaweb.com\/wp-content\/uploads\/2024\/11\/cuando-es-el-black-friday-2024-en-inditex-zara-el-corte-ingles-mango-hm-y-sfera.webp\" alt=\"Un look de Massimo Dutti con chaqueta de ante y pantalones largos. Foto: Massimo Dutti.\"> <noscript> <img src=\"http:\/\/hoycordobaweb.com\/wp-content\/uploads\/2024\/11\/cuando-es-el-black-friday-2024-en-inditex-zara-el-corte-ingles-mango-hm-y-sfera.webp\" alt=\"Un look de Massimo Dutti con chaqueta de ante y pantalones largos. Foto: Massimo Dutti.\"> <\/noscript> <\/picture> <\/div><\/div><\/div>\n<\/div>\n<p class=\"voc-paragraph\" data-mrf-recirculation=\"Link art\u00edculo\">Tambi\u00e9n habr\u00e1 descuentos en otras firmas de Inditex como<br \/>\n<strong> Zara Home, Bershka o Stradivarius.<\/strong> Eso s\u00ed, lo m\u00e1s probable es que en Inditex solo tengan rebajas el viernes 29 de noviembre en tiendas f\u00edsicas.\n<\/p>\n<p><h3 class=\"voc-detail__title\"> Mango comienza las ofertas los d\u00edas previos al Black Friday<br \/>\n<\/h3>\n<\/p>\n<p class=\"voc-paragraph\" data-mrf-recirculation=\"Link art\u00edculo\">Es probable que las ofertas de Black Friday <strong>empiecen el jueves 28 de noviembr<\/strong>e, tanto en tiendas f\u00edsicas como online. Despu\u00e9s en tiendas, durante el 29 de noviembre podr\u00e1s disfrutar de multitud de rebajas en muchos de sus accesorios y prendas.\n<\/p>\n<p><h3 class=\"voc-detail__title\"> H&amp;M no tiene confirmaci\u00f3n oficial, pero tendr\u00e1n descuentos de Black Friday<br \/>\n<\/h3>\n<\/p>\n<p class=\"voc-paragraph\" data-mrf-recirculation=\"Link art\u00edculo\">Aunque no hay confirmaci\u00f3n oficial, H&amp;M suele iniciar sus descuentos el mismo d\u00eda del Black Friday, es decir, el viernes 29 de noviembre. Para los miembros del club H&amp;M, es posible que haya ofertas anticipadas. Incluso puede que encuentres alguna prenda rebajada de <a data-voc-vtm-id=\"in-text-traffic\" href=\"https:\/\/www.mujerhoy.com\/moda\/no-te-pierdas\/sabemos-prenda-vendida-colaboracion-rotate-hm-blazer-negro-joya-20241014132553-nt_amp.html?next-page=1\" data-mrf-link=\"https:\/\/www.mujerhoy.com\/moda\/no-te-pierdas\/sabemos-prenda-vendida-colaboracion-rotate-hm-blazer-negro-joya-20241014132553-nt_amp.html?next-page=1\">la colecci\u00f3n con la firma danesa Rotate.<\/a>\n<\/p>\n<p><h3 class=\"voc-detail__title\"> Sfera se prepara para los descuentos antes del Black Friday<br \/>\n<\/h3>\n<\/p>\n<div class=\"voc-detail-photo-zoom\"> <picture data-toggle=\"modal\" data-target=\"#photoZoomModal-183\" target=\"modal\">\n<div class=\"voc-img-icon-link\"> <img loading=\"lazy\" src=\"http:\/\/hoycordobaweb.com\/wp-content\/uploads\/2024\/11\/cuando-es-el-black-friday-2024-en-inditex-zara-el-corte-ingles-mango-hm-y-sfera-2.jpg\" width=\"650\" height=\"900\" alt=\"Un look con abrigo de pelo en marr\u00f3n de Sfera. Foto: Sfera.\"> <noscript> <img src=\"http:\/\/hoycordobaweb.com\/wp-content\/uploads\/2024\/11\/cuando-es-el-black-friday-2024-en-inditex-zara-el-corte-ingles-mango-hm-y-sfera-2.jpg\" alt=\"Un look con abrigo de pelo en marr\u00f3n de Sfera. Foto: Sfera.\"> <\/noscript> <i class=\"voc-icons zoom voc-multimedia-box voc-ico-l\"><\/i> <\/div><figcaption class=\"figure-caption\">Un look con abrigo de pelo en marr\u00f3n de Sfera. Foto: Sfera.<\/figcaption><\/picture>\n<\/div>\n<div id=\"photoZoomModal-183\" class=\"voc-lightbox modal fade voc-lightbox--photo-zoom\" role=\"dialog\" data-voc-photozoom-lightbox>\n<div class=\"voc-lightbox__dialog\" role=\"document\">\n<div class=\"voc-lightbox__content\"> <!-- Modal header --> <!-- Modal content --> <\/p>\n<div class=\"voc-lightbox__photo-container\"> <picture class> <img loading=\"lazy\" src=\"http:\/\/hoycordobaweb.com\/wp-content\/uploads\/2024\/11\/cuando-es-el-black-friday-2024-en-inditex-zara-el-corte-ingles-mango-hm-y-sfera-2.jpg\" alt=\"Un look con abrigo de pelo en marr\u00f3n de Sfera. Foto: Sfera.\"> <noscript> <img src=\"http:\/\/hoycordobaweb.com\/wp-content\/uploads\/2024\/11\/cuando-es-el-black-friday-2024-en-inditex-zara-el-corte-ingles-mango-hm-y-sfera-2.jpg\" alt=\"Un look con abrigo de pelo en marr\u00f3n de Sfera. Foto: Sfera.\"> <\/noscript> <\/picture> <\/div><\/div><\/div>\n<\/div>\n<p class=\"voc-paragraph\" data-mrf-recirculation=\"Link art\u00edculo\">Sfera siempre <strong>suele comenzar antes sus descuentos.<\/strong> Normalmente tienen descuentos desde el jueves 28 de noviembre en la web y el 29 de noviembre en tiendas f\u00edsicas.\n<\/p>\n<p><h3 class=\"voc-detail__title\"> El Corte Ingl\u00e9s tendr\u00e1 ofertas del Black Friday antes del viernes<br \/>\n<\/h3>\n<\/p>\n<p class=\"voc-paragraph\" data-mrf-recirculation=\"Link art\u00edculo\">Las ofertas de Black Friday <strong>comenzar\u00e1n el jueves 28 de noviembre<\/strong> y se suelen prolongar durante el fin de semana. Aunque es cierto que ya durante las \u00faltimas semanas en <a data-voc-vtm-id=\"in-text-traffic\" href=\"https:\/\/www.mujerhoy.com\/moda\/no-te-pierdas\/basicos-elcorte-ingles-black-friday-descuentos-renovar-armario-invierno-20241111111449-nt.html\" data-mrf-link=\"https:\/\/www.mujerhoy.com\/moda\/no-te-pierdas\/basicos-elcorte-ingles-black-friday-descuentos-renovar-armario-invierno-20241111111449-nt.html\">El Corte Ingl\u00e9s han puesto bastantes descuentos en b\u00e1sicos y prendas de moda.<\/a> Aunque ser\u00e1 durante el Black Friday cuando veamos m\u00e1s ofertas. Tambi\u00e9n habr\u00e1 ofertas el lunes con el famoso Cibermonday.\n<\/p>\n<p> <!-- TOPICS --> <\/p>\n","protected":false},"excerpt":{"rendered":"<p>Noviembre es uno de nuestros meses favoritos por varios motivos. El primero, porque solo queda un mes para la \u00e9poca navide\u00f1a. Y el segundo, porque el \u00faltimo viernes del mes se celebra uno de los eventos m\u00e1s populares : el famoso Black Friday. Esto quiere decir que muchas firmas se unen a los descuentos m\u00e1s [&hellip;]<\/p>\n","protected":false},"author":1,"featured_media":88839,"comment_status":"closed","ping_status":"closed","sticky":false,"template":"","format":"standard","meta":[],"categories":[],"tags":[],"_links":{"self":[{"href":"http:\/\/hoycordobaweb.com\/index.php\/wp-json\/wp\/v2\/posts\/88838"}],"collection":[{"href":"http:\/\/hoycordobaweb.com\/index.php\/wp-json\/wp\/v2\/posts"}],"about":[{"href":"http:\/\/hoycordobaweb.com\/index.php\/wp-json\/wp\/v2\/types\/post"}],"author":[{"embeddable":true,"href":"http:\/\/hoycordobaweb.com\/index.php\/wp-json\/wp\/v2\/users\/1"}],"replies":[{"embeddable":true,"href":"http:\/\/hoycordobaweb.com\/index.php\/wp-json\/wp\/v2\/comments?post=88838"}],"version-history":[{"count":0,"href":"http:\/\/hoycordobaweb.com\/index.php\/wp-json\/wp\/v2\/posts\/88838\/revisions"}],"wp:featuredmedia":[{"embeddable":true,"href":"http:\/\/hoycordobaweb.com\/index.php\/wp-json\/wp\/v2\/media\/88839"}],"wp:attachment":[{"href":"http:\/\/hoycordobaweb.com\/index.php\/wp-json\/wp\/v2\/media?parent=88838"}],"wp:term":[{"taxonomy":"category","embeddable":true,"href":"http:\/\/hoycordobaweb.com\/index.php\/wp-json\/wp\/v2\/categories?post=88838"},{"taxonomy":"post_tag","embeddable":true,"href":"http:\/\/hoycordobaweb.com\/index.php\/wp-json\/wp\/v2\/tags?post=88838"}],"curies":[{"name":"wp","href":"https:\/\/api.w.org\/{rel}","templated":true}]}}