{"id":88654,"date":"2024-11-16T18:29:00","date_gmt":"2024-11-16T18:29:00","guid":{"rendered":"http:\/\/hoycordobaweb.com\/index.php\/2024\/11\/16\/guerra-en-ucrania-zelenski-quiere-terminar-el-conflicto-con-rusia-en-2025-y-por-medios-diplomaticos\/"},"modified":"2024-11-16T18:29:00","modified_gmt":"2024-11-16T18:29:00","slug":"guerra-en-ucrania-zelenski-quiere-terminar-el-conflicto-con-rusia-en-2025-y-por-medios-diplomaticos","status":"publish","type":"post","link":"http:\/\/hoycordobaweb.com\/index.php\/2024\/11\/16\/guerra-en-ucrania-zelenski-quiere-terminar-el-conflicto-con-rusia-en-2025-y-por-medios-diplomaticos\/","title":{"rendered":"Guerra en Ucrania: Zelenski quiere terminar el conflicto con Rusia en 2025 y \u00abpor medios diplom\u00e1ticos\u00bb"},"content":{"rendered":"<div class=\"media_block\"><\/div>\n<p>El presidente ucraniano, <a target=\"_blank\" href=\"https:\/\/noticias.perfil.com\/noticias\/internacionales\/ucrania-sin-paz.phtml\" rel=\"noopener noreferrer\"><strong>Volodimir&nbsp;Zelenski<\/strong><\/a>, afirm\u00f3 este s\u00e1bado que su deseo es <strong>que la guerra en su pa\u00eds termine en 2025 por \u00abmedios diplom\u00e1ticos\u00bb<\/strong>, aunque estim\u00f3 que su hom\u00f3logo ruso, <a target=\"_blank\" href=\"https:\/\/www.perfil.com\/noticias\/bloomberg\/bc-kremlin-desmiente-que-putin-y-trump-hayan-mantenido-una-conversacion-telefonica.phtml\" rel=\"noopener noreferrer\"><strong>Vladimir Putin<\/strong><\/a>, no busca la paz.<\/p>\n<p>El mandatario ucraniano tambi\u00e9n habl\u00f3 de la situaci\u00f3n \u00abrealmente complicada\u00bb en el frente este, d<strong>onde el ej\u00e9rcito ruso avanza r\u00e1pidamente ante las tropas de Kiev, menos numerosas y peor armadas.<\/strong><\/p>\n<p>\u00abDe nuestro lado, tenemos que hacer todo lo posible para que esta guerra termine el a\u00f1o que viene. Tenemos que acabar con ella por medios diplom\u00e1ticos\u00bb, declar\u00f3 en una entrevista a una radio ucraniana de acuerdo a la agencia internacional <em>AFP<\/em>.<\/p>\n<div class=\"subscription\" readability=\"6.683257918552\">\n<p> Esto no les gusta a los autoritarios <\/p>\n<div class=\"subscription__container\" readability=\"6.1467391304348\">\n<div class=\"subscription__text-wrapper\" readability=\"31.20652173913\">\n<p> El ejercicio del periodismo profesional y cr\u00edtico es un pilar fundamental de la democracia. Por eso molesta a quienes creen ser los due\u00f1os de la verdad. <\/p>\n<\/p><\/div><\/div><\/div>\n<p class=\"destacadoNota\"><a target=\"_blank\" href=\"https:\/\/www.perfil.com\/noticias\/internacional\/trump-prometio-a-zelenski-resolver-la-guerra-en-ucrania-en-caso-de-ganar-la-presidencia.phtml\" rel=\"noopener noreferrer\">Trump prometi\u00f3 a Zelenski \u00abresolver r\u00e1pidamente\u00bb la guerra en Ucrania en caso de ganar la presidencia<\/a><\/p>\n<div>\n<figure class=\"image\"><img alt=\"Vladimir Putin\" src=\"http:\/\/hoycordobaweb.com\/wp-content\/uploads\/2024\/11\/guerra-en-ucrania-zelenski-quiere-terminar-el-conflicto-con-rusia-en-2025-y-por-medios-diplomaticos-1.jpg\" loading=\"lazy\"><lt-highlighter contenteditable=\"false\" data-lt-linked=\"1\"><lt-div class=\"lt-highlighter__wrapper\" spellcheck=\"false\"><lt-div class=\"lt-highlighter__scroll-element\"><\/lt-div><\/lt-div><\/lt-highlighter><figcaption data-gramm=\"false\" data-lt-tmp-id=\"lt-875777\" spellcheck=\"false\">Vladimir Putin<\/figcaption><\/figure>\n<\/p><\/div>\n<p>Consultado por las condiciones necesarias para un inicio de las negociaciones,&nbsp;Zelenski&nbsp;estim\u00f3 que s\u00f3lo ser\u00eda posible si \u00abUcrania no est\u00e1 sola con Rusia\u00bb.<\/p>\n<p><strong>\u00abSi s\u00f3lo hablamos con Putin, s\u00f3lo con un asesino, y nos encontramos en las condiciones actuales, no reforzadas por varios elementos importantes, pienso que Ucrania empieza perdiendo en estas negociaciones\u00bb<\/strong>, dijo.<\/p>\n<p>En su opini\u00f3n, esto no llevar\u00eda a \u00abun final justo\u00bb de la guerra, desencadenada tras la invasi\u00f3n rusa de febrero de 2022.<\/p>\n<p class=\"destacadoNota\"><a target=\"_blank\" href=\"https:\/\/www.perfil.com\/noticias\/opinion\/persecucion-religiosa-en-ucrania.phtml\" rel=\"noopener noreferrer\">Persecuci\u00f3n religiosa en Ucrania<\/a><\/p>\n<h2>Ucrania, Donald Trump y el deseo de Putin de tomar nuevos territorios<\/h2>\n<p>Ucrania teme perder el apoyo de Estados Unidos, esencial para sus tropas en apuros en el frente, tras la victoria de <a target=\"_blank\" href=\"https:\/\/www.perfil.com\/noticias\/internacional\/cuando-asumira-donald-trump-la-presidencia-de-estados-unidos-y-como-sera-la-ceremonia.phtml\" rel=\"noopener noreferrer\"><strong>Donald Trump<\/strong><\/a> en las elecciones presidenciales.<\/p>\n<p>Este \u00faltimo ha criticado en repetidas ocasiones la ayuda prestada por su pa\u00eds a Kiev y ha afirmado poder resolver el conflicto en \u00ab24 horas\u00bb, sin decir c\u00f3mo.<\/p>\n<p>Vladimir Putin dijo el viernes al jefe del gobierno alem\u00e1n, Olaf Scholz, que un acuerdo de paz con Ucrania deber\u00eda tener en cuenta las <strong>\u00abnuevas realidades territoriales\u00bb<\/strong>, seg\u00fan el Kremlin.<\/p>\n<p>En su entrevista del s\u00e1bado,&nbsp;Zelenski&nbsp;consider\u00f3 que Putin s\u00f3lo buscaba salir de su \u00abaislamiento pol\u00edtico\u00bb hablando con los dirigentes pero que \u00abno quiere en absoluto la paz\u00bb, a\u00f1adi\u00f3.<\/p>\n<p>AFP \/ Gi<\/p>\n<p> <lt-toolbar contenteditable=\"false\" data-lt-adjust-appearance=\"true\" data-lt-force-appearance=\"light\"><lt-div class=\"lt-toolbar__wrapper lt-toolbar__wrapper--hide\"><lt-div class=\"lt-toolbar__status-icon lt-toolbar__status-icon--has-no-errors\" title><\/lt-div><lt-div class=\"lt-toolbar__premium-icon-dot\"><\/lt-div><\/lt-div><\/lt-toolbar> <\/p>\n","protected":false},"excerpt":{"rendered":"<p>El presidente ucraniano, Volodimir&nbsp;Zelenski, afirm\u00f3 este s\u00e1bado que su deseo es que la guerra en su pa\u00eds termine en 2025 por \u00abmedios diplom\u00e1ticos\u00bb, aunque estim\u00f3 que su hom\u00f3logo ruso, Vladimir Putin, no busca la paz. El mandatario ucraniano tambi\u00e9n habl\u00f3 de la situaci\u00f3n \u00abrealmente complicada\u00bb en el frente este, donde el ej\u00e9rcito ruso avanza r\u00e1pidamente [&hellip;]<\/p>\n","protected":false},"author":1,"featured_media":88655,"comment_status":"closed","ping_status":"closed","sticky":false,"template":"","format":"standard","meta":[],"categories":[19],"tags":[171,172,173,652],"_links":{"self":[{"href":"http:\/\/hoycordobaweb.com\/index.php\/wp-json\/wp\/v2\/posts\/88654"}],"collection":[{"href":"http:\/\/hoycordobaweb.com\/index.php\/wp-json\/wp\/v2\/posts"}],"about":[{"href":"http:\/\/hoycordobaweb.com\/index.php\/wp-json\/wp\/v2\/types\/post"}],"author":[{"embeddable":true,"href":"http:\/\/hoycordobaweb.com\/index.php\/wp-json\/wp\/v2\/users\/1"}],"replies":[{"embeddable":true,"href":"http:\/\/hoycordobaweb.com\/index.php\/wp-json\/wp\/v2\/comments?post=88654"}],"version-history":[{"count":0,"href":"http:\/\/hoycordobaweb.com\/index.php\/wp-json\/wp\/v2\/posts\/88654\/revisions"}],"wp:featuredmedia":[{"embeddable":true,"href":"http:\/\/hoycordobaweb.com\/index.php\/wp-json\/wp\/v2\/media\/88655"}],"wp:attachment":[{"href":"http:\/\/hoycordobaweb.com\/index.php\/wp-json\/wp\/v2\/media?parent=88654"}],"wp:term":[{"taxonomy":"category","embeddable":true,"href":"http:\/\/hoycordobaweb.com\/index.php\/wp-json\/wp\/v2\/categories?post=88654"},{"taxonomy":"post_tag","embeddable":true,"href":"http:\/\/hoycordobaweb.com\/index.php\/wp-json\/wp\/v2\/tags?post=88654"}],"curies":[{"name":"wp","href":"https:\/\/api.w.org\/{rel}","templated":true}]}}