{"id":8852,"date":"2020-12-31T12:30:17","date_gmt":"2020-12-31T12:30:17","guid":{"rendered":"https:\/\/www.trendencias.com\/belleza\/despidete-ano-estilo-elegancia-e-inspirate-area-para-decorar-tu-melena-cascada-strass"},"modified":"2020-12-31T12:30:17","modified_gmt":"2020-12-31T12:30:17","slug":"despidete-del-ano-con-estilo-y-elegancia-e-inspirate-en-area-para-decorar-tu-melena-con-una-cascada-de-strass","status":"publish","type":"post","link":"http:\/\/hoycordobaweb.com\/index.php\/2020\/12\/31\/despidete-del-ano-con-estilo-y-elegancia-e-inspirate-en-area-para-decorar-tu-melena-con-una-cascada-de-strass\/","title":{"rendered":"Desp\u00eddete del a\u00f1o con estilo y elegancia, e insp\u00edrate en Area para decorar tu melena con una cascada de strass"},"content":{"rendered":"<div readability=\"68.063229571984\">\n<p>Y as\u00ed, sin darnos cuenta, <strong>llegamos al final de este 2020<\/strong>. Un a\u00f1o muy loco, triste y dif\u00edcil. Esperamos el 2021 con ilusi\u00f3n y optimismo a sabiendas que el comienzo no ser\u00e1 f\u00e1cil. <a href=\"https:\/\/www.trendencias.com\/belleza\/estas-navidades-2020-quieres-vestir-tu-melena-brillo-estas-diademas-h-m-perfectas-para-ocasion\">Hoy queremos celebrar el cierre de esta \u00e9poca<\/a> por todo lo grande y lo hacemos inspir\u00e1ndonos en las <strong>propuestas de Area<\/strong> donde una <a href=\"https:\/\/www.trendencias.com\/belleza\/esta-nochevieja-damos-giro-completo-a-nuestro-pelo-estas-horquillas-cascada-uterque-bimba-lola-mango\">melena de strass cubre la cabeza de la modelo<\/a>. Nadie ha dicho que <strong>no podamos darlo todo esta noche<\/strong> -a sabiendas que no podremos salir de casa-, por eso <a href=\"https:\/\/www.trendencias.com\/belleza\/coleccion-horquillas-diademas-stradivarius-que-podrian-vestir-nuestra-melena-incluso-pasada-epoca-fiestas\">estos complementos podr\u00edan ayudarnos<\/a> a lograr un efecto parecido.<\/p>\n<p><!-- BREAK 1 --><\/p>\n<div class=\"article-asset article-asset-normal article-asset-center\">\n<div class=\"desvio-container\">\n<div class=\"desvio\">\n<div class=\"desvio-figure js-desvio-figure\"> <a href=\"https:\/\/www.trendencias.com\/belleza\/esta-nochevieja-damos-giro-completo-a-nuestro-pelo-estas-horquillas-cascada-uterque-bimba-lola-mango\"> <img alt=\"Esta Nochevieja damos un giro completo a nuestro pelo con estas horquillas en cascada de Uterq\u00fce, Bimba y Lola y Mango \" src=\"http:\/\/hoycordobaweb.com\/wp-content\/uploads\/2020\/12\/despidete-del-ano-con-estilo-y-elegancia-e-inspirate-en-area-para-decorar-tu-melena-con-una-cascada-de-strass.jpg\"> <\/a> <\/div><\/div><\/div>\n<\/div>\n<h2>Complementos repletos de brillo y fantas\u00eda<\/h2>\n<p>Ya sea para despedirnos de este 2020 con fantas\u00eda o empezar el a\u00f1o con un toque rompedor, estos complementos a base de cascadas de strass prometen no dejar indiferente a nadie. Ya sea en forma de horquilla, diadema o \u00abcorona\u00bb, las firmas low-cost no dudan en lanzar estos dise\u00f1os para que nuestros looks se eleven a lo m\u00e1s alto.<\/p>\n<p><!-- BREAK 2 --> <\/p>\n<div class=\"article-asset-image article-asset-normal article-asset-center\">\n<div class=\"asset-content\"> <img class=\"sf-lazy centro_sinmarco\" data-sf-srcset=\"http:\/\/hoycordobaweb.com\/wp-content\/uploads\/2020\/12\/despidete-del-ano-con-estilo-y-elegancia-e-inspirate-en-area-para-decorar-tu-melena-con-una-cascada-de-strass-1.jpg 450w, http:\/\/hoycordobaweb.com\/wp-content\/uploads\/2020\/12\/despidete-del-ano-con-estilo-y-elegancia-e-inspirate-en-area-para-decorar-tu-melena-con-una-cascada-de-strass-10.jpg 681w,http:\/\/hoycordobaweb.com\/wp-content\/uploads\/2020\/12\/despidete-del-ano-con-estilo-y-elegancia-e-inspirate-en-area-para-decorar-tu-melena-con-una-cascada-de-strass-11.jpg 1024w, http:\/\/hoycordobaweb.com\/wp-content\/uploads\/2020\/12\/despidete-del-ano-con-estilo-y-elegancia-e-inspirate-en-area-para-decorar-tu-melena-con-una-cascada-de-strass-12.jpg 1366w,\" data-sf-src=\"http:\/\/hoycordobaweb.com\/wp-content\/uploads\/2020\/12\/despidete-del-ano-con-estilo-y-elegancia-e-inspirate-en-area-para-decorar-tu-melena-con-una-cascada-de-strass-1.jpg\" alt=\"Melena Strass 01\"> <noscript><img alt=\"Melena Strass 01\" class=\"centro_sinmarco\" src=\"http:\/\/hoycordobaweb.com\/wp-content\/uploads\/2020\/12\/despidete-del-ano-con-estilo-y-elegancia-e-inspirate-en-area-para-decorar-tu-melena-con-una-cascada-de-strass-1.jpg\"><\/noscript> <\/div>\n<\/div>\n<p>&#8211; Pasador con strass de H&amp;M, <a href=\"https:\/\/www.trendencias.com\/redirect?url=https%3A%2F%2Fwww2.hm.com%2Fes_es%2Fproductpage.0951696001.html&amp;category=belleza\">17,99 euros<\/a>.<\/p>\n<p><!-- BREAK 3 --><!-- PIVOT START --><\/p>\n<div class=\"pivot-ecommerce-container\">\n<div class=\"pivot-ecommerce\" readability=\"4\">\n<div class=\"pivot-ecommerce-figure\"> <img alt=\"Pasador con cadenas largas de strass.\" src=\"http:\/\/hoycordobaweb.com\/wp-content\/uploads\/2020\/12\/despidete-del-ano-con-estilo-y-elegancia-e-inspirate-en-area-para-decorar-tu-melena-con-una-cascada-de-strass-2.jpg\"> <\/div>\n<div class=\"pivot-ecommerce-summary\" readability=\"4.6666666666667\">\n<p class=\"pivot-ecommerce-desc\">Pasador con cadenas largas de strass.<\/p>\n<\/p><\/div><\/div>\n<\/div>\n<p><!-- PIVOT END --><\/p>\n<div class=\"article-asset-image article-asset-normal article-asset-center\">\n<div class=\"asset-content\"> <img class=\"sf-lazy centro_sinmarco\" data-sf-srcset=\"http:\/\/hoycordobaweb.com\/wp-content\/uploads\/2020\/12\/despidete-del-ano-con-estilo-y-elegancia-e-inspirate-en-area-para-decorar-tu-melena-con-una-cascada-de-strass-3.jpg 450w, http:\/\/hoycordobaweb.com\/wp-content\/uploads\/2020\/12\/despidete-del-ano-con-estilo-y-elegancia-e-inspirate-en-area-para-decorar-tu-melena-con-una-cascada-de-strass-13.jpg 681w,http:\/\/hoycordobaweb.com\/wp-content\/uploads\/2020\/12\/despidete-del-ano-con-estilo-y-elegancia-e-inspirate-en-area-para-decorar-tu-melena-con-una-cascada-de-strass-14.jpg 1024w, http:\/\/hoycordobaweb.com\/wp-content\/uploads\/2020\/12\/despidete-del-ano-con-estilo-y-elegancia-e-inspirate-en-area-para-decorar-tu-melena-con-una-cascada-de-strass-15.jpg 1366w,\" data-sf-src=\"http:\/\/hoycordobaweb.com\/wp-content\/uploads\/2020\/12\/despidete-del-ano-con-estilo-y-elegancia-e-inspirate-en-area-para-decorar-tu-melena-con-una-cascada-de-strass-3.jpg\" alt=\"Melena Strass 07\"> <noscript><img alt=\"Melena Strass 07\" class=\"centro_sinmarco\" src=\"http:\/\/hoycordobaweb.com\/wp-content\/uploads\/2020\/12\/despidete-del-ano-con-estilo-y-elegancia-e-inspirate-en-area-para-decorar-tu-melena-con-una-cascada-de-strass-3.jpg\"><\/noscript> <\/div>\n<\/div>\n<p>&#8211; Diadema strass de Mango, <a href=\"https:\/\/shop.mango.com\/es\/mujer\/mas-accesorios-diademas-y-coleteros\/diadema-strass_77094409.html\">19,99 euros<\/a>.<\/p>\n<p><!-- BREAK 4 --><\/p>\n<div class=\"article-asset-image article-asset-normal article-asset-center\">\n<div class=\"asset-content\"> <img class=\"sf-lazy centro_sinmarco\" data-sf-srcset=\"http:\/\/hoycordobaweb.com\/wp-content\/uploads\/2020\/12\/despidete-del-ano-con-estilo-y-elegancia-e-inspirate-en-area-para-decorar-tu-melena-con-una-cascada-de-strass-4.jpg 450w, http:\/\/hoycordobaweb.com\/wp-content\/uploads\/2020\/12\/despidete-del-ano-con-estilo-y-elegancia-e-inspirate-en-area-para-decorar-tu-melena-con-una-cascada-de-strass-16.jpg 681w,http:\/\/hoycordobaweb.com\/wp-content\/uploads\/2020\/12\/despidete-del-ano-con-estilo-y-elegancia-e-inspirate-en-area-para-decorar-tu-melena-con-una-cascada-de-strass-17.jpg 1024w, http:\/\/hoycordobaweb.com\/wp-content\/uploads\/2020\/12\/despidete-del-ano-con-estilo-y-elegancia-e-inspirate-en-area-para-decorar-tu-melena-con-una-cascada-de-strass-18.jpg 1366w,\" data-sf-src=\"http:\/\/hoycordobaweb.com\/wp-content\/uploads\/2020\/12\/despidete-del-ano-con-estilo-y-elegancia-e-inspirate-en-area-para-decorar-tu-melena-con-una-cascada-de-strass-4.jpg\" alt=\"Melena Strass 03\"> <noscript><img alt=\"Melena Strass 03\" class=\"centro_sinmarco\" src=\"http:\/\/hoycordobaweb.com\/wp-content\/uploads\/2020\/12\/despidete-del-ano-con-estilo-y-elegancia-e-inspirate-en-area-para-decorar-tu-melena-con-una-cascada-de-strass-4.jpg\"><\/noscript> <\/div>\n<\/div>\n<p>&#8211; Accesorio con strass de H&amp;M, <a href=\"https:\/\/www.trendencias.com\/redirect?url=https%3A%2F%2Fwww2.hm.com%2Fes_es%2Fproductpage.0951729001.html&amp;category=belleza\">17,99 euros<\/a>.<\/p>\n<p><!-- BREAK 5 --><!-- PIVOT START --><\/p>\n<div class=\"pivot-ecommerce-container\">\n<div class=\"pivot-ecommerce\" readability=\"4.4166666666667\">\n<div class=\"pivot-ecommerce-figure\"> <img alt=\"Accesorio para el pelo de metal adornado con strass.\" src=\"http:\/\/hoycordobaweb.com\/wp-content\/uploads\/2020\/12\/despidete-del-ano-con-estilo-y-elegancia-e-inspirate-en-area-para-decorar-tu-melena-con-una-cascada-de-strass-5.jpg\"> <\/div>\n<div class=\"pivot-ecommerce-summary\" readability=\"5.1527777777778\">\n<p class=\"pivot-ecommerce-desc\">Accesorio para el pelo de metal adornado con strass.<\/p>\n<\/p><\/div><\/div>\n<\/div>\n<p><!-- PIVOT END --><\/p>\n<p>No sabemos c\u00f3mo ser\u00e1 este 2021 (esperemos que todo vaya a mejor), pero lo que s\u00ed que podemos asegurar es que nuestras jornadas pueden brillar con luz propia gracias a esta clase de complementos creados para triunfar.<\/p>\n<p><!-- BREAK 6 --><\/p>\n<div class=\"article-asset-image article-asset-normal article-asset-center\">\n<div class=\"asset-content\"> <img class=\"sf-lazy centro_sinmarco\" data-sf-srcset=\"http:\/\/hoycordobaweb.com\/wp-content\/uploads\/2020\/12\/despidete-del-ano-con-estilo-y-elegancia-e-inspirate-en-area-para-decorar-tu-melena-con-una-cascada-de-strass-6.jpg 450w, http:\/\/hoycordobaweb.com\/wp-content\/uploads\/2020\/12\/despidete-del-ano-con-estilo-y-elegancia-e-inspirate-en-area-para-decorar-tu-melena-con-una-cascada-de-strass-19.jpg 681w,http:\/\/hoycordobaweb.com\/wp-content\/uploads\/2020\/12\/despidete-del-ano-con-estilo-y-elegancia-e-inspirate-en-area-para-decorar-tu-melena-con-una-cascada-de-strass-20.jpg 1024w, http:\/\/hoycordobaweb.com\/wp-content\/uploads\/2020\/12\/despidete-del-ano-con-estilo-y-elegancia-e-inspirate-en-area-para-decorar-tu-melena-con-una-cascada-de-strass-21.jpg 1366w,\" data-sf-src=\"http:\/\/hoycordobaweb.com\/wp-content\/uploads\/2020\/12\/despidete-del-ano-con-estilo-y-elegancia-e-inspirate-en-area-para-decorar-tu-melena-con-una-cascada-de-strass-6.jpg\" alt=\"Melena Strass 04\"> <noscript><img alt=\"Melena Strass 04\" class=\"centro_sinmarco\" src=\"http:\/\/hoycordobaweb.com\/wp-content\/uploads\/2020\/12\/despidete-del-ano-con-estilo-y-elegancia-e-inspirate-en-area-para-decorar-tu-melena-con-una-cascada-de-strass-6.jpg\"><\/noscript> <\/div>\n<\/div>\n<p>&#8211; Horquilla con tiras de cristales en cascada de Bimba y Lola, <a href=\"https:\/\/www.bimbaylola.com\/es_es\/horquilla-cristales-plateada-211baho11-t1007#from_id=101215\">58 euros<\/a>.<\/p>\n<p><!-- BREAK 7 --><\/p>\n<div class=\"article-asset-image article-asset-normal article-asset-center\">\n<div class=\"asset-content\"> <img class=\"sf-lazy centro_sinmarco\" data-sf-srcset=\"http:\/\/hoycordobaweb.com\/wp-content\/uploads\/2020\/12\/despidete-del-ano-con-estilo-y-elegancia-e-inspirate-en-area-para-decorar-tu-melena-con-una-cascada-de-strass-7.jpg 450w, http:\/\/hoycordobaweb.com\/wp-content\/uploads\/2020\/12\/despidete-del-ano-con-estilo-y-elegancia-e-inspirate-en-area-para-decorar-tu-melena-con-una-cascada-de-strass-22.jpg 681w,http:\/\/hoycordobaweb.com\/wp-content\/uploads\/2020\/12\/despidete-del-ano-con-estilo-y-elegancia-e-inspirate-en-area-para-decorar-tu-melena-con-una-cascada-de-strass-23.jpg 1024w, http:\/\/hoycordobaweb.com\/wp-content\/uploads\/2020\/12\/despidete-del-ano-con-estilo-y-elegancia-e-inspirate-en-area-para-decorar-tu-melena-con-una-cascada-de-strass-24.jpg 1366w,\" data-sf-src=\"http:\/\/hoycordobaweb.com\/wp-content\/uploads\/2020\/12\/despidete-del-ano-con-estilo-y-elegancia-e-inspirate-en-area-para-decorar-tu-melena-con-una-cascada-de-strass-7.jpg\" alt=\"Melena Strass 08\"> <noscript><img alt=\"Melena Strass 08\" class=\"centro_sinmarco\" src=\"http:\/\/hoycordobaweb.com\/wp-content\/uploads\/2020\/12\/despidete-del-ano-con-estilo-y-elegancia-e-inspirate-en-area-para-decorar-tu-melena-con-una-cascada-de-strass-7.jpg\"><\/noscript> <\/div>\n<\/div>\n<p>&#8211; Diadema con strass de H&amp;M, <a href=\"https:\/\/www.trendencias.com\/redirect?url=https%3A%2F%2Fwww2.hm.com%2Fes_es%2Fproductpage.0951701002.html&amp;category=belleza\">14,99 euros<\/a>.<\/p>\n<p><!-- BREAK 8 --><!-- PIVOT START --><\/p>\n<div class=\"pivot-ecommerce-container\">\n<div class=\"pivot-ecommerce\" readability=\"5\">\n<div class=\"pivot-ecommerce-figure\"> <img alt=\"Diadema fina de metal con cadenas largas de strass que se prolongan por detr\u00e1s de las orejas.\" src=\"http:\/\/hoycordobaweb.com\/wp-content\/uploads\/2020\/12\/despidete-del-ano-con-estilo-y-elegancia-e-inspirate-en-area-para-decorar-tu-melena-con-una-cascada-de-strass-8.jpg\"> <\/div>\n<div class=\"pivot-ecommerce-summary\" readability=\"5.8333333333333\">\n<p class=\"pivot-ecommerce-desc\">Diadema fina de metal con cadenas largas de strass que se prolongan por detr\u00e1s de las orejas.<\/p>\n<\/p><\/div><\/div>\n<\/div>\n<p><!-- PIVOT END --><\/p>\n<p><em>Nota: algunos de los enlaces aqu\u00ed publicados son de afiliados. A pesar de ello, ninguno de los art\u00edculos mencionados han sido propuestos ni por las marcas ni por las tiendas, siendo su introducci\u00f3n una decisi\u00f3n \u00fanica del equipo de editores.<\/em><\/p>\n<p><!-- BREAK 9 --><\/p>\n<p>Foto principal | ImaxTree<\/p>\n<p>Fotos | Bimba y Lola, H&amp;M, Mango<\/p>\n<\/p><\/div>\n<div readability=\"22.905263157895\">\n<div class=\"article-social-share js-article-social-share m-in-links\" readability=\"27.503184713376\">\n<p> Compartir <q class=\"article-social-share-meta\"> Desp\u00eddete del a\u00f1o con estilo y elegancia, e insp\u00edrate en Area para decorar tu melena con una cascada de strass <\/q> <\/p>\n<\/p><\/div><\/div>\n","protected":false},"excerpt":{"rendered":"<p>Y as\u00ed, sin darnos cuenta, llegamos al final de este 2020. Un a\u00f1o muy loco, triste y dif\u00edcil. Esperamos el 2021 con ilusi\u00f3n y optimismo a sabiendas que el comienzo no ser\u00e1 f\u00e1cil. Hoy queremos celebrar el cierre de esta \u00e9poca por todo lo grande y lo hacemos inspir\u00e1ndonos en las propuestas de Area donde [&hellip;]<\/p>\n","protected":false},"author":1,"featured_media":8853,"comment_status":"closed","ping_status":"closed","sticky":false,"template":"","format":"standard","meta":[],"categories":[1],"tags":[],"_links":{"self":[{"href":"http:\/\/hoycordobaweb.com\/index.php\/wp-json\/wp\/v2\/posts\/8852"}],"collection":[{"href":"http:\/\/hoycordobaweb.com\/index.php\/wp-json\/wp\/v2\/posts"}],"about":[{"href":"http:\/\/hoycordobaweb.com\/index.php\/wp-json\/wp\/v2\/types\/post"}],"author":[{"embeddable":true,"href":"http:\/\/hoycordobaweb.com\/index.php\/wp-json\/wp\/v2\/users\/1"}],"replies":[{"embeddable":true,"href":"http:\/\/hoycordobaweb.com\/index.php\/wp-json\/wp\/v2\/comments?post=8852"}],"version-history":[{"count":0,"href":"http:\/\/hoycordobaweb.com\/index.php\/wp-json\/wp\/v2\/posts\/8852\/revisions"}],"wp:featuredmedia":[{"embeddable":true,"href":"http:\/\/hoycordobaweb.com\/index.php\/wp-json\/wp\/v2\/media\/8853"}],"wp:attachment":[{"href":"http:\/\/hoycordobaweb.com\/index.php\/wp-json\/wp\/v2\/media?parent=8852"}],"wp:term":[{"taxonomy":"category","embeddable":true,"href":"http:\/\/hoycordobaweb.com\/index.php\/wp-json\/wp\/v2\/categories?post=8852"},{"taxonomy":"post_tag","embeddable":true,"href":"http:\/\/hoycordobaweb.com\/index.php\/wp-json\/wp\/v2\/tags?post=8852"}],"curies":[{"name":"wp","href":"https:\/\/api.w.org\/{rel}","templated":true}]}}